{"id":435,"date":"2023-05-04T00:00:00","date_gmt":"2023-05-03T21:00:00","guid":{"rendered":"https:\/\/www.anofm.ro\/arges\/promovare-in-grad-profesional-inspector-superior-compartiment-economie-sociala\/"},"modified":"2023-05-04T00:00:00","modified_gmt":"2023-05-03T21:00:00","slug":"promovare-in-grad-profesional-inspector-superior-compartiment-economie-sociala","status":"publish","type":"post","link":"https:\/\/www.anofm.ro\/arges\/promovare-in-grad-profesional-inspector-superior-compartiment-economie-sociala\/","title":{"rendered":"Promovare in grad profesional inspector superior &#8211; Compartiment Economie Sociala"},"content":{"rendered":"<p class=\"MsoNormal\" style=\"text-align:center\" align=\"center\"><span>\u00a0\u00a0\u00a0\u00a0\u00a0\u00a0\u00a0\u00a0\u00a0\u00a0\u00a0\u00a0\u00a0\u00a0\u00a0\u00a0\u00a0\u00a0\u00a0\u00a0\u00a0\u00a0\u00a0\u00a0\u00a0\u00a0\u00a0\u00a0\u00a0\u00a0\u00a0\u00a0\u00a0\u00a0 \u00a0 \u00a0 \u00a0 \u00a0 \u00a0 \u00a0 \u00a0 \u00a0 \u00a0 \u00a0 \u00a0 \u00a0 \u00a0 \u00a0 \u00a0 \u00a0 \u00a0 \u00a0 \u00a0 \u00a0 \u00a0 \u00a0 \u00a0 \u00a0 \u00a0 \u00a0 \u00a0 \u00a0 \u00a0 \u00a0 \u00a0 \u00a0 \u00a0 \u00a0 \u00a0 \u00a0 \u00a0 \u00a0 \u00a0 <\/span>Nr.6302<span lang=\"RO\">\/AJOFM Arge\u015f\/04.05.2023<\/span><\/p>\n<p class=\"MsoNormal\" style=\"margin-left:-28.35pt\"><span>\u00a0\u00a0\u00a0\u00a0\u00a0\u00a0\u00a0 <\/span><\/p>\n<p class=\"MsoNormal\" style=\"margin-left:229.05pt;text-indent:22.95pt\"><span>\u00a0\u00a0 <\/span><b><span lang=\"RO\">ANUNT<\/span><\/b><\/p>\n<p class=\"MsoNormal\" style=\"margin-top:0in;margin-right:0in;margin-bottom:0in;margin-left:.5in;margin-bottom:.0001pt;line-height:normal\"><b><span lang=\"RO\">Agentia Judeteana<br \/>\npentru Ocuparea Fortei de Munca Arges <\/span><\/b><span lang=\"RO\">organizeaza <\/span><span lang=\"RO\">examen de promovare \u00een grad<br \/>\nprofesional \u00een data de <\/span><b><span lang=\"IT\">07.06.2023<br \/>\n&#8211; ora 10.00 &#8211; <\/span><\/b><b><span lang=\"RO\">proba scrisa<\/span><\/b><span lang=\"RO\"> \u015fi <b>09.06.2023 \u2013 orele 12<sup>00<\/sup> \u2013 interviul<\/b>, la sediul agen\u0163iei<span style=\"color:#0D0D0D\"> judetene din Pitesti, B-dul Republicii nr.11 <\/span>pentru<br \/>\npostul de<\/span><b><span> inspector, clasa I,<br \/>\ngradul profesional superior, gradatia 3 <\/span><\/b><span>\u2013 din cadrul<br \/>\nServiciului Analiza Pietei Muncii si Economie Sociala &#8211; Compartimentul Economie<br \/>\nSociala.<\/span><\/p>\n<table class=\"MsoNormalTable\" style=\"margin-left:5.25pt;border-collapse:collapse\" cellspacing=\"0\" cellpadding=\"0\" border=\"0\">\n<tbody>\n<tr>\n<td style=\"width:522.75pt;padding:.75pt .75pt .75pt .75pt\" width=\"697\">\n<p class=\"MsoNormal\" style=\"margin-top:1.5pt;margin-right:0in;margin-bottom:3.0pt;margin-left:0in;text-align:left;line-height:normal\" align=\"left\"><b><span><span>\u00a0\u00a0\u00a0\u00a0\u00a0\u00a0\u00a0\u00a0\u00a0 <\/span>Conditii de<br \/>\n  participare la examen:<\/span><\/b><\/p>\n<p class=\"MediumGrid21\" style=\"text-align:justify\"><span lang=\"RO\"><span>\u00a0 <\/span><span>\u00a0\u00a0\u00a0\u00a0\u00a0\u00a0\u00a0\u00a0<\/span><\/span><span style=\"font-size:11.0pt;color:black\" lang=\"RO\">a) s\u0103 aib\u0103 cel<br \/>\n  pu\u0163in 3 ani vechime \u00een gradul profesional al func\u0163iei publice din care<br \/>\n  promoveaz\u0103; <\/span><\/p>\n<p class=\"MediumGrid21\" style=\"text-align:justify\"><span style=\"font-size:11.0pt;color:black\" lang=\"RO\"><span>\u00a0\u00a0\u00a0\u00a0\u00a0\u00a0\u00a0 <\/span>b) s\u0103 fi ob\u0163inut cel putin <\/span><span style=\"font-size:11.0pt\">calificativul<br \/>\n  \u201ebine\u201c <\/span><span style=\"font-size:11.0pt;color:black\" lang=\"RO\">la evaluarea<span>\u00a0 <\/span>anual\u0103<span>\u00a0 <\/span>a performan\u0163elor individuale <\/span><span style=\"font-size:11.0pt\">, \u00een<br \/>\n  ultimii 2 ani de activitate;<\/span><span style=\"font-size:11.0pt;color:black\" lang=\"RO\"><\/span><\/p>\n<p class=\"MediumGrid21\" style=\"text-align:justify\"><span style=\"font-size:11.0pt;color:black\" lang=\"RO\"><span>\u00a0\u00a0\u00a0\u00a0\u00a0\u00a0\u00a0 <\/span>c<\/span><span style=\"font-size:11.0pt;color:black\">)<\/span><span style=\"font-size:11.0pt;color:black\" lang=\"RO\"> s\u0103<span>\u00a0 <\/span>nu<span>\u00a0 <\/span>aib\u0103<span>\u00a0<br \/>\n  <\/span>o<span>\u00a0 <\/span>sanc\u0163iune<\/span><span style=\"font-size:11.0pt\" lang=\"RO\"><span>\u00a0 <\/span>disciplinar\u0103 neradiat\u0103 \u00een condi\u0163iile<br \/>\n  prezentului cod ( (OUG 57\/2019).<\/span><\/p>\n<p class=\"MsoNormal\" style=\"margin:0in;margin-bottom:.0001pt;line-height:normal\"><span lang=\"RO\"><span>\u00a0\u00a0\u00a0\u00a0\u00a0\u00a0\u00a0\u00a0\u00a0 <\/span><b>Programul examenului:<\/b><span>\u00a0\u00a0\u00a0\u00a0 <\/span><\/span><\/p>\n<p class=\"MsoNormal\" style=\"margin-top:0in;margin-right:0in;margin-bottom:0in;margin-left:88.5pt;margin-bottom:.0001pt;line-height:normal\"><span lang=\"RO\">07.06.2023 \u2013 orele 10<sup>00<\/sup><br \/>\n  \u2013 proba scrisa<\/span><\/p>\n<p class=\"MsoNormal\" style=\"margin-top:0in;margin-right:0in;margin-bottom:0in;margin-left:88.5pt;margin-bottom:.0001pt;line-height:normal\"><span lang=\"RO\">09.06.2023 \u2013 orele 12<sup>00<\/sup><br \/>\n  \u2013 interviul<\/span><\/p>\n<p class=\"MsoNormal\" style=\"margin:0in;margin-bottom:.0001pt;text-align:left;line-height:normal\" align=\"left\"><b><span>\u00a0<\/span><\/b><\/p>\n<p class=\"MsoNormal\" style=\"margin:0in;margin-bottom:.0001pt;text-align:left;line-height:150%\" align=\"left\"><b><span lang=\"FR\"><span>\u00a0\u00a0\u00a0\u00a0\u00a0\u00a0\u00a0\u00a0\u00a0\u00a0 <\/span>BIBLIOGRAFIE-<br \/>\n  <\/span>pentru examenul de promovare in grad profesional \u2013 inspector superior la<\/b><\/p>\n<p class=\"MsoNormal\" style=\"margin:0in;margin-bottom:.0001pt;text-align:left;line-height:normal\" align=\"left\"><b><span>\u00a0\u00a0\u00a0\u00a0\u00a0\u00a0\u00a0\u00a0\u00a0\u00a0<br \/>\n  <\/span>Compartimentul Economie Sociala<\/b><\/p>\n<p class=\"MsoNormal\" style=\"margin-left:.5in;text-indent:19.8pt\"><span lang=\"FR\">1.Constitutia<br \/>\n  Romaniei, republicata;<\/span><\/p>\n<p class=\"MsoNormal\" style=\"margin-left:55.8pt\"><span lang=\"FR\">2.Titlul I si II ale partii a VI a din OUG<br \/>\n  nr.57\/2019 privind Codul administrativ, cu modificarile si completarile<br \/>\n  ulterioare;<\/span><\/p>\n<p class=\"MsoNormal\" style=\"margin-left:55.8pt\"><span lang=\"FR\">3. O.G. nr.137\/2000, privind prevenirea si<br \/>\n  sanctionarea tuturor formelor de discriminare, republicata, cu modificarile<br \/>\n  si completarile ulterioare; <\/span><\/p>\n<p class=\"MsoNormal\" style=\"margin-left:55.8pt\"><span lang=\"FR\">4.Legea nr.202\/2002, privind egalitatea de sanse<br \/>\n  si de tratament intre femei si barbati, republicata, cu modificarile si<br \/>\n  completarile ulterioare; <\/span><\/p>\n<p class=\"MsoNormal\" style=\"margin-left:55.8pt\"><span lang=\"FR\">5.Hotararea Guvernului nr.1610\/2006 privind<br \/>\n  Statutul Agentiei Nationale pentru Ocuparea Fortei de Munca, cu modificarile<br \/>\n  si completarile ulterioare;<\/span><\/p>\n<p class=\"MsoNormal\" style=\"margin-left:55.8pt\"><span lang=\"FR\">6.Legea nr.202\/2006, privind organizarea si<br \/>\n  functionarea Agentiei Nationale pentru Ocuparea Fortei de Munca, cu<br \/>\n  modificarile si completarile ulterioare; <\/span><\/p>\n<p class=\"MsoNormal\" style=\"margin-left:55.8pt\"><span lang=\"FR\">7.Legea nr.76\/2002 privind sistemul asigurarilor<br \/>\n  pentru somaj si stimularea ocuparii fortei de munca, cu modificarile si<br \/>\n  completarile ulterioare ;<\/span><\/p>\n<p class=\"MsoNormal\" style=\"margin-left:55.8pt\"><span lang=\"FR\">8.H.G.R nr.174\/2002 pentru aprobarea Normelor<br \/>\n  metodologice de aplicare a Legii nr.76\/2002 privind sistemul asigurarilor<br \/>\n  pentru somaj si stimularea ocuparii fortei de munca, cu modificarile si<br \/>\n  completarile ulterioare ;<\/span><\/p>\n<p class=\"MsoNormal\" style=\"margin-left:55.8pt\"><span lang=\"FR\">9.H.G.R. nr.377\/2002 pentru aprobarea<br \/>\n  Procedurilor privind accesul la masurile pentru stimularea ocuparii fortei de<br \/>\n  munca, modalitatile de finantare si instructiunile de implementare a<br \/>\n  acestora, cu modificarile si completarile ulterioare;<\/span><\/p>\n<p class=\"MsoNormal\" style=\"margin-left:.5in\"><span><span>\u00a0\u00a0\u00a0\u00a0<br \/>\n  <\/span>10.Legea nr.219\/2015 \u2013 privind economia sociala, cu <\/span><span lang=\"FR\">modificarile<br \/>\n  si completarile ulterioare\u00a0;<\/span><\/p>\n<p class=\"MsoNormal\" style=\"margin-left:.75in;text-indent:-.25in\"><span lang=\"FR\"><span>\u00a0\u00a0\u00a0\u00a0 <\/span>11.H.G nr.585\/2016, pentru aprobarea<br \/>\n  Normelor metodologice pentru aplicarea <\/span><span>Legii<span>\u00a0\u00a0\u00a0\u00a0\u00a0\u00a0\u00a0<br \/>\n  <\/span>nr.219\/2015 \u2013 privind economia sociala, modificata si completata;<\/span><\/p>\n<p class=\"MsoNormal\" style=\"margin:0in;margin-bottom:.0001pt;line-height:150%\"><span>\u00a0<\/span><\/p>\n<p class=\"MsoNormal\" style=\"margin:0in;margin-bottom:.0001pt;line-height:150%\"><b><span lang=\"FR\"><span>\u00a0\u00a0\u00a0\u00a0\u00a0\u00a0\u00a0\u00a0\u00a0\u00a0\u00a0\u00a0\u00a0\u00a0\u00a0\u00a0 <\/span>TEMATICA <\/span>pentru<br \/>\n  examenul de promovare in grad profesional \u2013 inspector superior<span>\u00a0 <\/span>la<span>\u00a0\u00a0\u00a0\u00a0\u00a0<br \/>\n  <\/span>Compartimentul Economie Sociala<\/b><\/p>\n<p class=\"MsoNormal\" style=\"margin-left:55.8pt\"><span lang=\"FR\">1.Constitutia Romaniei, republicata,Titlul I, II<br \/>\n  si III;<\/span><\/p>\n<p class=\"MsoNormal\" style=\"margin-left:55.8pt\"><span lang=\"FR\">2.Titlul I si II ale partii a VI a din OUG<br \/>\n  nr.57\/2019 privind Codul administrativ, cu modificarile si completarile<br \/>\n  ulterioare;<\/span><\/p>\n<p class=\"MsoNormal\" style=\"margin-left:55.8pt\"><span lang=\"FR\">3. O.G. nr.137\/2000, privind prevenirea si<br \/>\n  sanctionarea tuturor formelor de discriminare, republicata, cu modificarile<br \/>\n  si completarile ulterioare, de la art.1 la art.25; <\/span><\/p>\n<p class=\"MsoNormal\" style=\"margin-left:55.8pt\"><span lang=\"FR\">4.Legea nr.202\/2002, privind egalitatea de sanse<br \/>\n  si de tratament intre femei si barbati, republicata, cu modificarile si<br \/>\n  completarile ulterioare, de la art.1 la art.35; <\/span><\/p>\n<p class=\"MsoNormal\" style=\"margin-left:55.8pt\"><span lang=\"FR\">5.Hotararea Guvernului nr.1610\/2006 privind<br \/>\n  Statutul Agentiei Nationale pentru Ocuparea Fortei de Munca, cu modificarile<br \/>\n  si completarile ulterioare, de la art.1 la art.26; <\/span><\/p>\n<p class=\"MsoNormal\" style=\"margin-left:55.8pt\"><span lang=\"FR\">6.Legea nr.202\/2006, privind organizarea si<br \/>\n  functionarea Agentiei Nationale pentru Ocuparea Fortei de Munca, cu<br \/>\n  modificarile si completarile ulterioare, de la art.1 la art.38;<\/span><\/p>\n<p class=\"MsoNormal\" style=\"margin-left:55.8pt\"><span lang=\"FR\">7.Legea nr.76\/2002 privind sistemul asigurarilor<br \/>\n  pentru somaj si stimularea ocuparii fortei de munca, cu modificarile si<br \/>\n  completarile ulterioare, de la art.1 la art.85^2;<\/span><\/p>\n<p class=\"MsoNormal\" style=\"margin-left:55.8pt\"><span lang=\"FR\">8.H.G.R nr.174\/2002 pentru aprobarea Normelor<br \/>\n  metodologice de aplicare a Legii nr.76\/2002 privind sistemul asigurarilor<br \/>\n  pentru somaj si stimularea ocuparii fortei de munca, cu modificarile si<br \/>\n  completarile ulterioare, de la art.1 la art.60;<\/span><\/p>\n<p class=\"MsoNormal\" style=\"margin-left:55.8pt\"><span lang=\"FR\">9.H.G.R. nr.377\/2002 pentru aprobarea<br \/>\n  Procedurilor privind accesul la masurile pentru stimularea ocuparii fortei de<br \/>\n  munca, modalitatile de finantare si instructiunile de implementare a<br \/>\n  acestora, cu modificarile si completarile ulterioare, de la art.1 la art.108;<\/span><\/p>\n<p class=\"MsoNormal\" style=\"margin-left:.75in;text-indent:-.25in\"><span><span>\u00a0\u00a0\u00a0\u00a0 <\/span>10.Legea nr.219\/2015 \u2013 privind economia<br \/>\n  sociala, cu <\/span><span lang=\"FR\">modificarile si completarile ulterioare\u00a0de la<br \/>\n  art.2 la art.22;<\/span><\/p>\n<p class=\"MsoNormal\" style=\"margin-left:.75in;text-indent:-.25in\"><span lang=\"FR\"><span>\u00a0\u00a0\u00a0\u00a0 <\/span>11.H.G nr.585\/2016, pentru aprobarea<br \/>\n  Normelor metodologice pentru aplicarea <\/span><span>Legii<span>\u00a0\u00a0\u00a0\u00a0\u00a0\u00a0\u00a0<br \/>\n  <\/span>nr.219\/2015 \u2013 privind economia sociala, modificata si completata<\/span><span> <span lang=\"FR\">de la<br \/>\n  art.1 la<span>\u00a0 <\/span>art.<\/span><\/span><span>21.<\/span><\/p>\n<p class=\"MsoNormal\" style=\"margin-left:.75in;text-indent:-.25in\"><b><span><span>\u00a0 <\/span><\/span><\/b><span lang=\"RO\"><\/span><\/p>\n<\/td>\n<\/tr>\n<\/tbody>\n<\/table>\n<p class=\"MsoNormal\" style=\"margin-top:1.5pt;margin-right:0in;margin-bottom:3.0pt;margin-left:0in;text-align:left;line-height:normal\" align=\"left\"><b><span><span>\u00a0\u00a0\u00a0\u00a0\u00a0\u00a0\u00a0\u00a0\u00a0 <\/span>Cererea\u00a0 de<br \/>\ninscriere<\/span><\/b><span><\/span><\/p>\n<p class=\"MsoNormal\" style=\"margin-top:0in;margin-right:0in;margin-bottom:0in;margin-left:.5in;margin-bottom:.0001pt;line-height:18.0pt\"><span>Dosarele de \u00eenscriere la examen,<span>\u00a0 <\/span>se depun la sediul <\/span><span lang=\"RO\">Agentiei Judetene pentru Ocuparea Fortei de Munca Arges<\/span><span>,<b> <\/b>\u00een termen de 20 de zile de la data <\/span><span lang=\"RO\">afi\u015f\u0103rii anun\u0163ului ,<br \/>\nconform art 127 din<span>\u00a0 <\/span>H.G. nr.611\/2008<br \/>\npentru aprobarea normelor privind organizarea si dezvoltarea carierei<br \/>\nfunctionarilor publici, cu modific\u0103rile \u015fi complet\u0103rile ulterioare,<\/span><span> respectiv pana pe data de 23.05.2023, ora 16,30.<\/span><\/p>\n<p class=\"MsoNormal\" style=\"margin-left:0in;text-indent:.5in\"><b><span style=\"font-size:12.0pt;line-height:115%\" lang=\"RO\">Dosarul va contine in<br \/>\nmod obligatoriu :<\/span><\/b><\/p>\n<p class=\"MsoNormal\" style=\"margin-left:.5in\"><b><span style=\"font-size:12.0pt;line-height:115%\" lang=\"RO\">&#8211; <\/span><\/b><span style=\"font-size:12.0pt;line-height:115%\" lang=\"RO\">adeverinta eliberata de<br \/>\nCompartimentul Resurse Umane in vederea atestarii vechimii in gradul<br \/>\nprofesional din care se promoveaza ; <\/span><\/p>\n<p class=\"MsoNormal\" style=\"margin-left:.5in\"><span style=\"font-size:12.0pt;line-height:115%\" lang=\"RO\">&#8211; copie xerox<br \/>\ndupa rapoartele de evaluare a performantelor profesionale individuale din<br \/>\nultimii 2 ani de activitate;<\/span><\/p>\n<p class=\"MsoNormal\" style=\"margin-left:0in;text-indent:.5in\"><span style=\"font-size:12.0pt;line-height:115%\" lang=\"RO\">&#8211; formularul de inscriere la examen.<\/span><\/p>\n<p class=\"MsoNormal\" style=\"margin-left:.5in\"><span style=\"font-size:12.0pt;line-height:115%\" lang=\"RO\">&#8211; cazier<br \/>\nadministrativ sau declaratie pe propria raspundere ca persoana nu a fost<br \/>\nsanctionata sau nu are sanctiuni neradiate .<\/span><\/p>\n<p class=\"MsoNormal\" style=\"margin-left:.5in\"><span lang=\"RO\">Relatii suplimentare la tel. 0248\/222415 int.108 \u2013<br \/>\nCompartimentul Resurse Umane si Salarizare<span>\u00a0\u00a0<br \/>\n<\/span>Comunicare si Secretariatul Consiliului Consultativ.<\/span><b><span style=\"color:black\" lang=\"RO\"><span>\u00a0\u00a0\u00a0\u00a0\u00a0\u00a0\u00a0\u00a0\u00a0\u00a0\u00a0\u00a0 <\/span><\/span><\/b><b><span><\/span><\/b><\/p>\n<p class=\"MsoNormal\" style=\"margin-left:0in;text-indent:.5in\">\u00a0<\/p>\n<p class=\"MsoNormal\" style=\"margin-left:0in;text-indent:.5in\">Director executiv<\/p>\n<p class=\"MsoNormal\" style=\"margin-left:0in;text-align:left;text-indent:.5in\" align=\"left\">Badescu Nicolae<b><\/b><\/p>\n<p class=\"MsoNormal\" style=\"margin-left:0in;text-align:left\" align=\"left\"><b>\u00a0<\/b><\/p>\n<p class=\"MsoNormal\" style=\"margin-left:0in;text-align:left\" align=\"left\"><b><span>\u00a0\u00a0\u00a0\u00a0\u00a0\u00a0\u00a0\u00a0\u00a0\u00a0 <\/span><\/b>\u00centocmit,<span>\u00a0\u00a0\u00a0\u00a0\u00a0\u00a0\u00a0\u00a0\u00a0\u00a0\u00a0\u00a0\u00a0\u00a0\u00a0\u00a0\u00a0\u00a0\u00a0\u00a0\u00a0\u00a0\u00a0\u00a0\u00a0\u00a0\u00a0\u00a0\u00a0\u00a0\u00a0\u00a0\u00a0\u00a0\u00a0\u00a0\u00a0\u00a0\u00a0\u00a0\u00a0\u00a0\u00a0\u00a0\u00a0\u00a0\u00a0\u00a0\u00a0\u00a0\u00a0\u00a0\u00a0\u00a0\u00a0\u00a0\u00a0\u00a0\u00a0\u00a0\u00a0\u00a0\u00a0\u00a0\u00a0\u00a0 <\/span><\/p>\n<p class=\"MsoNormal\" style=\"margin-left:0in;text-align:left\" align=\"left\"><span>\u00a0\u00a0\u00a0\u00a0\u00a0\u00a0\u00a0\u00a0\u00a0\u00a0 <\/span>Ceausescu Teodora<\/p>\n<p class=\"MsoNormal\" style=\"margin-left:0in;text-align:left\" align=\"left\"><span>\u00a0\u00a0\u00a0\u00a0\u00a0\u00a0\u00a0\u00a0\u00a0\u00a0 <\/span>Consilier superior<\/p>\n<p class=\"MsoNormal\" style=\"margin-left:0in;text-align:left\" align=\"left\"><span>\u00a0\u00a0\u00a0\u00a0\u00a0\u00a0\u00a0\u00a0\u00a0\u00a0 <\/span>Compartiment<span>\u00a0 <\/span>Resurse Umane si Salarizare Comunicare si<br \/>\nSecretariatul Consiliului Consultativ<\/p>\n","protected":false},"excerpt":{"rendered":"<p>Promovare in grad profesional inspector superior &#8211; Compartiment Economie Sociala<\/p>\n","protected":false},"author":0,"featured_media":0,"comment_status":"closed","ping_status":"closed","sticky":false,"template":"","format":"standard","meta":{"footnotes":""},"categories":[7],"tags":[],"class_list":["post-435","post","type-post","status-publish","format-standard","hentry","category-cariera-profesionala"],"_links":{"self":[{"href":"https:\/\/www.anofm.ro\/arges\/wp-json\/wp\/v2\/posts\/435","targetHints":{"allow":["GET"]}}],"collection":[{"href":"https:\/\/www.anofm.ro\/arges\/wp-json\/wp\/v2\/posts"}],"about":[{"href":"https:\/\/www.anofm.ro\/arges\/wp-json\/wp\/v2\/types\/post"}],"replies":[{"embeddable":true,"href":"https:\/\/www.anofm.ro\/arges\/wp-json\/wp\/v2\/comments?post=435"}],"version-history":[{"count":0,"href":"https:\/\/www.anofm.ro\/arges\/wp-json\/wp\/v2\/posts\/435\/revisions"}],"wp:attachment":[{"href":"https:\/\/www.anofm.ro\/arges\/wp-json\/wp\/v2\/media?parent=435"}],"wp:term":[{"taxonomy":"category","embeddable":true,"href":"https:\/\/www.anofm.ro\/arges\/wp-json\/wp\/v2\/categories?post=435"},{"taxonomy":"post_tag","embeddable":true,"href":"https:\/\/www.anofm.ro\/arges\/wp-json\/wp\/v2\/tags?post=435"}],"curies":[{"name":"wp","href":"https:\/\/api.w.org\/{rel}","templated":true}]}}