{"id":432,"date":"2023-04-20T00:00:00","date_gmt":"2023-04-19T21:00:00","guid":{"rendered":"https:\/\/www.anofm.ro\/arges\/concurs-recrutare-inspector-clasa-i-grad-profesional-superior-id-415189-compartiment-eures\/"},"modified":"2023-04-20T00:00:00","modified_gmt":"2023-04-19T21:00:00","slug":"concurs-recrutare-inspector-clasa-i-grad-profesional-superior-id-415189-compartiment-eures","status":"publish","type":"post","link":"https:\/\/www.anofm.ro\/arges\/concurs-recrutare-inspector-clasa-i-grad-profesional-superior-id-415189-compartiment-eures\/","title":{"rendered":"Concurs recrutare &#8211; inspector clasa I grad profesional superior &#8211; ID 415189 &#8211; Compartiment EURES"},"content":{"rendered":"<p class=\"MsoNormal\" style=\"text-align:center\" align=\"center\"><span>\u00a0\u00a0\u00a0\u00a0\u00a0\u00a0\u00a0\u00a0\u00a0\u00a0\u00a0\u00a0\u00a0\u00a0\u00a0\u00a0\u00a0\u00a0\u00a0\u00a0\u00a0\u00a0\u00a0\u00a0\u00a0\u00a0\u00a0\u00a0\u00a0\u00a0\u00a0\u00a0\u00a0\u00a0\u00a0\u00a0\u00a0 <\/span><span>\u00a0\u00a0\u00a0\u00a0\u00a0\u00a0\u00a0\u00a0\u00a0\u00a0\u00a0\u00a0\u00a0\u00a0\u00a0\u00a0\u00a0\u00a0<\/span><span>\u00a0\u00a0\u00a0\u00a0<\/span><span>\u00a0<\/span><span>\u00a0<\/span>Nr. <span>5591 <\/span><span lang=\"RO\">\/AJOFM Arges\/ 20.04.2023<br \/><\/span><\/p>\n<p class=\"MsoNormal\" style=\"margin-left:3.0in;text-indent:.5in\"><b><span lang=\"FR\">\u00a0<\/span><\/b><\/p>\n<p class=\"MsoNormal\" style=\"margin-left:3.0in;text-indent:.5in\"><b><span lang=\"FR\">A N U N T<\/span><\/b><\/p>\n<p class=\"MsoNormal\" style=\"margin-left:56.7pt\"><span lang=\"FR\">Agentia Judeteana pentru Ocuparea Fortei de Munca Arges<br \/>\ncu sediul in Pitesti, B-dul Republicii, nr. 11, organizeaza<span>\u00a0 <\/span>concurs pentru ocuparea functiei publice de<br \/>\nexecutie vacante de <\/span><b><span lang=\"IT\">inspector, clasa I, grad profesional superior &#8211; ID 415189,<br \/>\n<\/span><\/b><span lang=\"IT\">din cadrul Compartimentului<br \/>\nEURES<\/span><span lang=\"IT\">,<\/span><b><span lang=\"IT\"> <\/span><\/b><span lang=\"FR\">in data de <b><span style=\"color:black\">25.05.2023<\/span><\/b><span style=\"color:black\">, ora 10.00<\/span><br \/>\n(proba scrisa), la sediul agentiei. <\/span><span lang=\"IT\"><\/span><\/p>\n<p class=\"MsoNormal\" style=\"margin-top:12.0pt;margin-right:0in;margin-bottom:6.0pt;margin-left:20.55pt;text-indent:.5in\"><b><span lang=\"FR\">Condi\u0163ii de participare (<br \/>\nstudii,vechimea in specialitatea studiilor, alte condi\u0163ii specifice):<\/span><\/b><\/p>\n<p class=\"MsoNormal\" style=\"margin-left:56.55pt\"><span lang=\"IT\">-preg\u0103tire de specialitate &#8211; studii universitare<br \/>\nde licen\u0163\u0103 absolvite cu diplom\u0103 de licen\u0163\u0103 sau echivalent\u0103;<\/span><\/p>\n<p class=\"MsoNormal\" style=\"margin-left:56.55pt\"><span lang=\"IT\">-vechime minim\u0103 \u00een specialitatea studiilor<br \/>\nnecesare exercit\u0103rii func\u0163iei publice: 7 ani;<\/span><\/p>\n<p class=\"MsoNormal\" style=\"margin-left:56.55pt\"><span lang=\"IT\">-s\u0103 \u00eendeplineasc\u0103 condi\u0163iile de ocupare a unei<br \/>\nfunc\u0163ii publice prev\u0103zute la art. 465 alin. (1) din Codul Administrativ, cu<br \/>\nexcep\u021bia avizului psihologic.<span style=\"color:black\"> <\/span><\/span><\/p>\n<p class=\"MsoNormal\" style=\"margin-left:56.55pt\"><span style=\"color:black\" lang=\"FR\">-cunoa\u0219terea unei limbi de circulatie internationala \u2013LIMBA<br \/>\nENGLEZA- nivel mediu \u2013 dovada expertizei se va face pe baza unor documente care<br \/>\ns\u0103 ateste de\u0163inerea competen\u0163elor respective, emise \u00een condi\u0163iile legii;<\/span><\/p>\n<p class=\"MsoNormal\" style=\"margin-left:56.55pt\"><span style=\"color:black\" lang=\"FR\">\u00censcrierile se fac \u00een termen de 20<br \/>\nzile de la data public\u0103rii anun\u0163ului pe site-ul institutiei, respectiv \u00een<br \/>\nperioada 20.04.2023 &#8211; 09.05.2023<\/span><b><span style=\"color:black\">.<\/span><\/b><span style=\"color:black\"><\/span><\/p>\n<p class=\"MsoNormal\" style=\"margin-left:56.55pt\"><span style=\"color:black\" lang=\"FR\">Informa\u021bii<br \/>\nsuplimentare se pot ob\u021bine la <\/span><span style=\"color:black\" lang=\"FR\">d-na Ceausescu Teodora &#8211; consilier superior la<\/span><span style=\"color:black\" lang=\"FR\"><br \/>\nCompartimentul<span>\u00a0 <\/span>Resurse Umane,<br \/>\nSalarizare, Comunicare \u0219i Secretariatul Consiliului Consultativ, <\/span><span style=\"color:black\" lang=\"FR\">Tel\/fax:0248.222.415,Tasta7\/0248.222.582,e-mail:<br \/>\n<a href=\"mailto:teodora.ceausescu.ag@anofm.gov.ro\">teodora.ceausescu.ag@anofm.gov.ro<\/a>.<\/span><\/p>\n<p class=\"MsoNormal\" style=\"margin-left:56.55pt\"><b><u><span lang=\"FR\">Dosarul de \u00eenscriere<\/span><\/u><\/b><span lang=\"FR\"> la concurs trebuie s\u0103 con\u0163in\u0103 \u00een mod obligatoriu documentele prev\u0103zute la<br \/>\nart. 49 din Hot\u0103r\u00e2rea Guvernului nr. 611\/2008, cu modific\u0103rile \u0219i complet\u0103rile<br \/>\nulterioare:<\/span><\/p>\n<p class=\"MsoNormal\" style=\"margin-left:56.55pt\"><span lang=\"FR\">a) formularul de \u00eenscriere \u2013 (<\/span><span lang=\"RO\">se pune la dispozi\u0163ie candida\u0163ilor de c\u0103tre<br \/>\ninstitu\u0163ia public\u0103 <span>\u00a0<\/span>organizatoare a<br \/>\nconcursului din oficiu)<\/span><span lang=\"FR\">;<\/span><\/p>\n<p class=\"MsoNormal\" style=\"margin-left:13.05pt;text-indent:.5in\"><span lang=\"FR\"><span>\u00a0 <\/span>b)<br \/>\ncurriculum vitae, modelul comun european; <\/span><\/p>\n<p class=\"MsoNormal\" style=\"margin-left:13.05pt;text-indent:.5in\"><span lang=\"FR\"><span>\u00a0 <\/span>c) copia<br \/>\nactului de identitate;<\/span><\/p>\n<p class=\"MsoNormal\" style=\"margin-left:49.05pt\"><span lang=\"FR\"><span>\u00a0 <\/span>d) <\/span><span>copii ale diplomelor de studii, certificatelor \u015fi altor documente care<br \/>\natest\u0103 de\u021binerea <span>\u00a0<\/span>competen\u021belor<br \/>\nsolicitate, emise \u00een condi\u021biile legii<\/span><span lang=\"FR\">;<\/span><\/p>\n<p class=\"MsoNormal\" style=\"margin-left:56.55pt\"><span lang=\"FR\">e) copia carnetului de munc\u0103 \u015fi dup\u0103 caz, a adeverin\u0163ei eliberate de<br \/>\nangajator pentru perioada lucrat\u0103, care s\u0103 ateste vechimea \u00een munc\u0103 \u015fi, dup\u0103<br \/>\ncaz, \u00een specialitatea studiilor necesare ocup\u0103rii func\u0163iei publice; <br \/><\/span><\/p>\n<p class=\"MsoNormal\" style=\"margin-left:56.55pt\"><span lang=\"FR\">f) copia adeverin\u0163ei care atest\u0103 starea de s\u0103n\u0103tate corespunz\u0103toare,<br \/>\neliberat\u0103 cu cel mult 6 luni anterior derul\u0103rii concursului de c\u0103tre medicul de<br \/>\nfamilie al candidatului (<\/span><span lang=\"RO\">adeverin\u0163a care atest\u0103 <\/span><\/p>\n<p class=\"MsoNormal\" style=\"margin-left:56.55pt\"><span lang=\"RO\">starea de s\u0103n\u0103tate con\u0163ine, \u00een clar,<br \/>\nnum\u0103rul, data, numele emitentului \u015fi calitatea acestuia, \u00een <span>\u00a0\u00a0<\/span>formatul standard stabilit de Ministerul<br \/>\nS\u0103n\u0103t\u0103\u0163ii Publice<\/span><span lang=\"FR\">);<\/span><\/p>\n<p class=\"MsoNormal\" style=\"margin-left:55.8pt\"><span lang=\"FR\">g) <\/span><span>cazierul judiciar <\/span><span>( acesta poate fi \u00eenlocuit cu o<br \/>\ndeclara\u0163ie pe propria r\u0103spundere. \u00cen acest caz, candidatul declarat admis la<br \/>\nselec\u0163ia dosarelor are obliga\u0163ia de a completa dosarul de concurs cu originalul<br \/>\ndocumentului pe tot parcursul desf\u0103\u015fur\u0103rii concursului, dar nu mai t\u00e2rziu de<br \/>\ndata \u015fi ora organiz\u0103rii interviului, sub sanc\u0163iunea neemiterii actului<br \/>\nadministrativ de numire)<\/span><span>;<\/span><span> <span lang=\"RO\"><\/span><\/span><\/p>\n<p class=\"MsoNormal\" style=\"margin-left:55.8pt;text-indent:.75pt\"><span lang=\"FR\">h) declara\u0163ia pe propria r\u0103spundere sau adeverin\u0163a<br \/>\ncare s\u0103 ateste calitatea sau lipsa calit\u0103\u0163ii de lucr\u0103tor al Securit\u0103\u0163ii sau<br \/>\ncolaborator al acesteia.<\/span><\/p>\n<p class=\"MsoNormal\" style=\"margin-left:55.8pt;text-indent:.75pt\"><span lang=\"FR\">Copiile de pe actele prev\u0103zute mai sus se prezint\u0103<br \/>\n\u00een copii legalizate sau \u00eenso\u0163ite de documentele originale, care se certific\u0103<br \/>\npentru conformitatea cu originalul de c\u0103tre secretarul comisiei de concurs.<\/span><\/p>\n<p class=\"MsoNormal\" style=\"margin-left:.5in;text-indent:19.8pt\"><u><span lang=\"FR\">Bibliografia <\/span><\/u><u><span lang=\"FR\">pentru <\/span><\/u><u><span lang=\"IT\">inspector grad profesional superior din<br \/>\ncadrul Compartimentului EURES<\/span><\/u><span lang=\"FR\"> <\/span><\/p>\n<p class=\"MsoNormal\" style=\"margin-left:.5in;text-indent:19.8pt\"><span lang=\"FR\">1.Constitutia Romaniei,<br \/>\nrepublicata;<\/span><\/p>\n<p class=\"MsoNormal\" style=\"margin-left:55.8pt;text-align:left\" align=\"left\"><span lang=\"FR\">2.Titlul I si<br \/>\nII ale partii a VI a din OUG nr.57\/2019 privind Codul administrativ, cu<br \/>\nmodificarile si completarile ulterioare;<\/span><\/p>\n<p class=\"MsoNormal\" style=\"margin-left:55.8pt;text-align:left\" align=\"left\"><span lang=\"FR\">3. O.G.<br \/>\nnr.137\/2000, privind prevenirea si sanctionarea tuturor formelor de discriminare,<br \/>\nrepublicata, cu modificarile si completarile ulterioare; <\/span><\/p>\n<p class=\"MsoNormal\" style=\"margin-left:55.8pt;text-align:left\" align=\"left\"><span lang=\"FR\">4.Legea<br \/>\nnr.202\/2002, privind egalitatea de sanse si de tratament intre femei si<br \/>\nbarbati, republicata, cu modificarile si completarile ulterioare; <\/span><\/p>\n<p class=\"MsoNormal\" style=\"margin-left:55.8pt;text-align:left\" align=\"left\"><span lang=\"FR\">5.Hotararea<br \/>\nGuvernului nr.1610\/2006 privind Statutul Agentiei Nationale pentru Ocuparea<br \/>\nFortei de Munca, cu modificarile si completarile ulterioare;<\/span><\/p>\n<p class=\"MsoNormal\" style=\"margin-left:55.8pt;text-align:left\" align=\"left\"><span lang=\"FR\">6.Legea<br \/>\nnr.202\/2006, privind organizarea si functionarea Agentiei Nationale pentru<br \/>\nOcuparea Fortei de Munca, cu modificarile si completarile ulterioare; <\/span><\/p>\n<p class=\"MsoNormal\" style=\"margin-left:55.8pt;text-align:left\" align=\"left\"><span lang=\"FR\">7.Legea<br \/>\nnr.76\/2002 privind sistemul asigurarilor pentru somaj si stimularea ocuparii<br \/>\nfortei de munca, cu modificarile si completarile ulterioare ;<\/span><\/p>\n<p class=\"MsoNormal\" style=\"margin-left:55.8pt;text-align:left\" align=\"left\"><span lang=\"FR\">8.H.G.R<br \/>\nnr.174\/2002 pentru aprobarea Normelor metodologice de aplicare a Legii<br \/>\nnr.76\/2002 privind sistemul asigurarilor pentru somaj si stimularea ocuparii<br \/>\nfortei de munca, cu modificarile si completarile ulterioare ;<\/span><\/p>\n<p class=\"MsoNormal\" style=\"margin-left:55.8pt;text-align:left\" align=\"left\"><span lang=\"FR\"><\/span><span lang=\"FR\">9.H.G.R.<br \/>\nnr.377\/2002 pentru aprobarea Procedurilor privind accesul la masurile pentru<br \/>\nstimularea ocuparii fortei de munca, modalitatile de finantare si<br \/>\ninstructiunile de implementare a acestora, cu modificarile si completarile<br \/>\nulterioare;<\/span><span><br \/><\/span><\/p>\n<p class=\"MsoNormal\" style=\"margin-left:55.8pt;text-align:left\" align=\"left\"><span>10.<\/span><span>O.G. nr. 22 din 27 august 2019 privind<br \/>\nstabilirea unor m\u0103suri pentru aplicarea Regulamentului (UE) nr. 589\/2016<br \/>\nprivind o re\u0163ea european\u0103 de servicii de ocupare a for\u0163ei de munc\u0103 (EURES), <\/span>accesul<br \/>\nlucr\u0103torilor la servicii de mobilitate \u015fi integrarea mai bun\u0103 a pie\u0163elor for\u0163ei<br \/>\nde munc\u0103 \u015fi de modificare a Regulamentelor (UE) nr.492\/2011 \u015fi nr. 1296\/2013<span>;<\/span><\/p>\n<p class=\"MsoNormal\" style=\"margin-left:53.25pt\"><span>11. <\/span><span>REGULAMENTUL (UE) 2016\/589 AL PARLAMENTULUI<br \/>\nEUROPEAN \u0218I AL CONSILIULUI din 13 aprilie 2016<\/span> privind o re\u021bea european\u0103<br \/>\nde servicii de ocupare a for\u021bei de munc\u0103 (EURES), accesul lucr\u0103torilor la<br \/>\nservicii de mobilitate \u0219i integrarea mai bun\u0103 a pie\u021belor for\u021bei de munc\u0103 \u0219i de<br \/>\nmodificare a Regulamentelor (UE) nr. 492\/2011 \u0219i (UE) nr. 1296\/2013;<span><\/span><\/p>\n<p class=\"MsoNormal\" style=\"margin-left:53.25pt\"><span lang=\"FR\">12.<\/span><span> REGULAMENTUL (UE)<br \/>\n2019\/1149 AL PARLAMENTULUI EUROPEAN \u0218I AL CONSILIULUI din 20 iunie 2019 <\/span>de<br \/>\ninstituire a unei Autorit\u0103\u021bi Europene a Muncii, de modificare a Regulamentului<br \/>\n(CE) nr. 883\/2004, a Regulamentului (UE) nr. 492\/2011 \u0219i a Regulamentului (UE)<br \/>\n2016\/589 \u0219i de abrogare a Deciziei (UE) 2016\/344.<\/p>\n<p class=\"MsoNormal\" style=\"margin-left:53.25pt\"><span lang=\"FR\">\u00a0<\/span><\/p>\n<p class=\"MsoNormal\" style=\"margin-left:55.8pt\"><u><span lang=\"FR\">Tematica \u2013 pentru <\/span><\/u><u><span lang=\"IT\">inspector grad profesional superior din<br \/>\ncadrul Compartimentului EURES<\/span><\/u><span lang=\"FR\"><\/span><\/p>\n<p class=\"MsoNormal\" style=\"margin-left:55.8pt\"><span lang=\"FR\">1.Constitutia Romaniei, republicata,Titlul I, II si<br \/>\nIII;<\/span><\/p>\n<p class=\"MsoNormal\" style=\"margin-left:55.8pt;text-align:left\" align=\"left\"><span lang=\"FR\">2.Titlul I si<br \/>\nII ale partii a VI a din OUG nr.57\/2019 privind Codul administrativ, cu<br \/>\nmodificarile si completarile ulterioare;<\/span><\/p>\n<p class=\"MsoNormal\" style=\"margin-left:55.8pt;text-align:left\" align=\"left\"><span lang=\"FR\">3. O.G.<br \/>\nnr.137\/2000, privind prevenirea si sanctionarea tuturor formelor de<br \/>\ndiscriminare, republicata, cu modificarile si completarile ulterioare, de la<br \/>\nart.1 la art.25; <\/span><\/p>\n<p class=\"MsoNormal\" style=\"margin-left:55.8pt;text-align:left\" align=\"left\"><span lang=\"FR\">4.Legea<br \/>\nnr.202\/2002, privind egalitatea de sanse si de tratament intre femei si<br \/>\nbarbati, republicata, cu modificarile si completarile ulterioare, de la art.1 la<br \/>\nart.35; <\/span><\/p>\n<p class=\"MsoNormal\" style=\"margin-left:55.8pt;text-align:left\" align=\"left\"><span lang=\"FR\">5.Hotararea<br \/>\nGuvernului nr.1610\/2006 privind Statutul Agentiei Nationale pentru Ocuparea<br \/>\nFortei de Munca, cu modificarile si completarile ulterioare, de la art.1 la<br \/>\nart.26; <\/span><\/p>\n<p class=\"MsoNormal\" style=\"margin-left:55.8pt;text-align:left\" align=\"left\"><span lang=\"FR\">6.Legea<br \/>\nnr.202\/2006, privind organizarea si functionarea Agentiei Nationale pentru<br \/>\nOcuparea Fortei de Munca, cu modificarile si completarile ulterioare, de la<br \/>\nart.1 la art.38;<\/span><\/p>\n<p class=\"MsoNormal\" style=\"margin-left:55.8pt;text-align:left\" align=\"left\"><span lang=\"FR\">7.Legea<br \/>\nnr.76\/2002 privind sistemul asigurarilor pentru somaj si stimularea ocuparii<br \/>\nfortei de munca, cu modificarile si completarile ulterioare, de la art.1 la<br \/>\nart.85^2;<\/span><\/p>\n<p class=\"MsoNormal\" style=\"margin-left:55.8pt;text-align:left\" align=\"left\"><span lang=\"FR\">8.H.G.R<br \/>\nnr.174\/2002 pentru aprobarea Normelor metodologice de aplicare a Legii<br \/>\nnr.76\/2002 privind sistemul asigurarilor pentru somaj si stimularea ocuparii<br \/>\nfortei de munca, cu modificarile si completarile ulterioare , de la art.1 la<br \/>\nart.60;<\/span><\/p>\n<p class=\"MsoNormal\" style=\"margin-left:55.8pt;text-align:left\" align=\"left\"><span lang=\"FR\">9.H.G.R.<br \/>\nnr.377\/2002 pentru aprobarea Procedurilor privind accesul la masurile pentru<br \/>\nstimularea ocuparii fortei de munca, modalitatile de finantare si<br \/>\ninstructiunile de implementare a acestora, cu modificarile si completarile<br \/>\nulterioare, de la art.1 la art.108;<\/span><\/p>\n<p class=\"MsoNormal\" style=\"margin-left:53.25pt\"><span><span>\u00a0<\/span>10.<\/span><span>O.G. nr. 22 din 27 august 2019 privind stabilirea unor m\u0103suri pentru<br \/>\naplicarea Regulamentului (UE) nr. 589\/2016 privind o re\u0163ea european\u0103 de<br \/>\nservicii de ocupare a for\u0163ei de munc\u0103 (EURES),<\/span>accesul lucr\u0103torilor la servicii de mobilitate \u015fi<br \/>\nintegrarea mai bun\u0103 a pie\u0163elor for\u0163ei de munc\u0103 \u015fi de modificare a<br \/>\nRegulamentelor (UE) nr.492\/2011 \u015fi nr. 1296\/2013,<span> <span lang=\"FR\">de la art.1 la art.12<\/span><\/span><span>;<\/span><\/p>\n<p class=\"MsoNormal\" style=\"margin-left:53.25pt\"><span>11.<\/span><span>REGULAMENTUL (UE) 2016\/589 AL PARLAMENTULUI<br \/>\nEUROPEAN \u0218I AL CONSILIULUI din 13 aprilie 2016<\/span> privind o re\u021bea european\u0103<br \/>\nde servicii de ocupare a for\u021bei de munc\u0103 (EURES), accesul lucr\u0103torilor la<br \/>\nservicii de mobilitate \u0219i integrarea mai bun\u0103 a pie\u021belor for\u021bei de munc\u0103 \u0219i de<br \/>\nmodificare a Regulamentelor (UE) nr. 492\/2011 \u0219i (UE) nr. 1296\/2013,<span> <span lang=\"FR\">Capitolul<br \/>\nI, II, III,IV si V\u00a0;<\/span><\/span><\/p>\n<p class=\"MsoNormal\" style=\"margin-left:53.25pt\"><span lang=\"FR\">12.<\/span><span> REGULAMENTUL (UE)<br \/>\n2019\/1149 AL PARLAMENTULUI EUROPEAN \u0218I AL CONSILIULUI din 20 iunie 2019 <\/span>de<br \/>\ninstituire a unei Autorit\u0103\u021bi Europene a Muncii, de modificare a Regulamentului<br \/>\n(CE) nr. 883\/2004, a Regulamentului (UE) nr. 492\/2011 \u0219i a Regulamentului (UE)<br \/>\n2016\/589 \u0219i de abrogare a Deciziei (UE) 2016\/344, <span lang=\"FR\">Capitolul I, II, III si<br \/>\nV<\/span>.<span lang=\"FR\"><\/span><\/p>\n<p class=\"MsoNormal\" style=\"margin-left:55.8pt;text-align:left\" align=\"left\"><span lang=\"FR\">\u00a0<\/span><\/p>\n<p class=\"MsoNormal\" style=\"margin-left:17.25pt;text-indent:.5in\"><span lang=\"FR\">Atributiile postului :<\/span><\/p>\n<p class=\"MsoNormal\" style=\"margin-left:17.25pt;text-indent:.5in\"><span lang=\"ES\">Compartimentul EURES <\/span><span lang=\"EN-GB\">are \u00een principal<br \/>\nurm\u0103toarele atribu\u0163ii:<\/span><\/p>\n<p class=\"MsoNormal\"><span lang=\"ES\">1.realizeaz\u0103 activitatea de informare, consiliere<br \/>\n\u015fi mediere privind \u00eencadrarea \u00een munc\u0103 \u00een<span>\u00a0\u00a0<br \/>\n<\/span>str\u0103in\u0103tate.<\/span><\/p>\n<p class=\"MsoNormal\"><span lang=\"ES\">2.<\/span><span lang=\"IT\">o<\/span><span lang=\"ES\">fer\u0103 informa\u0163ii asupra condi\u0163iilor de munc\u0103 \u015fi de<br \/>\nviat\u0103 din t\u0103rile SEE celor dou\u0103 mari categorii de clien\u0163i:<\/span><span lang=\"RO\"> c\u0103ut\u0103tori de locuri de<br \/>\nmunc\u0103 \u015fi angajatori, precum \u015fi celorlal\u0163i parteneri de pe pia\u0163a european\u0103 a<br \/>\nmuncii;<\/span><\/p>\n<p class=\"MsoNormal\"><span lang=\"ES\">3.promoveaz\u0103 EURES \u00een r\u00e2ndul angajatorilor, al c\u0103ut\u0103torilor de locuri de<br \/>\nmunc\u0103,<span>\u00a0 <\/span>al organiza\u0163iilor partenere \u015fi a<br \/>\naltor grupuri tint\u0103;<\/span><span lang=\"RO\"><\/span><\/p>\n<p class=\"MsoNormal\"><span lang=\"ES\">4.ofer\u0103 informa\u0163ii referitoare la securitatea social\u0103 a lucr\u0103torilor<br \/>\nmigran\u0163i;<\/span><\/p>\n<p class=\"MsoNormal\"><span lang=\"ES\">5.ofer\u0103 informa\u0163ii referitoare la pia\u0163a na\u0163ional\u0103\/regional\u0103 a muncii;<\/span><\/p>\n<p class=\"MsoNormal\"><span lang=\"ES\">6.ofer\u0103 informa\u0163ii referitoare la obstacolele ce intervin \u00een mobilitatea<br \/>\nfor\u0163ei de munc\u0103 \u015fi furnizeaz\u0103 sugestii pentru \u00eenl\u0103turarea acestora;<\/span><\/p>\n<p class=\"MsoNormal\"><span lang=\"ES\">7.ofer\u0103 informa\u0163ii referitoare la lipsurile sau surplusurile pentru anumite<br \/>\ncalific\u0103ri existente la un moment dat pe pia\u0163a muncii;<\/span><\/p>\n<p class=\"MsoNormal\"><span lang=\"ES\">8.monitorizeaz\u0103 locurile de munc\u0103 vacante destinate recrutarii<br \/>\ninterna\u0163ionale;<\/span><\/p>\n<p class=\"MsoNormal\"><span lang=\"ES\">9.ofer\u0103<span>\u00a0 <\/span>asisten\u0163\u0103 c\u0103ut\u0103torilor de<br \/>\nlocuri de munc\u0103 \u00een g\u0103sirea unui loc de munc\u0103;<\/span><\/p>\n<p class=\"MsoNormal\"><span lang=\"ES\">10.<\/span><span lang=\"FR\">promoveaz\u0103 EURES \u00een r\u00e2ndul personalului propriu al Agen\u0163iei Jude\u0163ene pentru<br \/>\nOcuparea Fortei de Munca Arge\u015f;<\/span><\/p>\n<p class=\"MsoNormal\"><span lang=\"FR\">11.ofer\u0103<span>\u00a0 <\/span>asisten\u0163\u0103 colegilor prin<br \/>\ninform\u0103ri\/instruiri;<\/span><\/p>\n<p class=\"MsoNormal\"><span lang=\"FR\">12.disemineaz\u0103 cele mai bune practici \u015fi promoveaz\u0103 o atitudine deschisa \u00een<br \/>\noferirea de sfaturi\/\u00eendrum\u0103ri at\u00e2t caut\u0103torilor de locuri de munc\u0103 care ies,<br \/>\nprin plasare, din baza de date EURES, c\u00e2t \u015fi celor nou intra\u0163i \u00een baza de date;<\/span><\/p>\n<p class=\"MsoNormal\"><span lang=\"FR\">\u00a013.acord\u0103 \u00eendrumare \u00een probleme de legisla\u0163ie, fiscalitate, securitate<br \/>\nsocial\u0103 oferit\u0103 c\u0103ut\u0103torilor de locuri de munc\u0103 \u015fi angajatorilor care doresc s\u0103<br \/>\nangajeze lucr\u0103tori migran\u0163i\u00a0;<\/span><\/p>\n<p class=\"MsoNormal\"><span lang=\"FR\">14.coopereaz\u0103 cu alte structuri \u015fi initiative locale care vizeaz\u0103 ocuparea;<\/span><\/p>\n<p class=\"MsoNormal\"><span lang=\"FR\">15.coordoneaz\u0103 re\u0163eaua<span>\u00a0 <\/span>jude\u0163ean\u0103 a<br \/>\nasisten\u0163ilor EURES; <\/span><\/p>\n<p class=\"MsoNormal\"><span lang=\"FR\">16.propune ac\u0163iuni \u015fi are ini\u0163iative pentru realizarea Planului Na\u0163ional de<br \/>\nActivitate;<\/span><\/p>\n<p class=\"MsoNormal\"><span lang=\"FR\">17.faciliteaz\u0103 leg\u0103turile dintre Biroul na\u0163ional de coordonare a re\u0163elei<br \/>\nna\u0163ionale a serviciilor de ocupare a for\u0163ei de munc\u0103 \u015fi autorit\u0103\u0163ile jude\u0163ului Arge\u015f;<br \/>\n<\/span><\/p>\n<p class=\"MsoNormal\"><span lang=\"FR\">18.<\/span><span lang=\"IT\">\u00eenregistreaz\u0103 dosarele persoanelor \u00een c\u0103utare de<br \/>\nloc munc\u0103 \u00een str\u0103in\u0103tate;<\/span><\/p>\n<p class=\"MsoNormal\"><span lang=\"IT\">19.\u00eencarc\u0103, \u00een baza de date, dosarele persoanelor<br \/>\n\u00een c\u0103utare de loc munc\u0103 \u00een str\u0103in\u0103tate;<\/span><\/p>\n<p class=\"MsoNormal\"><span lang=\"IT\">20.organizeaz\u0103 \u015fi particip\u0103 la realizarea<br \/>\nselec\u0163iilor \u00een vederea plas\u0103rii lucr\u0103torilor rom\u00e2ni \u00een str\u0103in\u0103tate.<\/span><span lang=\"RO\"><\/span><\/p>\n<p class=\"MsoNormal\"><span lang=\"FR\">\u00a0<\/span><\/p>\n<p class=\"MsoNormal\"><span style=\"color:black\"><span>\u00a0\u00a0\u00a0\u00a0\u00a0\u00a0 <\/span><\/span><span lang=\"FR\"><span>\u00a0\u00a0\u00a0\u00a0\u00a0\u00a0<\/span><span>\u00a0\u00a0\u00a0\u00a0\u00a0\u00a0\u00a0\u00a0\u00a0\u00a0\u00a0\u00a0\u00a0\u00a0\u00a0\u00a0\u00a0\u00a0\u00a0\u00a0\u00a0\u00a0\u00a0\u00a0\u00a0\u00a0\u00a0\u00a0\u00a0\u00a0\u00a0\u00a0\u00a0\u00a0\u00a0\u00a0\u00a0\u00a0\u00a0\u00a0\u00a0\u00a0\u00a0\u00a0\u00a0\u00a0\u00a0\u00a0\u00a0\u00a0\u00a0\u00a0\u00a0<\/span><span>\u00a0\u00a0\u00a0\u00a0\u00a0\u00a0\u00a0\u00a0\u00a0\u00a0\u00a0\u00a0\u00a0\u00a0\u00a0\u00a0\u00a0\u00a0\u00a0\u00a0\u00a0\u00a0\u00a0\u00a0\u00a0\u00a0\u00a0\u00a0\u00a0\u00a0\u00a0\u00a0\u00a0\u00a0\u00a0<\/span><\/span><\/p>\n<p class=\"MsoNormal\"><span lang=\"FR\">\u00a0<\/span><\/p>\n<p class=\"MsoNormal\"><span lang=\"FR\">Badescu Nicolae<\/span><\/p>\n<p class=\"MsoNormal\"><span lang=\"FR\">Dir<\/span>ector executiv<\/p>\n<p class=\"MsoNormal\">\u00a0<\/p>\n<p class=\"MsoNormal\">\u00a0<\/p>\n<p class=\"MsoNormal\"><span>\u00a0\u00a0\u00a0\u00a0\u00a0 <\/span><\/p>\n<p class=\"MsoNormal\">Ceausescu Teodora<\/p>\n<p class=\"MsoNormal\">Consilier superior<\/p>\n<p class=\"MsoNormal\"><span lang=\"FR\">Compartiment Resurse<br \/>\numane, salarizare, comunicare si secretariatul Consiliului Consultativ<\/span><\/p>\n","protected":false},"excerpt":{"rendered":"<p>Concurs recrutare &#8211; inspector clasa I grad profesional superior &#8211; ID 415189 &#8211; Compartiment EURES<\/p>\n","protected":false},"author":0,"featured_media":0,"comment_status":"closed","ping_status":"closed","sticky":false,"template":"","format":"standard","meta":{"footnotes":""},"categories":[7],"tags":[],"class_list":["post-432","post","type-post","status-publish","format-standard","hentry","category-cariera-profesionala"],"_links":{"self":[{"href":"https:\/\/www.anofm.ro\/arges\/wp-json\/wp\/v2\/posts\/432","targetHints":{"allow":["GET"]}}],"collection":[{"href":"https:\/\/www.anofm.ro\/arges\/wp-json\/wp\/v2\/posts"}],"about":[{"href":"https:\/\/www.anofm.ro\/arges\/wp-json\/wp\/v2\/types\/post"}],"replies":[{"embeddable":true,"href":"https:\/\/www.anofm.ro\/arges\/wp-json\/wp\/v2\/comments?post=432"}],"version-history":[{"count":0,"href":"https:\/\/www.anofm.ro\/arges\/wp-json\/wp\/v2\/posts\/432\/revisions"}],"wp:attachment":[{"href":"https:\/\/www.anofm.ro\/arges\/wp-json\/wp\/v2\/media?parent=432"}],"wp:term":[{"taxonomy":"category","embeddable":true,"href":"https:\/\/www.anofm.ro\/arges\/wp-json\/wp\/v2\/categories?post=432"},{"taxonomy":"post_tag","embeddable":true,"href":"https:\/\/www.anofm.ro\/arges\/wp-json\/wp\/v2\/tags?post=432"}],"curies":[{"name":"wp","href":"https:\/\/api.w.org\/{rel}","templated":true}]}}