{"id":431,"date":"2023-04-06T00:00:00","date_gmt":"2023-04-05T21:00:00","guid":{"rendered":"https:\/\/www.anofm.ro\/arges\/concursul-national-proiect-pilot-sectiunea-dedicata-concursului-national-proiect-pilot-din-site-ul-anfp-https-www-anfp-gov-ro-continut-concurs_national__proiect_pilot\/"},"modified":"2023-04-06T00:00:00","modified_gmt":"2023-04-05T21:00:00","slug":"concursul-national-proiect-pilot-sectiunea-dedicata-concursului-national-proiect-pilot-din-site-ul-anfp-https-www-anfp-gov-ro-continut-concurs_national__proiect_pilot","status":"publish","type":"post","link":"https:\/\/www.anofm.ro\/arges\/concursul-national-proiect-pilot-sectiunea-dedicata-concursului-national-proiect-pilot-din-site-ul-anfp-https-www-anfp-gov-ro-continut-concurs_national__proiect_pilot\/","title":{"rendered":"Concursul na\u021bional proiect-pilot sec\u0163iunea dedicat\u0103 concursului na\u0163ional \u2013 proiect-pilot din site-ul ANFP: https:\/\/www.anfp.gov.ro\/continut\/Concurs_national__Proiect_pilot"},"content":{"rendered":"<p><a href=\"https:\/\/www.anfp.gov.ro\/continut\/Concurs_national__Proiect_pilot\"><img decoding=\"async\" src=\"https:\/\/www.anofm.ro\/upload2\/Arge%C8%99\/25592\/285x190.png\"><\/a><\/p>\n<\/p>\n<div class=\"file-list-wrap\">\n<ul class=\"file-list\">\n<li><a href=\"\/upload2\/Arge\u0219\/25592\/285x190.png\" download>285&#215;190.png<\/a><\/li>\n<li><a href=\"\/upload2\/Arge\u0219\/25592\/265x122.png\" download>265&#215;122.png<\/a><\/li>\n<li><a href=\"\/upload2\/Arge\u0219\/25592\/248x120.png\" download>248&#215;120.png<\/a><\/li>\n<li><a href=\"\/upload2\/Arge\u0219\/25592\/225x160.png\" download>225&#215;160.png<\/a><\/li>\n<\/ul>\n<\/div>\n","protected":false},"excerpt":{"rendered":"<p>Bannere concursului na\u021bional proiect-pilot sec\u0163iunea dedicat\u0103 concursului na\u0163ional<\/p>\n","protected":false},"author":0,"featured_media":0,"comment_status":"closed","ping_status":"closed","sticky":false,"template":"","format":"standard","meta":{"footnotes":""},"categories":[7],"tags":[],"class_list":["post-431","post","type-post","status-publish","format-standard","hentry","category-cariera-profesionala"],"_links":{"self":[{"href":"https:\/\/www.anofm.ro\/arges\/wp-json\/wp\/v2\/posts\/431","targetHints":{"allow":["GET"]}}],"collection":[{"href":"https:\/\/www.anofm.ro\/arges\/wp-json\/wp\/v2\/posts"}],"about":[{"href":"https:\/\/www.anofm.ro\/arges\/wp-json\/wp\/v2\/types\/post"}],"replies":[{"embeddable":true,"href":"https:\/\/www.anofm.ro\/arges\/wp-json\/wp\/v2\/comments?post=431"}],"version-history":[{"count":0,"href":"https:\/\/www.anofm.ro\/arges\/wp-json\/wp\/v2\/posts\/431\/revisions"}],"wp:attachment":[{"href":"https:\/\/www.anofm.ro\/arges\/wp-json\/wp\/v2\/media?parent=431"}],"wp:term":[{"taxonomy":"category","embeddable":true,"href":"https:\/\/www.anofm.ro\/arges\/wp-json\/wp\/v2\/categories?post=431"},{"taxonomy":"post_tag","embeddable":true,"href":"https:\/\/www.anofm.ro\/arges\/wp-json\/wp\/v2\/tags?post=431"}],"curies":[{"name":"wp","href":"https:\/\/api.w.org\/{rel}","templated":true}]}}