{"id":40,"date":"2019-02-06T00:00:00","date_gmt":"2019-02-05T22:00:00","guid":{"rendered":"https:\/\/www.anofm.ro\/arges\/erata-anunt-concurs-05-03-2019\/"},"modified":"2019-02-06T00:00:00","modified_gmt":"2019-02-05T22:00:00","slug":"erata-anunt-concurs-05-03-2019","status":"publish","type":"post","link":"https:\/\/www.anofm.ro\/arges\/erata-anunt-concurs-05-03-2019\/","title":{"rendered":"ERATA ANUNT CONCURS 05.03.2019"},"content":{"rendered":"<p>ERATA LA ANUNTUL\u00a0 CONCURSULUI DIN DATA DE\u00a0 05.03.2019:\u00a0 In loc de &#8221; \u00censcrierile se fac \u00een termen de 20 zile de la data public\u0103rii anun\u0163ului \u00een Monitorul Oficial partea a \u2013III\u2013 a, respectiv \u00een perioada 01.02.2019-19.02.2019&#8243;\u00a0 se va citi : &#8222;\u00censcrierile se fac \u00een termen de 20 zile de la data public\u0103rii anun\u0163ului \u00een Monitorul Oficial partea a \u2013III\u2013 a, respectiv \u00een perioada 01.02.2019-20.02.2019&#8221;<\/p>\n","protected":false},"excerpt":{"rendered":"<p>ERATA ANUNT CONCURS 05.03.2019<\/p>\n","protected":false},"author":0,"featured_media":0,"comment_status":"closed","ping_status":"closed","sticky":false,"template":"","format":"standard","meta":{"footnotes":""},"categories":[7],"tags":[],"class_list":["post-40","post","type-post","status-publish","format-standard","hentry","category-cariera-profesionala"],"_links":{"self":[{"href":"https:\/\/www.anofm.ro\/arges\/wp-json\/wp\/v2\/posts\/40","targetHints":{"allow":["GET"]}}],"collection":[{"href":"https:\/\/www.anofm.ro\/arges\/wp-json\/wp\/v2\/posts"}],"about":[{"href":"https:\/\/www.anofm.ro\/arges\/wp-json\/wp\/v2\/types\/post"}],"replies":[{"embeddable":true,"href":"https:\/\/www.anofm.ro\/arges\/wp-json\/wp\/v2\/comments?post=40"}],"version-history":[{"count":0,"href":"https:\/\/www.anofm.ro\/arges\/wp-json\/wp\/v2\/posts\/40\/revisions"}],"wp:attachment":[{"href":"https:\/\/www.anofm.ro\/arges\/wp-json\/wp\/v2\/media?parent=40"}],"wp:term":[{"taxonomy":"category","embeddable":true,"href":"https:\/\/www.anofm.ro\/arges\/wp-json\/wp\/v2\/categories?post=40"},{"taxonomy":"post_tag","embeddable":true,"href":"https:\/\/www.anofm.ro\/arges\/wp-json\/wp\/v2\/tags?post=40"}],"curies":[{"name":"wp","href":"https:\/\/api.w.org\/{rel}","templated":true}]}}