{"id":314,"date":"2021-06-24T00:00:00","date_gmt":"2021-06-23T21:00:00","guid":{"rendered":"https:\/\/www.anofm.ro\/arges\/concurs-consilier-grad-profesional-superior-serviciul-administrare-buget\/"},"modified":"2021-06-24T00:00:00","modified_gmt":"2021-06-23T21:00:00","slug":"concurs-consilier-grad-profesional-superior-serviciul-administrare-buget","status":"publish","type":"post","link":"https:\/\/www.anofm.ro\/arges\/concurs-consilier-grad-profesional-superior-serviciul-administrare-buget\/","title":{"rendered":"Concurs consilier grad profesional superior &#8211; Serviciul Administrare Buget"},"content":{"rendered":"<\/p>\n<p class=\"MsoNormal\" style=\"text-align:center\" align=\"center\"><span>\u00a0\u00a0\u00a0\u00a0\u00a0\u00a0\u00a0\u00a0\u00a0\u00a0\u00a0\u00a0\u00a0\u00a0\u00a0\u00a0\u00a0\u00a0\u00a0\u00a0\u00a0\u00a0\u00a0\u00a0\u00a0\u00a0\u00a0\u00a0\u00a0\u00a0\u00a0\u00a0\u00a0\u00a0\u00a0\u00a0\u00a0 <\/span><span>\u00a0\u00a0\u00a0\u00a0\u00a0\u00a0\u00a0\u00a0\u00a0\u00a0\u00a0\u00a0\u00a0\u00a0\u00a0\u00a0\u00a0\u00a0<\/span><span>\u00a0\u00a0\u00a0\u00a0<\/span><\/p>\n<\/p>\n<p class=\"MsoNormal\" style=\"margin-left:193.05pt;text-align:center;text-indent:22.95pt\" align=\"center\">Nr.18400<span>\u00a0 <\/span><span lang=\"RO\">\/AJOFM Arge<span style=\"color:black\">\u015f<\/span>\/<br \/>\n19.07.2021<\/span><\/p>\n<p class=\"MsoNormal\"><span>\u00a0\u00a0\u00a0\u00a0\u00a0\u00a0\u00a0\u00a0\u00a0 <\/span><\/p>\n<p class=\"MsoNormal\" style=\"margin-top:0in;margin-right:0in;margin-bottom:0in;margin-left:.5in;margin-bottom:.0001pt;text-align:center;line-height:normal\" align=\"center\"><b><span lang=\"FR\">REZULTATELE SELECTIEI<\/span><\/b><b><span lang=\"RO\"> DOSARELOR DE CONCURSUL<\/span><\/b><b><span lang=\"FR\"> PENTRU OCUPAREA <\/span><\/b><b><span lang=\"FR\">FUNCTIEI PUBLICE DE EXECUTIE VACANTE DE <\/span><\/b><b><span lang=\"IT\">CONSILIER GRAD PROFESIONAL<br \/>\nSUPERIOR, DIN CADRUL SERVICIULUI ADMINISTRARE BUGET &#8211; COMPARTIMENT EXECUTIE<br \/>\nBUGETARA, FINANCIAR CONTABILITATE SI ADMINISTRARE FOND DE GARANTARE A<br \/>\nCREANTELOR SALARIALE<\/span><\/b><b><span lang=\"IT\">,<\/span><\/b><b><span lang=\"IT\"> <\/span><\/b><b><span lang=\"RO\"><span>\u00a0<\/span>CARE SE VA ORGANIZA IN DATA DE<br \/>\n29.07.2021<\/span><\/b><\/p>\n<p class=\"MsoNormal\" style=\"margin-top:0in;margin-right:0in;margin-bottom:0in;margin-left:213.6pt;margin-bottom:.0001pt;text-align:left;text-indent:2.4pt;line-height:normal\" align=\"left\"><b><span lang=\"FR\">\u00a0<\/span><\/b><\/p>\n<p class=\"MsoNormal\" style=\"margin-top:0in;margin-right:0in;margin-bottom:0in;margin-left:.5in;margin-bottom:.0001pt;text-align:left;line-height:normal\" align=\"left\"><span lang=\"FR\"><br \/>\n<\/span><span lang=\"FR\">In<br \/>\nurma verificarii actelor depuse la dosar si a indeplinirii conditiilor legale,<br \/>\nmembrii comisiei de concurs au stabilit candidatii care vor participa la concurs:<\/span><\/p>\n<p class=\"MsoNormal\" style=\"margin:0in;margin-bottom:.0001pt;text-indent:.5in;line-height:normal\"><span lang=\"FR\">\u00a0<\/span><\/p>\n<table class=\"MsoNormalTable\" style=\"margin-left:41.4pt;border-collapse:collapse;border:none;margin-left:6.75pt;margin-right:6.75pt\" cellspacing=\"0\" cellpadding=\"0\" border=\"1\" align=\"left\">\n<tbody>\n<tr style=\"height:30.95pt\">\n<td style=\"width:157.5pt;border:solid windowtext 1.0pt;padding:0in 5.4pt 0in 5.4pt;height:30.95pt\" width=\"210\" valign=\"top\">\n<p class=\"MsoNormal\" style=\"margin:0in;margin-bottom:.0001pt;text-align:center;line-height:normal\" align=\"center\"><span lang=\"IT\">\u00a0<\/span><\/p>\n<p class=\"MsoNormal\" style=\"margin:0in;margin-bottom:.0001pt;text-align:center;line-height:normal\" align=\"center\"><span lang=\"IT\">COD<br \/>\n  CANDIDAT<\/span><span lang=\"FR\"><\/span><\/p>\n<p class=\"MsoNormal\" style=\"margin:0in;margin-bottom:.0001pt;text-align:center;line-height:normal\" align=\"center\"><span lang=\"IT\">\u00a0<\/span><\/p>\n<\/td>\n<td style=\"width:1.75in;border:solid windowtext 1.0pt;border-left:none;padding:0in 5.4pt 0in 5.4pt;height:30.95pt\" width=\"168\" valign=\"top\">\n<p class=\"MsoNormal\" style=\"margin:0in;margin-bottom:.0001pt;text-align:center;line-height:normal\" align=\"center\"><span lang=\"IT\">\u00a0<\/span><\/p>\n<p class=\"MsoNormal\" style=\"margin:0in;margin-bottom:.0001pt;text-align:center;line-height:normal\" align=\"center\"><span lang=\"IT\">REZULTATUL SELECTIE DOSARELOR<br \/>\n  DE CONCURS<\/span><\/p>\n<\/td>\n<td style=\"width:155.05pt;border:solid windowtext 1.0pt;border-left:none;padding:0in 5.4pt 0in 5.4pt;height:30.95pt\" width=\"207\" valign=\"top\">\n<p class=\"MsoNormal\" style=\"margin:0in;margin-bottom:.0001pt;text-align:center;line-height:normal\" align=\"center\"><span lang=\"IT\">\u00a0<\/span><\/p>\n<p class=\"MsoNormal\" style=\"margin:0in;margin-bottom:.0001pt;text-align:center;line-height:normal\" align=\"center\"><span lang=\"IT\">MOTIVUL RESPINGERII DOSARULUI<\/span><\/p>\n<\/td>\n<\/tr>\n<tr>\n<td style=\"width:157.5pt;border:solid windowtext 1.0pt;border-top:none;padding:0in 5.4pt 0in 5.4pt\" width=\"210\" valign=\"top\">\n<p class=\"MsoNormal\" style=\"margin:0in;margin-bottom:.0001pt;text-align:center;line-height:normal\" align=\"center\"><span lang=\"IT\">17287\/06.07.2021<\/span><\/p>\n<p class=\"MsoNormal\" style=\"margin:0in;margin-bottom:.0001pt;text-align:left;line-height:normal\" align=\"left\"><span lang=\"IT\">\u00a0<\/span><\/p>\n<\/td>\n<td style=\"width:1.75in;border-top:none;border-left:  none;border-bottom:solid windowtext 1.0pt;border-right:solid windowtext 1.0pt;padding:0in 5.4pt 0in 5.4pt\" width=\"168\" valign=\"top\">\n<p class=\"MsoNormal\" style=\"margin:0in;margin-bottom:.0001pt;text-align:center;line-height:normal\" align=\"center\"><span lang=\"IT\">ADMIS<\/span><\/p>\n<\/td>\n<td style=\"width:155.05pt;border-top:none;border-left:  none;border-bottom:solid windowtext 1.0pt;border-right:solid windowtext 1.0pt;padding:0in 5.4pt 0in 5.4pt\" width=\"207\" valign=\"top\">\n<p class=\"MsoNormal\" style=\"margin:0in;margin-bottom:.0001pt;text-align:center;line-height:normal\" align=\"center\"><span lang=\"IT\">\u00a0<\/span><\/p>\n<\/td>\n<\/tr>\n<\/tbody>\n<\/table>\n<p class=\"MsoNormal\" style=\"margin:0in;margin-bottom:.0001pt;text-align:left;line-height:normal\" align=\"left\"><span lang=\"FR\"><br \/>\n<\/span><\/p>\n<p class=\"MsoNormal\" style=\"margin:0in;margin-bottom:.0001pt;text-align:left;line-height:normal\" align=\"left\"><b><i><span lang=\"RO\"><span>\u00a0\u00a0\u00a0\u00a0\u00a0\u00a0\u00a0\u00a0\u00a0\u00a0\u00a0\u00a0\u00a0\u00a0\u00a0\u00a0\u00a0\u00a0\u00a0\u00a0\u00a0 <\/span><\/span><\/i><\/b><\/p>\n<p class=\"MsoNormal\" style=\"margin:0in;margin-bottom:.0001pt;text-align:left;line-height:normal\" align=\"left\"><b><i><span lang=\"RO\">\u00a0<\/span><\/i><\/b><\/p>\n<p class=\"MsoNormal\" style=\"margin:0in;margin-bottom:.0001pt;text-align:left;line-height:normal\" align=\"left\"><b><i><span lang=\"RO\">\u00a0<\/span><\/i><\/b><\/p>\n<p class=\"MsoNormal\" style=\"margin:0in;margin-bottom:.0001pt;text-align:left;line-height:normal\" align=\"left\"><b><i><span lang=\"RO\">\u00a0<\/span><\/i><\/b><\/p>\n<p class=\"MsoNormal\" style=\"margin:0in;margin-bottom:.0001pt;text-align:left;text-indent:.5in;line-height:normal\" align=\"left\"><b><i><span lang=\"RO\"><span>\u00a0\u00a0 <\/span>Secretar comisie:<\/span><\/i><\/b><span lang=\"RO\"> <span>\u00a0<\/span><\/span><span lang=\"EN-AU\"><span>\u00a0\u00a0\u00a0\u00a0<\/span>CEAUSESCU TEODORA<br \/>\n\u2013 CONSILIER<span>\u00a0 <\/span>SUPERIOR <span>\u00a0<\/span><\/span><\/p>\n<p class=\"MsoNormal\" style=\"margin:0in;margin-bottom:.0001pt;text-align:center;line-height:normal\" align=\"center\"><b><span lang=\"EN-AU\">\u00a0<\/span><\/b><\/p>\n<p class=\"MsoNormal\" style=\"margin:0in;margin-bottom:.0001pt;text-align:left;line-height:normal\" align=\"left\"><span lang=\"EN-AU\">\u00a0<\/span><\/p>\n<\/p>\n<p class=\"MsoNormal\" style=\"text-align:center\" align=\"center\"><span><\/span><\/p>\n<p><\/p>\n<p><\/p>\n<\/p>\n<p><span>\u00a0<\/span><span>\u00a0<\/span>Nr.<span>\u00a0 <\/span>16352<br \/>\n<span><span>\u00a0<\/span><span lang=\"RO\">\/AJOFM Arges\/24.06.2021<\/span><\/span><\/p>\n<p class=\"MsoNormal\" style=\"margin-left:3.0in;text-indent:.5in\"><b><span lang=\"FR\">\u00a0<\/span><\/b><\/p>\n<p class=\"MsoNormal\" style=\"margin-left:3.0in;text-indent:.5in\"><b><span lang=\"FR\">A N U N T<\/span><\/b><\/p>\n<p class=\"MsoNormal\" style=\"margin-left:56.7pt\"><span lang=\"FR\">Agentia Judeteana pentru Ocuparea Fortei de Munca Arges<br \/>\ncu sediul in Pitesti, B-dul Republicii, nr. 11, organizeaza<span>\u00a0 <\/span>concurs pentru ocuparea functiei publice de<br \/>\nexecutie vacante de <\/span><b><span lang=\"IT\">consilier grad profesional superior, <\/span><\/b><span lang=\"IT\">din cadrul Serviciului Administrare Buget<br \/>\n&#8211; Compartiment Executie bugetara, financiar contabilitate si administrare fond<br \/>\nde garantare a creantelor salariale<\/span><span lang=\"IT\">,<\/span><b><span lang=\"IT\"> <\/span><\/b><span lang=\"FR\">in data de <b>29.07.2021<\/b>, ora 10.00 (proba scrisa),<br \/>\nla sediul agentiei. <\/span><span lang=\"IT\"><\/span><\/p>\n<p class=\"MsoNormal\" style=\"margin-left:20.55pt;text-indent:.5in\"><b><u><span lang=\"FR\">Condi\u0163ii generale<\/span><\/u><\/b><b><span lang=\"FR\">:<\/span><\/b><\/p>\n<p class=\"MsoNormal\" style=\"margin-left:56.55pt\"><span lang=\"FR\">Candida\u0163ii trebuie s\u0103 \u00eendeplineasc\u0103 condi\u0163iile prev\u0103zute la art.465<br \/>\nalin.(1) <\/span><span lang=\"IT\">din OUG nr.57\/2019<br \/>\nprivind Codul Administrativ<\/span><span lang=\"FR\">.<\/span><\/p>\n<p class=\"MsoNormal\" style=\"margin-left:20.55pt;text-indent:.5in\"><b><u><span lang=\"FR\">Condi\u0163ii specifice<\/span><\/u><\/b><b><span lang=\"FR\">: <\/span><\/b><\/p>\n<p class=\"MsoNormal\" style=\"margin-left:56.55pt\"><span lang=\"IT\">-preg\u0103tire de specialitate &#8211; studii universitare<br \/>\nde licen\u0163\u0103 absolvite cu diplom\u0103 de licen\u0163\u0103 sau echivalent\u0103 \u00een ramura de<br \/>\n\u0219tiin\u021be: \u0219tiin\u021be economice;<\/span><\/p>\n<p class=\"MsoNormal\" style=\"margin-left:56.55pt\"><span lang=\"IT\">-vechime minim\u0103 \u00een specialitatea studiilor<br \/>\nnecesare exercit\u0103rii func\u0163iei publice: 7 ani;<\/span><\/p>\n<p class=\"MsoNormal\" style=\"margin-left:56.55pt\"><span lang=\"IT\">-s\u0103 \u00eendeplineasc\u0103 condi\u0163iile de ocupare a unei<br \/>\nfunc\u0163ii publice prev\u0103zute la art. 465 alin. (1) din Codul Administrativ, cu<br \/>\nexcep\u021bia avizului psihologic.<\/span><\/p>\n<p class=\"MsoNormal\" style=\"margin-left:56.55pt\"><span style=\"color:black\" lang=\"FR\">\u00censcrierile se fac \u00een termen de 20<br \/>\nzile de la data public\u0103rii anun\u0163ului pe site-ul institutiei, respectiv \u00een<br \/>\nperioada 25.06.2021 \u2013 14.07.2021, cu prezentarea <\/span><span style=\"color:black\" lang=\"FR\">documentelor<br \/>\noriginale de catre candidati, pentru a fi <\/span><span style=\"color:black\">certificate pentru conformitatea cu originalul de c\u0103tre<br \/>\nsecretarul comisiei de concurs<b>.<\/b><\/span><\/p>\n<p class=\"MsoNormal\" style=\"margin-left:56.55pt\"><span style=\"color:black\" lang=\"FR\">Informa\u021bii<br \/>\nsuplimentare se pot ob\u021bine la <\/span><span style=\"color:black\" lang=\"FR\">d-na Ceausescu Teodora &#8211; consilier superior la<\/span><span style=\"color:black\" lang=\"FR\"><br \/>\nCompartimentul<span>\u00a0 <\/span>Resurse Umane, Salarizare,<br \/>\nComunicare \u0219i Secretariatul Consiliului Consultativ, <\/span><span style=\"color:black\" lang=\"FR\">telefon\u00a0: 0248\/222415 \/<br \/>\nfax\u00a0: 0248222582<\/span><span style=\"color:black\" lang=\"FR\">, email \u2013 <\/span><span style=\"color:black\" lang=\"FR\">teodora.ceausescu.ag@anofm.gov.ro<\/span><span style=\"color:black\" lang=\"FR\">.<\/span><span style=\"color:black;background:white\"><\/span><\/p>\n<p class=\"MsoNormal\" style=\"margin-left:49.05pt\"><b><u><span lang=\"FR\">Dosarul de \u00eenscriere<\/span><\/u><\/b><span lang=\"FR\"> la concurs trebuie s\u0103 con\u0163in\u0103 \u00een mod<br \/>\nobligatoriu documentele prev\u0103zute la art. 49 din Hot\u0103r\u00e2rea Guvernului nr.<br \/>\n611\/2008, cu modific\u0103rile \u0219i complet\u0103rile ulterioare:<\/span><\/p>\n<p class=\"MsoNormal\" style=\"margin-left:49.05pt\"><span lang=\"FR\">a) formularul de \u00eenscriere \u2013 (<\/span><span lang=\"RO\">se pune la dispozi\u0163ie candida\u0163ilor de c\u0103tre<br \/>\ninstitu\u0163ia public\u0103 organizatoare a concursului din oficiu) \u2013 ESTE POSTAT IN<br \/>\nCONTINUAREA ANUNTULUI, PENTRU A PUTEA FI LISTAT SI COMPLETAT<\/span><span lang=\"FR\">;<\/span><\/p>\n<p class=\"MsoNormal\" style=\"margin-left:13.05pt;text-indent:.5in\"><span lang=\"FR\">b) curriculum vitae, modelul comun european; <\/span><\/p>\n<p class=\"MsoNormal\" style=\"margin-left:13.05pt;text-indent:.5in\"><span lang=\"FR\">c) copia actului de identitate;<\/span><\/p>\n<p class=\"MsoNormal\" style=\"margin-left:49.05pt\"><span lang=\"FR\">d) <\/span><span>copii ale diplomelor de<br \/>\nstudii, certificatelor \u015fi altor documente care atest\u0103 de\u021binerea competen\u021belor<br \/>\nsolicitate, emise \u00een condi\u021biile legii<\/span><span lang=\"FR\">;<\/span><\/p>\n<p class=\"MsoNormal\" style=\"margin-left:49.05pt\"><span lang=\"FR\">\u00a0<\/span><\/p>\n<p class=\"MsoNormal\" style=\"margin-left:49.05pt\"><span lang=\"FR\">\u00a0<\/span><\/p>\n<p class=\"MsoNormal\" style=\"margin-left:49.05pt\"><span lang=\"FR\">\u00a0<\/span><\/p>\n<p class=\"MsoNormal\" style=\"margin-left:49.05pt\"><span lang=\"FR\">\u00a0<\/span><\/p>\n<p class=\"MsoNormal\" style=\"margin-left:49.05pt\"><span lang=\"FR\">e) copia carnetului de munc\u0103 \u015fi dup\u0103 caz, a adeverin\u0163ei eliberate de<br \/>\nangajator pentru perioada lucrat\u0103, care s\u0103 ateste vechimea \u00een munc\u0103 \u015fi, dup\u0103<br \/>\ncaz, \u00een specialitatea studiilor necesare ocup\u0103rii func\u0163iei publice;<\/span><\/p>\n<p class=\"MsoNormal\" style=\"margin-left:49.05pt\"><span lang=\"FR\">f) copia adeverin\u0163ei care atest\u0103 starea de s\u0103n\u0103tate corespunz\u0103toare,<br \/>\neliberat\u0103 cu cel mult 6 luni anterior derul\u0103rii concursului de c\u0103tre medicul de<br \/>\nfamilie al candidatului (<\/span><span lang=\"RO\">adeverin\u0163a care atest\u0103 <\/span><\/p>\n<p class=\"MsoNormal\" style=\"margin-left:49.05pt\"><span lang=\"RO\">starea de s\u0103n\u0103tate con\u0163ine, \u00een clar,<br \/>\nnum\u0103rul, data, numele emitentului \u015fi calitatea acestuia, \u00een formatul standard<br \/>\nstabilit de Ministerul S\u0103n\u0103t\u0103\u0163ii Publice<\/span><span lang=\"FR\">);<\/span><\/p>\n<p class=\"MsoNormal\" style=\"margin-left:49.05pt\"><span lang=\"FR\">g) <\/span><span>cazierul judiciar <\/span><span>( acesta poate fi \u00eenlocuit cu o<br \/>\ndeclara\u0163ie pe propria r\u0103spundere. \u00cen acest caz, candidatul declarat admis la<br \/>\nselec\u0163ia dosarelor are obliga\u0163ia de a completa dosarul de concurs cu originalul<br \/>\ndocumentului pe tot parcursul desf\u0103\u015fur\u0103rii concursului, dar nu mai t\u00e2rziu de<br \/>\ndata \u015fi ora organiz\u0103rii interviului, sub sanc\u0163iunea neemiterii actului<br \/>\nadministrativ de numire)<\/span><span>;<\/span><span> <span lang=\"RO\"><\/span><\/span><\/p>\n<p class=\"MsoNormal\" style=\"margin-left:49.05pt\"><span lang=\"FR\">h) declara\u0163ia pe propria r\u0103spundere sau adeverin\u0163a care s\u0103 ateste calitatea<br \/>\nsau lipsa calit\u0103\u0163ii de lucr\u0103tor al Securit\u0103\u0163ii sau colaborator al acesteia.<\/span><\/p>\n<p class=\"MsoNormal\" style=\"margin-left:49.05pt\"><span lang=\"FR\">Copiile de pe actele prev\u0103zute mai sus se prezint\u0103 \u00een copii legalizate sau<br \/>\n\u00eenso\u0163ite de documentele originale, care se certific\u0103 pentru conformitatea cu<br \/>\noriginalul de c\u0103tre secretarul comisiei de concurs.<\/span><\/p>\n<p class=\"MsoNormal\" style=\"margin-left:13.05pt;text-indent:.5in\"><u><span lang=\"FR\">Bibliografia\u00a0:<\/span><\/u><\/p>\n<p class=\"MsoNormal\" style=\"margin-left:.5in;text-align:left\" align=\"left\"><span lang=\"FR\">1.Constitutia<br \/>\nRomaniei ;<\/span><\/p>\n<p class=\"MsoNormal\" style=\"margin-left:.5in;text-align:left\" align=\"left\"><span lang=\"FR\">2.OUG<br \/>\nnr.57\/2019 privind Codul administrativ, cu modificarile si completarile<br \/>\nulterioare ;<\/span><\/p>\n<p class=\"MsoNormal\" style=\"margin-left:.5in;text-align:left\" align=\"left\"><span lang=\"FR\">3.Legea<br \/>\nnr.202\/2006, privind organizarea si functionarea Agentiei Nationale pentru<br \/>\nOcuparea Fortei de Munca, cu modificarile si completarile ulterioare ;<\/span><\/p>\n<p class=\"MsoNormal\" style=\"margin-left:.5in;text-align:left\" align=\"left\"><span lang=\"FR\">4.Hotararea<br \/>\nGuvernului nr.1610\/2006 privind Statutul Agentiei Nationale pentru Ocuparea<br \/>\nFortei de Munca ;<\/span><\/p>\n<p class=\"MsoNormal\" style=\"margin-left:.5in;text-align:left\" align=\"left\"><span lang=\"FR\">5.Legea<br \/>\nnr.202\/2002, privind egalitatea de sanse si de tratament intre femei si<br \/>\nbarbati, republicata, cu modificarile si completarile ulterioare ;<\/span><\/p>\n<p class=\"MsoNormal\" style=\"margin-left:.5in;text-align:left\" align=\"left\"><span lang=\"FR\">6.O.G.<br \/>\nnr.137\/2000, privind prevenirea si sanctionarea tuturor formelor de<br \/>\ndiscriminare, republicata, cu modificarile si completarile ulterioare ;<\/span><\/p>\n<p class=\"MsoNormal\" style=\"margin-left:.5in;text-align:left\" align=\"left\"><span lang=\"FR\">7.Legea<br \/>\nnr.76\/2002 privind sistemul asigurarilor pentru somaj si stimularea ocuparii<br \/>\nfortei de munca, cu modificarile si completarile ulterioare ;<\/span><\/p>\n<p class=\"MsoNormal\" style=\"margin-left:.5in;text-align:left\" align=\"left\"><span lang=\"FR\">8.H.G.R<br \/>\nnr.174\/2002 pentru aprobarea Normelor metodologice de aplicare a Legii<br \/>\nnr.76\/2002 privind sistemul asigurarilor pentru somaj si stimularea ocuparii<br \/>\nfortei de munca, cu modificarile si completarile ulterioare ;<\/span><\/p>\n<p class=\"MsoNormal\" style=\"margin-left:.5in;text-align:left\" align=\"left\"><span lang=\"FR\">\u00a0<\/span><\/p>\n<p class=\"MsoNormal\" style=\"margin-left:.5in;text-align:left\" align=\"left\"><span lang=\"FR\">\u00a0<\/span><\/p>\n<p class=\"MsoNormal\" style=\"margin-left:.5in;text-align:left\" align=\"left\"><span lang=\"FR\">\u00a0<\/span><\/p>\n<p class=\"MsoNormal\" style=\"margin-left:.5in;text-align:left\" align=\"left\"><span lang=\"FR\">\u00a0<\/span><\/p>\n<p class=\"MsoNormal\" style=\"margin-left:.5in;text-align:left\" align=\"left\"><span lang=\"FR\">9.H.G.R.<br \/>\nnr.377\/2002 pentru aprobarea Procedurilor privind accesul la masurile pentru<br \/>\nstimularea ocuparii fortei de munca, modalitatile de finantare si<br \/>\ninstructiunile de implementare a acestora, cu modificarile si completarile<br \/>\nulterioare;<\/span><\/p>\n<p class=\"MsoNormal\" style=\"margin-left:.5in;text-align:left\" align=\"left\"><span lang=\"FR\">10.Ordinul<br \/>\nMinisterului Finantelor publice nr.1792\/2002 pentru<span>\u00a0\u00a0 <\/span>aprobarea Normelor metodologice privind<br \/>\nangajarea, lichidarea, ordonantarea si plata cheltuielilor institutiilor<br \/>\npublice, precum si organizarea, evidenta si raportarea angajamentelor bugetare<br \/>\nsi legale, cu modificarile si completarile ulterioare;<\/span><\/p>\n<p class=\"MsoNormal\" style=\"margin-left:.5in;text-align:left\" align=\"left\"><span lang=\"FR\">11.Legea<br \/>\ncontabilit\u0103\u0163ii nr. 82\/1991, cu modific\u0103rile \u015fi complet\u0103rile ulterioare;<\/span><\/p>\n<p class=\"MsoNormal\" style=\"margin-left:.5in;text-align:left\" align=\"left\"><span lang=\"FR\">12.OMFP nr.<br \/>\n1.917\/2005 pentru aprobarea Normelor metodologice privind organizarea \u015fi<br \/>\nconducerea contabilit\u0103\u0163ii institu\u0163iilor publice, Planul de conturi pentru<br \/>\ninstitu\u0163iile publice \u015fi instruc\u0163iunile de aplicare a acestuia;<\/span><\/p>\n<p class=\"MsoNormal\" style=\"margin-left:.5in;text-align:left\" align=\"left\"><span lang=\"FR\">13.Legea<br \/>\nnr.500\/2002 privind finantele publice, cu modific\u0103rile \u015fi complet\u0103rile<br \/>\nulterioare.<\/span><\/p>\n<p class=\"MsoNormal\" style=\"margin-left:.5in;text-align:left\" align=\"left\"><span lang=\"FR\">\u00a0<\/span><\/p>\n<p class=\"MsoNormal\" style=\"margin-left:.5in;text-align:left\" align=\"left\"><u><span lang=\"FR\">Tematica\u00a0:<\/span><\/u><\/p>\n<p class=\"MsoNormal\" style=\"margin-left:.5in;text-align:left\" align=\"left\"><span lang=\"FR\">1.Constitutia<br \/>\nRomaniei, in integralitate ;<\/span><\/p>\n<p class=\"MsoNormal\" style=\"margin-left:.5in;text-align:left\" align=\"left\"><span lang=\"FR\">2.OUG<br \/>\nnr.57\/2019 privind Codul administrativ, cu modificarile si completarile<br \/>\nulterioare, Titlul I si II ale partii a VI a;<\/span><\/p>\n<p class=\"MsoNormal\" style=\"margin-left:.5in;text-align:left\" align=\"left\"><span lang=\"FR\">3.Legea<br \/>\nnr.202\/2006, privind organizarea si functionarea Agentiei Nationale pentru<br \/>\nOcuparea Fortei de Munca, cu modificarile si completarile ulterioare , in<br \/>\nintegralitate ;<\/span><\/p>\n<p class=\"MsoNormal\" style=\"margin-left:.5in;text-align:left\" align=\"left\"><span lang=\"FR\">4.Hotararea<br \/>\nGuvernului nr.1610\/2006 privind Statutul Agentiei Nationale pentru Ocuparea<br \/>\nFortei de Munca, in integralitate ; <\/span><\/p>\n<p class=\"MsoNormal\" style=\"margin-left:.5in;text-align:left\" align=\"left\"><span lang=\"FR\">5.Legea<br \/>\nnr.202\/2002, privind egalitatea de sanse si de tratament intre femei si<br \/>\nbarbati, republicata, cu modificarile si completarile ulterioare , in<br \/>\nintegralitate ;<\/span><\/p>\n<p class=\"MsoNormal\" style=\"margin-left:.5in;text-align:left\" align=\"left\"><span lang=\"FR\">6.O.G.<br \/>\nnr.137\/2000, privind prevenirea si sanctionarea tuturor formelor de<br \/>\ndiscriminare, republicata, cu modificarile si completarile ulterioare , in<br \/>\nintegralitate ;<\/span><\/p>\n<p class=\"MsoNormal\" style=\"margin-left:.5in;text-align:left\" align=\"left\"><span lang=\"FR\">7.Legea<br \/>\nnr.76\/2002 privind sistemul asigurarilor pentru somaj si stimularea ocuparii<br \/>\nfortei de munca, cu modificarile si completarile ulterioare , in integralitate<br \/>\n;<\/span><\/p>\n<p class=\"MsoNormal\" style=\"margin-left:.5in;text-align:left\" align=\"left\"><span lang=\"FR\">8.H.G.R<br \/>\nnr.174\/2002 pentru aprobarea Normelor metodologice de aplicare a Legii<br \/>\nnr.76\/2002 privind sistemul asigurarilor pentru somaj si stimularea ocuparii<br \/>\nfortei de munca, cu modificarile si completarile ulterioare , in integralitate<br \/>\n;<\/span><\/p>\n<p class=\"MsoNormal\" style=\"margin-left:.5in;text-align:left\" align=\"left\"><span lang=\"FR\">\u00a0<\/span><\/p>\n<p class=\"MsoNormal\" style=\"margin-left:.5in;text-align:left\" align=\"left\"><span lang=\"FR\">\u00a0<\/span><\/p>\n<p class=\"MsoNormal\" style=\"margin-left:.5in;text-align:left\" align=\"left\"><span lang=\"FR\">\u00a0<\/span><\/p>\n<p class=\"MsoNormal\" style=\"margin-left:.5in;text-align:left\" align=\"left\"><span lang=\"FR\">\u00a0<\/span><\/p>\n<p class=\"MsoNormal\" style=\"margin-left:.5in;text-align:left\" align=\"left\"><span lang=\"FR\">9.H.G.R.<br \/>\nnr.377\/2002 pentru aprobarea Procedurilor privind accesul la masurile pentru<br \/>\nstimularea ocuparii fortei de munca, modalitatile de finantare si<br \/>\ninstructiunile de implementare a acestora, cu modificarile si completarile<br \/>\nulterioare, in integralitate ;<\/span><\/p>\n<p class=\"MsoNormal\" style=\"margin-left:.5in;text-align:left\" align=\"left\"><span lang=\"FR\">10.Ordinul<br \/>\nMinisterului Finantelor publice nr.1792\/2002 pentru<span>\u00a0\u00a0 <\/span>aprobarea Normelor metodologice privind<br \/>\nangajarea, lichidarea, ordonantarea si plata cheltuielilor institutiilor<br \/>\npublice, precum si <\/span><\/p>\n<p class=\"MsoNormal\" style=\"margin-left:.5in;text-align:left\" align=\"left\"><span lang=\"FR\">organizarea,<br \/>\nevidenta si raportarea angajamentelor bugetare si legale, cu modificarile si<br \/>\ncompletarile ulterioare, in integralitate ;<\/span><\/p>\n<p class=\"MsoNormal\" style=\"margin-left:.5in;text-align:left\" align=\"left\"><span lang=\"FR\">11.Legea<br \/>\ncontabilit\u0103\u0163ii nr. 82\/1991, cu modific\u0103rile \u015fi complet\u0103rile ulterioare, in<br \/>\nintegralitate ;<\/span><\/p>\n<p class=\"MsoNormal\" style=\"margin-left:.5in;text-align:left\" align=\"left\"><span lang=\"FR\">12.OMFP nr.<br \/>\n1.917\/2005 pentru aprobarea Normelor metodologice privind organizarea \u015fi<br \/>\nconducerea contabilit\u0103\u0163ii institu\u0163iilor publice, Planul de conturi pentru institu\u0163iile<br \/>\npublice \u015fi instruc\u0163iunile de aplicare a acestuia, in integralitate ;<\/span><\/p>\n<p class=\"MsoNormal\" style=\"margin-left:.5in;text-align:left\" align=\"left\"><span lang=\"FR\">13.Legea<br \/>\nnr.500\/2002 privind finantele publice, cu modific\u0103rile \u015fi complet\u0103rile<br \/>\nulterioare, in integralitate .<\/span><\/p>\n<p class=\"MsoNormal\" style=\"margin-left:.5in;text-align:left\" align=\"left\"><span style=\"color:#1A1A1A\"><br \/>\n<\/span><b><u><span lang=\"FR\">Atributiile postului :<\/span><\/u><\/b><\/p>\n<p class=\"MsoNormal\" style=\"margin-left:56.7pt\"><b>a). \u00cen domeniul execu\u0163iei bugetare<i><br \/>\n<\/i><\/b>are \u00een principal urm\u0103toarele atribu\u0163ii:<\/p>\n<p class=\"MsoNormal\" style=\"margin-left:56.7pt\">1.fundamenteaz\u0103 proiectul<br \/>\nbugetului de venituri \u015fi cheltuieli pe baza propunerilor celorlalte<br \/>\ncompartimente \u015fi a cerin\u0163elor realiz\u0103rii \u00een bune condi\u0163ii a obiectivelor<br \/>\nprivind ocuparea \u015fi formarea profesional\u0103 a for\u0163ei de munc\u0103;<\/p>\n<p class=\"MsoNormal\" style=\"margin-left:56.7pt\"><span>\u00a0<\/span>2.asigur\u0103 administrarea bugetului asigur\u0103rilor<br \/>\npentru \u015fomaj \u00een conformitate cu prevederile legale \u00een vigoare;<\/p>\n<p class=\"MsoNormal\" style=\"margin-left:56.7pt\"><span>\u00a0<\/span>3.\u00eentocme\u015fte necesarul lunar de credite<br \/>\nbugetare \u00een functie de propunerile celorlalte<span>\u00a0<br \/>\n<\/span>compartimente;<\/p>\n<p class=\"MsoNormal\" style=\"margin-left:56.7pt\"><span>\u00a0<\/span>4.finan\u0163eaz\u0103 activit\u0103\u0163ile A.J.O.F.M. Arge\u015f \u00een<br \/>\nfunc\u0163ie de bugetul \u015fi indicatorii aproba\u0163i;<\/p>\n<p class=\"MsoNormal\" style=\"margin-left:56.7pt\"><span>\u00a0<\/span>5.elaboreaz\u0103 \u015fi fundamenteaz\u0103 bugetul de<br \/>\nvenituri \u015fi cheltuieli; urm\u0103re\u015fte \u00eencadrarea<\/p>\n<p class=\"MsoNormal\" style=\"margin-left:56.7pt\"><span>\u00a0<\/span>cheltuielilor \u00een creditele bugetare aprobate;<\/p>\n<p class=\"MsoNormal\" style=\"margin-left:56.7pt\"><span>\u00a0<\/span>6.\u00eentocme\u015fte situa\u0163ia lunar\u0103 a execu\u0163iei<br \/>\nbugetului asigur\u0103rilor pentru \u015fomaj;<\/p>\n<p class=\"MsoNormal\" style=\"margin-left:56.7pt\"><span>\u00a0<\/span>7.urm\u0103re\u015fte \u00eencadrarea cheltuielilor \u00een<br \/>\ncreditele bugetare aprobate;<\/p>\n<p class=\"MsoNormal\" style=\"margin-left:56.7pt\"><span>\u00a0<\/span>8.asigur\u0103 prin buget<span>\u00a0 <\/span>necesarul de credite externe pentru<br \/>\nfinan\u0163area m\u0103surilor active ;<\/p>\n<p class=\"MsoNormal\" style=\"margin-left:56.7pt\"><span>\u00a0<\/span>9.prime\u015fte lunar de la organul fiscal<br \/>\ncompetent situa\u0163ii cu privire la crean\u0163ele fiscale ale contribuabililor;<\/p>\n<p class=\"MsoNormal\" style=\"margin-left:56.7pt\">10.colaboreaz\u0103 cu executorul<br \/>\nbugetar \u00een vederea<span>\u00a0 <\/span>\u00eentocmirii eviden\u0163ei<br \/>\nsintetice \u015fi analitice a debitorilor sco\u015fi din eviden\u0163a curent\u0103 \u015fi trecu\u0163i \u00een<br \/>\neviden\u0163e separate;<\/p>\n<p class=\"MsoNormal\" style=\"margin-left:56.7pt\">\u00a0<\/p>\n<p class=\"MsoNormal\" style=\"margin-left:56.7pt\">\u00a0<\/p>\n<p class=\"MsoNormal\" style=\"margin-left:56.7pt\">11.urm\u0103re\u015fte \u015fi verific\u0103 lunar<br \/>\nachitarea obliga\u0163iilor fiscale curente\/restante \u015fi comunic\u0103 executorilor<br \/>\nbugetari rezultatul verific\u0103rilor;<\/p>\n<p class=\"MsoNormal\" style=\"margin-left:56.7pt\">12.realizeaz\u0103 periodic inform\u0103ri<br \/>\npentru structurile centrale din cadrul ANOFM, inform\u0103ri referitoare la debitele<br \/>\nconstatate \u015fi recuperate;<\/p>\n<p class=\"MsoNormal\" style=\"margin-left:56.7pt\">13.conduce eviden\u0163a veniturilor<br \/>\n\u015fi cheltuielilor bugetare, \u00eencasate, respectiv pl\u0103tite pe subdiviziunile<br \/>\nclasifica\u0163iei bugetare aprobate pentru bugetul asigur\u0103rilor de \u015fomaj;<\/p>\n<p class=\"MsoNormal\" style=\"margin-left:56.7pt\">14.verific\u0103 jurnalul privind<br \/>\n\u00eencasarea veniturilor bugetare, respectiv plata cheltuielilor;<\/p>\n<p class=\"MsoNormal\" style=\"margin-left:56.7pt\">15.analizeaz\u0103 \u015fi verific\u0103 documentele<br \/>\nprivind restituiri de sume c\u0103tre persoane juridice \u015fi fizice<span>\u00a0 <\/span>\u015fi \u00eenregistreaz\u0103 opera\u0163iunile respective \u00een<br \/>\neviden\u0163a sintetic\u0103 \u015fi analitic\u0103;<\/p>\n<p class=\"MsoNormal\" style=\"margin-left:56.7pt\">16.asigur\u0103 la finele exerci\u0163iului<br \/>\nbugetar \u00eenchiderea conturilor sintetice \u015fi analitice de venituri bugetare;<\/p>\n<p class=\"MsoNormal\" style=\"margin-left:56.7pt\">17.urm\u0103re\u015fte modul de executare a<br \/>\nbugetului de cheltuieli proprii \u015fi propune m\u0103surile necesare de luat pentru<br \/>\nrespectarea disciplinei financiare;<\/p>\n<p class=\"MsoNormal\" style=\"margin-left:56.7pt\">18.asigur\u0103 p\u0103strarea secretului<br \/>\nfiscal \u015fi a confiden\u0163ialit\u0103\u0163ii documentelor \u015fi informa\u0163iilor gestionate, \u00een<br \/>\ncondi\u0163iile prevederilor legii;<\/p>\n<p class=\"MsoNormal\" style=\"margin-left:56.7pt\"><b>\u00a0<\/b><\/p>\n<p class=\"MsoNormal\" style=\"margin-left:56.7pt\"><b><span>\u00a0<\/span>b).\u00cen domeniul financiar<br \/>\ncontabilitate<\/b> are \u00een principal urm\u0103toarele atribu\u0163ii:<\/p>\n<p class=\"MsoNormal\" style=\"margin-left:56.7pt\">1.organizeaz\u0103, \u00een conformitate cu<br \/>\nlegisla\u0163ia financiar\u0103 \u00een vigoare, eviden\u0163a contabil\u0103, sintetic\u0103 \u015fi analitic\u0103 ;<\/p>\n<p class=\"MsoNormal\" style=\"margin-left:56.7pt\">2.efectueaz\u0103 \u00eenregistr\u0103rile<br \/>\ncontabile \u015fi \u00eentocme\u015fte fi\u015fele de cont analitice \u015fi sintetice \u015fi a balan\u0163elor<br \/>\nanalitice \u015fi sintetice ;<\/p>\n<p class=\"MsoNormal\" style=\"margin-left:56.7pt\">3.coordoneaz\u0103 \u015fi asigur\u0103<br \/>\nangajarea cheltuielilor proprii de func\u0163ionare \u015fi a celor necesare realiz\u0103rii<br \/>\nobiectivelor, \u00een conformitate cu dispozi\u0163iile prevederilor legii;<\/p>\n<p class=\"MsoNormal\" style=\"margin-left:56.7pt\">4.realizeaz\u0103 eviden\u0163a debitelor<br \/>\npentru persoanele fizice;<\/p>\n<p class=\"MsoNormal\" style=\"margin-left:56.7pt\">5.\u00eentocme\u015fte documenta\u0163ia<br \/>\nnecesar\u0103 pentru emiterea deciziilor de imputare \u00een vederea recuper\u0103rii<br \/>\ndebitelor de la persoanele fizice care au \u00eencasat necuvenit drepturi b\u0103ne\u015fti;<\/p>\n<p class=\"MsoNormal\" style=\"margin-left:56.7pt\">6.efectueaz\u0103 pla\u0163ile, conform<br \/>\nprevederilor legale \u00een vigoare, pentru realizarea m\u0103surilor active \u015fi pasive de<br \/>\ncombatere \u015fi prevenire a \u015fomajului;<\/p>\n<p class=\"MsoNormal\" style=\"margin-left:56.7pt\">7.efectueaz\u0103 pla\u0163i c\u0103tre<br \/>\nfurnizorii de active fixe corporale, furnituri de birou, materiale consumabile<br \/>\n\u015fi prestatorilor de servicii de ocupare \u015fi formare profesional\u0103 \u00een baza<br \/>\ncontractelor \u00eencheiate;<\/p>\n<p class=\"MsoNormal\" style=\"margin-left:56.7pt\">8.\u00eentocme\u015fte lunar documenta\u0163ia<br \/>\npentru plata altor drepturi conform prevederilor legale;<\/p>\n<p class=\"MsoNormal\" style=\"margin-left:56.7pt\">9.urm\u0103re\u015fte decontarea<br \/>\ncheltuielilor de deplasare;<\/p>\n<p class=\"MsoNormal\" style=\"margin-left:56.7pt\">\u00a0<\/p>\n<p class=\"MsoNormal\" style=\"margin-left:56.7pt\">\u00a0<\/p>\n<p class=\"MsoNormal\" style=\"margin-left:56.7pt\">10.asigur\u0103 monitorizarea lunar\u0103 a<br \/>\ncheltuielilor de personal; <\/p>\n<p class=\"MsoNormal\" style=\"margin-left:56.7pt\">11.\u0163ine eviden\u0163a sintetic\u0103 \u015fi<br \/>\nanalitic\u0103 a creditelor bugetare aprobate \u015fi acordate;<\/p>\n<p class=\"MsoNormal\" style=\"margin-left:56.7pt\">12.fundamenteaz\u0103 \u015fi asigur\u0103<br \/>\npla\u0163ile pentru programele de m\u0103suri active;<\/p>\n<p class=\"MsoNormal\" style=\"margin-left:56.7pt\">13.transmite c\u0103tre direc\u0163ia de<br \/>\nspecialitate din cadrul Ministerului Muncii, Familiei Protec\u0163iei Sociale \u015fi<br \/>\nPersoanelor V\u00e2rstnice a informa\u0163iilor referitoare la ajutoarele de stat<br \/>\npotrivit dispozi\u0163iilor legale care reglementeaz\u0103 ajutorul de stat ;<\/p>\n<p class=\"MsoNormal\" style=\"margin-left:56.7pt\">14.\u00eentocme\u015fte \u015fi raporteaz\u0103<br \/>\nexecu\u0163ia lunar\u0103 a bugetului asigur\u0103rilor pentru \u015fomaj \u00een conformitate cu<br \/>\nbugetul aprobat ;<\/p>\n<p class=\"MsoNormal\" style=\"margin-left:56.7pt\">15.\u00eentocme\u015fte situa\u0163iile<br \/>\nfinanciare trimestriale \u015fi anexele \u00eenso\u0163itoare pentru bugetul asigur\u0103rilor<br \/>\npentru \u015fomaj, stimulente, m\u0103suri active, finan\u0163are nerambursabil\u0103 sau<br \/>\ncofinan\u0163are ;<\/p>\n<p class=\"MsoNormal\" style=\"margin-left:56.7pt\">16.fundamenteaz\u0103 bugetul la nivel<br \/>\nlocal \u015fi transmite propunerile la ANOFM ;<\/p>\n<p class=\"MsoNormal\" style=\"margin-left:56.7pt\">17.valorific\u0103 inventarierea<br \/>\npatrimoniului la perioadele prev\u0103zute de legisla\u0163ia \u00een vigoare; <\/p>\n<p class=\"MsoNormal\" style=\"margin-left:56.7pt\">18.organizeaz\u0103 \u015fi coordoneaz\u0103<br \/>\nactivitatea de arhivare;<\/p>\n<p class=\"MsoNormal\" style=\"margin-left:56.7pt\">19.exercit\u0103 controlul financiar<br \/>\npropriu;<\/p>\n<p class=\"MsoNormal\" style=\"margin-left:56.7pt\">20.efectueaz\u0103 pla\u0163ile drepturilor<br \/>\nprev\u0103zute de prevederile Legii nr.76\/2002, cu modific\u0103rile \u015fi complet\u0103rile<br \/>\nulterioare, privind persoanele care au primit indemniza\u0163ie de \u015fomaj \u015fi care<br \/>\ns-au \u00eencadrat \u00een munc\u0103 \u00eenainte de expirarea perioadei pentru care ar fi fost<br \/>\n\u00eendrept\u0103\u0163ite s\u0103 primeasc\u0103 indemniza\u0163ie de \u015fomaj (beneficiind de un cuantum egal<br \/>\ncu 30% din indemniza\u0163ia de \u015fomaj);<\/p>\n<p class=\"MsoNormal\" style=\"margin-left:56.7pt\">21.efectueaz\u0103 pl\u0103\u0163ile drepturilor<br \/>\npentru persoanele care se \u00eencadreaz\u0103 \u00een alt\u0103 localitate conform<span>\u00a0 <\/span>prevederilor Legii nr. 76\/2002;<\/p>\n<p class=\"MsoNormal\" style=\"margin-left:56.7pt\">22.prelucreaz\u0103 cererile pentru<br \/>\nacordarea drepturilor restante ca urmare<span>\u00a0<br \/>\n<\/span>a neridic\u0103rii \u00een termen sau datorit\u0103 re\u0163inerilor mandatelor de la plat\u0103;<\/p>\n<p class=\"MsoNormal\" style=\"margin-left:56.7pt\">23.estimeaz\u0103 volumul de pl\u0103\u0163i pentru<br \/>\nrealizarea indicatorilor de performan\u0163\u0103;<\/p>\n<p class=\"MsoNormal\" style=\"margin-left:56.7pt\">24.realizeaz\u0103 \u00eenchideri de luna<br \/>\ndin punct de vedere financiar \u015fi statistic;<\/p>\n<p class=\"MsoNormal\" style=\"margin-left:56.7pt\">25.efectueaz\u0103 pl\u0103\u0163ile drepturilor<br \/>\nprev\u0103zute \u00een prevederile Legii 76\/2002, cu modific\u0103rile \u015fi complet\u0103rile<br \/>\nulterioare, privind absolven\u0163ii institu\u0163iilor de \u00eenv\u0103\u0163\u0103m\u00e2nt \u015fi absolven\u0163ii<br \/>\n\u015fcolilor speciale, \u00een v\u00e2rst\u0103 de minim 16 ani, \u00eenregistra\u0163i la A.J.O.F.M. Arge\u015f,<br \/>\ncare se angajeaz\u0103 cu un program normal de lucru pe o perioad\u0103 mai mare de 12<br \/>\nluni ;<\/p>\n<p class=\"MsoNormal\" style=\"margin-left:56.7pt\">26.efectueaz\u0103 plata subven\u0163iilor<br \/>\npentru stimularea angaj\u0103rii absolven\u0163ilor, a persoanelor \u00een v\u00e2rst\u0103 de peste 45<br \/>\nde ani, a \u00eentre\u0163in\u0103torilor unici de familie, a persoanelor cu handicap, a<br \/>\npersoanelor care \u00een termen de 5 ani de la \u00eencadrare \u00eendeplinesc condi\u0163iile de<br \/>\npensie de limit\u0103 de v\u00e2rst\u0103 sau pensia anticipat\u0103 par\u0163ial\u0103, \u00een condi\u0163iile<br \/>\nprevederilor legii.<\/p>\n<p class=\"MsoNormal\" style=\"margin-left:56.7pt\">27.efectueaz\u0103 calculul \u015fi plata<br \/>\nconcediilor medicale pentru \u015fomeri.<\/p>\n<p class=\"MsoNormal\" style=\"margin-left:56.7pt\">\u00a0<\/p>\n<p class=\"MsoNormal\" style=\"margin-left:56.7pt\">\u00a0<\/p>\n<p class=\"MsoNormal\" style=\"margin-left:56.7pt\">\u00a0<\/p>\n<p class=\"MsoNormal\" style=\"margin-left:56.7pt\"><b>c).\u00cen domeniul administr\u0103rii fondului de garantare pentru plata<br \/>\ncrean\u0163elor salariale<\/b> are \u00een principal urm\u0103toarele atribu\u0163ii:<\/p>\n<p class=\"MsoNormal\" style=\"margin-left:56.7pt\">1.administreaz\u0103 \u015fi gestioneaz\u0103<br \/>\nutilizarea fondului de garantare pentru plata crean\u0163elor salariale;<\/p>\n<p class=\"MsoNormal\" style=\"margin-left:56.7pt\">2.asigur\u0103 eviden\u0163a contabil\u0103 a<br \/>\nmodului de constituire \u015fi utilizare a fondului de garantare pentru plata<br \/>\ncrean\u0163elor salariale;<\/p>\n<p class=\"MsoNormal\" style=\"margin-left:56.7pt\">3.prime\u015fte, examineaz\u0103 \u015fi<br \/>\nsolu\u0163ioneaz\u0103 cereri privind plata crean\u0163elor salariale ce rezult\u0103 din<br \/>\ncontractele individuale de munc\u0103 \u015fi\/sau contractele colective de munc\u0103,<br \/>\npotrivit prevederilor <\/p>\n<p class=\"MsoNormal\" style=\"margin-left:56.7pt\">Legii nr. 200\/2006, privind<br \/>\nconstituirea \u015fi utilizarea Fondului de garantare pentru plata crean\u0163elor<br \/>\nsalariale;<\/p>\n<p class=\"MsoNormal\" style=\"margin-left:56.7pt\">4.\u00eentocme\u015fte propuneri privind<br \/>\nelaborarea proiectului de buget, pentru activit\u0103\u0163ile specifice;<\/p>\n<p class=\"MsoNormal\" style=\"margin-left:56.7pt\">5.transmite macheta pentru<br \/>\nraportarea datelor privind situa\u0163ia crean\u0163elor salariale pl\u0103tite \u00een format<br \/>\nelectronic \u015fi prin po\u015ft\u0103; <\/p>\n<p class=\"MsoNormal\" style=\"margin-left:56.7pt\">6.transmite necesarul c\u0103tre<br \/>\nCompartimentul execu\u0163ie bugetar\u0103, financiar contabilitate \u015fi administrare fond<br \/>\ngarantare pentru plata crean\u0163elor salariale \u00een cazul \u00een care sunt \u00eendeplinite<br \/>\ncondi\u0163iile legale<span>\u00a0 <\/span>privind acordarea de<br \/>\ncrean\u0163e salariale din Fondul de Garantare;<\/p>\n<p class=\"MsoNormal\" style=\"margin-left:42.0pt;text-indent:14.7pt\"><b><span style=\"color:red\">\u00a0<\/span><\/b><\/p>\n<p class=\"MsoNormal\" style=\"margin-left:21.3pt\"><b><span style=\"color:black\"><span>\u00a0\u00a0\u00a0\u00a0\u00a0\u00a0 <\/span><span>\u00a0\u00a0<\/span><\/span><\/b><\/p>\n<p class=\"MsoNormal\" style=\"margin-left:1.0in\"><span lang=\"FR\"><span>\u00a0\u00a0\u00a0\u00a0\u00a0 <\/span><span>\u00a0\u00a0\u00a0\u00a0\u00a0\u00a0\u00a0\u00a0\u00a0\u00a0\u00a0\u00a0\u00a0\u00a0\u00a0\u00a0\u00a0\u00a0\u00a0\u00a0\u00a0\u00a0\u00a0\u00a0\u00a0\u00a0\u00a0\u00a0\u00a0\u00a0\u00a0\u00a0\u00a0\u00a0\u00a0\u00a0\u00a0\u00a0\u00a0\u00a0\u00a0\u00a0\u00a0\u00a0\u00a0\u00a0\u00a0\u00a0\u00a0\u00a0\u00a0\u00a0\u00a0<\/span><span>\u00a0\u00a0\u00a0\u00a0\u00a0\u00a0\u00a0\u00a0\u00a0\u00a0\u00a0\u00a0\u00a0\u00a0\u00a0\u00a0\u00a0\u00a0\u00a0\u00a0\u00a0\u00a0\u00a0\u00a0\u00a0\u00a0\u00a0\u00a0\u00a0\u00a0\u00a0\u00a0\u00a0\u00a0\u00a0<\/span><\/span><\/p>\n<p class=\"MsoNormal\" style=\"margin-left:56.7pt\"><span lang=\"FR\">\u00a0<\/span><\/p>\n<p class=\"MsoNormal\" style=\"margin-left:56.7pt\"><span lang=\"FR\">Badescu Nicolae<\/span><\/p>\n<p class=\"MsoNormal\" style=\"margin-left:56.7pt\"><span lang=\"FR\">Dir<\/span>ector executiv<\/p>\n<p class=\"MsoNormal\" style=\"margin-left:56.7pt\">\u00a0<\/p>\n<p class=\"MsoNormal\" style=\"margin-left:56.7pt\">\u00a0<\/p>\n<p class=\"MsoNormal\" style=\"margin-left:56.7pt\">\u00a0<\/p>\n<p class=\"MsoNormal\" style=\"margin-left:56.7pt\"><span>\u00a0\u00a0\u00a0\u00a0\u00a0\u00a0\u00a0\u00a0\u00a0\u00a0\u00a0\u00a0\u00a0\u00a0\u00a0\u00a0\u00a0\u00a0\u00a0\u00a0\u00a0\u00a0\u00a0\u00a0\u00a0\u00a0\u00a0\u00a0 <\/span><\/p>\n<p class=\"MsoNormal\" style=\"margin-left:56.7pt\">Ceausescu Teodora<\/p>\n<p class=\"MsoNormal\" style=\"margin-left:56.7pt\">Consilier superior<\/p>\n<p class=\"MsoNormal\" style=\"margin-left:56.7pt\"><span lang=\"FR\">Compartiment Resurse umane, salarizare, comunicare si secretariatul<br \/>\nConsiliului Consultativ<\/span><\/p>\n<p class=\"MsoNormal\" style=\"margin-left:56.7pt\"><span lang=\"FR\">\u00a0<\/span><\/p>\n<p class=\"MsoNormal\"><b>\u00a0<\/b><\/p>\n<h1><span style=\"font-size:11.0pt;line-height:115%;font-family:\"><span>\u00a0\u00a0\u00a0\u00a0\u00a0\u00a0\u00a0\u00a0\u00a0\u00a0\u00a0\u00a0\u00a0\u00a0\u00a0\u00a0\u00a0\u00a0\u00a0\u00a0\u00a0\u00a0\u00a0\u00a0\u00a0\u00a0\u00a0\u00a0\u00a0\u00a0\u00a0\u00a0\u00a0\u00a0 <\/span><\/span><span lang=\"FR\"><\/span><\/h1>\n","protected":false},"excerpt":{"rendered":"<p>Concurs consilier grad profesional superior &#8211; Serviciul Administrare Buget<\/p>\n","protected":false},"author":0,"featured_media":0,"comment_status":"closed","ping_status":"closed","sticky":false,"template":"","format":"standard","meta":{"footnotes":""},"categories":[7],"tags":[],"class_list":["post-314","post","type-post","status-publish","format-standard","hentry","category-cariera-profesionala"],"_links":{"self":[{"href":"https:\/\/www.anofm.ro\/arges\/wp-json\/wp\/v2\/posts\/314","targetHints":{"allow":["GET"]}}],"collection":[{"href":"https:\/\/www.anofm.ro\/arges\/wp-json\/wp\/v2\/posts"}],"about":[{"href":"https:\/\/www.anofm.ro\/arges\/wp-json\/wp\/v2\/types\/post"}],"replies":[{"embeddable":true,"href":"https:\/\/www.anofm.ro\/arges\/wp-json\/wp\/v2\/comments?post=314"}],"version-history":[{"count":0,"href":"https:\/\/www.anofm.ro\/arges\/wp-json\/wp\/v2\/posts\/314\/revisions"}],"wp:attachment":[{"href":"https:\/\/www.anofm.ro\/arges\/wp-json\/wp\/v2\/media?parent=314"}],"wp:term":[{"taxonomy":"category","embeddable":true,"href":"https:\/\/www.anofm.ro\/arges\/wp-json\/wp\/v2\/categories?post=314"},{"taxonomy":"post_tag","embeddable":true,"href":"https:\/\/www.anofm.ro\/arges\/wp-json\/wp\/v2\/tags?post=314"}],"curies":[{"name":"wp","href":"https:\/\/api.w.org\/{rel}","templated":true}]}}