{"id":305,"date":"2021-04-27T00:00:00","date_gmt":"2021-04-26T21:00:00","guid":{"rendered":"https:\/\/www.anofm.ro\/arges\/rezultat-etapa-i-proiect-intespo-inregistrarea-tinerilor-in-evidentele-servciului-public-de-ocupare\/"},"modified":"2021-04-27T00:00:00","modified_gmt":"2021-04-26T21:00:00","slug":"rezultat-etapa-i-proiect-intespo-inregistrarea-tinerilor-in-evidentele-servciului-public-de-ocupare","status":"publish","type":"post","link":"https:\/\/www.anofm.ro\/arges\/rezultat-etapa-i-proiect-intespo-inregistrarea-tinerilor-in-evidentele-servciului-public-de-ocupare\/","title":{"rendered":"REZULTAT   ETAPA I &#8211;  Proiect &#8222;INTESPO -\u00cenregistrarea Tinerilor \u00een Eviden\u0163ele Servciului Public de Ocupare\u201d"},"content":{"rendered":"<p class=\"MsoNormal\" style=\"margin-left:0in\"><span lang=\"RO\">\u00a0<\/span><\/p>\n<p><span lang=\"RO\">Nr.11558<span>\u00a0 <\/span>\/AJOFM<br \/>\nArges\/27.04.2021<\/span><\/p>\n<p class=\"MsoNormal\" style=\"margin-left:1.25in\"><span lang=\"RO\">\u00a0<\/span><\/p>\n<p class=\"MsoNormal\" style=\"margin-left:2.25in;text-indent:.25in\"><span lang=\"RO\"><span>\u00a0\u00a0\u00a0\u00a0\u00a0\u00a0\u00a0\u00a0\u00a0\u00a0 <\/span>REZULTAT<span>\u00a0 <\/span><span>\u00a0<\/span>ETAPA<br \/>\nI- <\/span><\/p>\n<p class=\"MsoNormal\" style=\"margin-left:2.25in;text-indent:.25in\"><span lang=\"RO\">VERIFICAREA DOSARELOR DEPUSE DE CANDIDATI<\/span><\/p>\n<p class=\"MsoNormal\" style=\"text-align:center\" align=\"center\"><b><span style=\"letter-spacing:.2pt\" lang=\"RO\">Proiect &#8222;INTESPO &#8211;<\/span><\/b><b><span lang=\"RO\">\u00cenregistrarea Tinerilor \u00een Eviden\u0163ele Servciului Public de<br \/>\nOcupare\u201d<\/span><\/b><span lang=\"IT\"> \u2013 POCU<br \/>\n\/135\/2\/3\/113589<\/span><span lang=\"RO\"><\/span><\/p>\n<p class=\"MsoNormal\" style=\"text-align:center\" align=\"center\"><b><span lang=\"RO\">2 posturi de<\/span><\/b><span lang=\"RO\"> <\/span><b><span lang=\"RO\">experti SPO EXTERNI<\/span><\/b><span lang=\"RO\"><\/span><\/p>\n<p class=\"MsoNormal\" style=\"margin-left:1.25in\"><span lang=\"RO\">\u00a0<\/span><\/p>\n<p class=\"MsoNormal\" style=\"margin-left:1.25in\"><span lang=\"RO\"><span>\u00a0\u00a0\u00a0\u00a0 <\/span><\/span><\/p>\n<table class=\"MsoTableGrid\" style=\"margin-left:47.95pt;border-collapse:collapse;border:none\" cellspacing=\"0\" cellpadding=\"0\" border=\"1\">\n<tbody>\n<tr>\n<td style=\"width:49.6pt;border:solid windowtext 1.0pt;padding:0in 5.4pt 0in 5.4pt\" width=\"66\" valign=\"top\">\n<p class=\"MsoNormal\" style=\"margin-left:0in\"><span lang=\"RO\">NR.CRT<\/span><\/p>\n<\/td>\n<td style=\"width:212.65pt;border:solid windowtext 1.0pt;border-left:none;padding:0in 5.4pt 0in 5.4pt\" width=\"284\" valign=\"top\">\n<p class=\"MsoNormal\" style=\"margin-left:0in\"><span lang=\"RO\">Numele si prenumele candidatilor<\/span><\/p>\n<\/td>\n<td style=\"width:113.4pt;border:solid windowtext 1.0pt;border-left:none;padding:0in 5.4pt 0in 5.4pt\" width=\"151\" valign=\"top\">\n<p class=\"MsoNormal\" style=\"margin-left:0in\"><span lang=\"RO\">NR. DOSAR CANDIDAT<\/span><\/p>\n<\/td>\n<td style=\"width:99.2pt;border:solid windowtext 1.0pt;border-left:none;padding:0in 5.4pt 0in 5.4pt\" width=\"132\" valign=\"top\">\n<p class=\"MsoNormal\" style=\"margin-left:0in\"><span lang=\"RO\">Rezultat Etapa I<\/span><\/p>\n<\/td>\n<\/tr>\n<tr>\n<td style=\"width:49.6pt;border:solid windowtext 1.0pt;border-top:none;padding:0in 5.4pt 0in 5.4pt\" width=\"66\" valign=\"top\">\n<p class=\"MsoNormal\" style=\"margin-left:0in\"><span lang=\"RO\">1<\/span><\/p>\n<\/td>\n<td style=\"width:212.65pt;border-top:none;border-left:  none;border-bottom:solid windowtext 1.0pt;border-right:solid windowtext 1.0pt;padding:0in 5.4pt 0in 5.4pt\" width=\"284\" valign=\"top\">\n<p class=\"MsoNormal\" style=\"margin-left:0in\"><span lang=\"RO\">GHEORGHE VASILE ALIN<\/span><\/p>\n<\/td>\n<td style=\"width:113.4pt;border-top:none;border-left:  none;border-bottom:solid windowtext 1.0pt;border-right:solid windowtext 1.0pt;padding:0in 5.4pt 0in 5.4pt\" width=\"151\" valign=\"top\">\n<p class=\"MsoNormal\" style=\"margin-left:0in\"><span lang=\"RO\">11501\/26.04.2021<\/span><\/p>\n<\/td>\n<td style=\"width:99.2pt;border-top:none;border-left:  none;border-bottom:solid windowtext 1.0pt;border-right:solid windowtext 1.0pt;padding:0in 5.4pt 0in 5.4pt\" width=\"132\" valign=\"top\">\n<p class=\"MsoNormal\" style=\"margin-left:0in\"><span lang=\"RO\">ADMIS<\/span><\/p>\n<\/td>\n<\/tr>\n<tr>\n<td style=\"width:49.6pt;border:solid windowtext 1.0pt;border-top:none;padding:0in 5.4pt 0in 5.4pt\" width=\"66\" valign=\"top\">\n<p class=\"MsoNormal\" style=\"margin-left:0in\"><span lang=\"RO\">2<\/span><\/p>\n<\/td>\n<td style=\"width:212.65pt;border-top:none;border-left:  none;border-bottom:solid windowtext 1.0pt;border-right:solid windowtext 1.0pt;padding:0in 5.4pt 0in 5.4pt\" width=\"284\" valign=\"top\">\n<p class=\"MsoNormal\" style=\"margin-left:0in\"><span lang=\"RO\">BANICA CARMEN MIHAELA<\/span><\/p>\n<\/td>\n<td style=\"width:113.4pt;border-top:none;border-left:  none;border-bottom:solid windowtext 1.0pt;border-right:solid windowtext 1.0pt;padding:0in 5.4pt 0in 5.4pt\" width=\"151\" valign=\"top\">\n<p class=\"MsoNormal\" style=\"margin-left:0in\"><span lang=\"RO\">11393\/23.04.2021<\/span><\/p>\n<\/td>\n<td style=\"width:99.2pt;border-top:none;border-left:  none;border-bottom:solid windowtext 1.0pt;border-right:solid windowtext 1.0pt;padding:0in 5.4pt 0in 5.4pt\" width=\"132\" valign=\"top\">\n<p class=\"MsoNormal\" style=\"margin-left:0in\"><span lang=\"RO\">ADMIS<\/span><\/p>\n<\/td>\n<\/tr>\n<\/tbody>\n<\/table>\n<p class=\"MsoNormal\" style=\"margin-left:0in\"><span lang=\"RO\">\u00a0<\/span><\/p>\n<p class=\"MsoNormal\" style=\"margin-left:.5in;text-indent:.5in\"><span lang=\"RO\">Eventualele contesta\u0163ii pentru etapa I vor fi<br \/>\ndepuse la Registratura<span>\u00a0 <\/span>AJOFM Arges,<br \/>\nPitesti, B-dul Republicii, nr. 11, \u00een termen de 24 ore de la data public\u0103rii<br \/>\nrezultatelor acestei etape,<span>\u00a0 <\/span>sub<br \/>\nsanc\u0163iunea dec\u0103derii din acest drept.<\/span><\/p>\n<p class=\"MsoNormal\" style=\"margin-left:1.25in\"><span lang=\"RO\">\u00a0<\/span><\/p>\n<p class=\"MsoNormal\" style=\"margin-left:.5in;text-indent:.5in\"><span lang=\"RO\">Lista candida\u021bilor declara\u021bi admi\u0219i <span>\u00a0<\/span>se va afi\u0219a la sediul agen\u021biei \u0219i pe site-ul<br \/>\nAJOFM Arges.<\/span><\/p>\n<p class=\"MsoNormal\" style=\"margin-left:1.25in\"><span lang=\"RO\"><span>\u00a0\u00a0\u00a0\u00a0 <\/span><\/span><\/p>\n<p class=\"MsoNormal\" style=\"margin-left:0in;text-indent:.5in\"><span lang=\"RO\"><span>\u00a0\u00a0\u00a0\u00a0\u00a0\u00a0\u00a0\u00a0\u00a0 <\/span><\/span><\/p>\n<p class=\"MsoNormal\" style=\"margin-left:0in;text-indent:.5in\"><span lang=\"RO\">SECRETAR:<span>\u00a0\u00a0\u00a0 <\/span>CEAUSESCU<br \/>\nTEODORA<span>\u00a0\u00a0\u00a0\u00a0\u00a0\u00a0\u00a0\u00a0\u00a0\u00a0\u00a0\u00a0\u00a0\u00a0\u00a0\u00a0\u00a0\u00a0 <\/span>&#8211; CONSILIER<br \/>\nSUPERIOR ________________________<span>\u00a0\u00a0\u00a0\u00a0\u00a0\u00a0\u00a0\u00a0\u00a0 <\/span><\/span><\/p>\n<p class=\"MsoNormal\" style=\"margin-left:0in;text-indent:.5in\"><span lang=\"RO\">\u00a0<\/span><\/p>\n<p class=\"MsoNormal\" style=\"margin-left:0in;text-indent:.5in\"><span lang=\"RO\">Afisat astazi 27.04.2021, ora 16.<sup>00<\/sup><span>\u00a0\u00a0\u00a0\u00a0\u00a0\u00a0\u00a0\u00a0\u00a0\u00a0 <\/span><\/span><\/p>\n<p class=\"MsoNormal\" style=\"margin-left:0in;text-indent:.5in\"><span lang=\"RO\">\u00a0<\/span><\/p>\n","protected":false},"excerpt":{"rendered":"<p>           REZULTAT   ETAPA I- VERIFICAREA DOSARELOR DEPUSE DE CANDIDATI<br \/>\nProiect &#8222;INTESPO -\u00cenregistrarea Tinerilor \u00een Eviden\u0163ele Servciului Public de Ocupare\u201d<\/p>\n","protected":false},"author":0,"featured_media":0,"comment_status":"closed","ping_status":"closed","sticky":false,"template":"","format":"standard","meta":{"footnotes":""},"categories":[7],"tags":[],"class_list":["post-305","post","type-post","status-publish","format-standard","hentry","category-cariera-profesionala"],"_links":{"self":[{"href":"https:\/\/www.anofm.ro\/arges\/wp-json\/wp\/v2\/posts\/305","targetHints":{"allow":["GET"]}}],"collection":[{"href":"https:\/\/www.anofm.ro\/arges\/wp-json\/wp\/v2\/posts"}],"about":[{"href":"https:\/\/www.anofm.ro\/arges\/wp-json\/wp\/v2\/types\/post"}],"replies":[{"embeddable":true,"href":"https:\/\/www.anofm.ro\/arges\/wp-json\/wp\/v2\/comments?post=305"}],"version-history":[{"count":0,"href":"https:\/\/www.anofm.ro\/arges\/wp-json\/wp\/v2\/posts\/305\/revisions"}],"wp:attachment":[{"href":"https:\/\/www.anofm.ro\/arges\/wp-json\/wp\/v2\/media?parent=305"}],"wp:term":[{"taxonomy":"category","embeddable":true,"href":"https:\/\/www.anofm.ro\/arges\/wp-json\/wp\/v2\/categories?post=305"},{"taxonomy":"post_tag","embeddable":true,"href":"https:\/\/www.anofm.ro\/arges\/wp-json\/wp\/v2\/tags?post=305"}],"curies":[{"name":"wp","href":"https:\/\/api.w.org\/{rel}","templated":true}]}}