{"id":25,"date":"2018-12-07T00:00:00","date_gmt":"2018-12-06T22:00:00","guid":{"rendered":"https:\/\/www.anofm.ro\/arges\/mesajul-presedintelui-anofm-cu-ocazia-zilei-aniversare-ziua-anofm\/"},"modified":"2018-12-07T00:00:00","modified_gmt":"2018-12-06T22:00:00","slug":"mesajul-presedintelui-anofm-cu-ocazia-zilei-aniversare-ziua-anofm","status":"publish","type":"post","link":"https:\/\/www.anofm.ro\/arges\/mesajul-presedintelui-anofm-cu-ocazia-zilei-aniversare-ziua-anofm\/","title":{"rendered":"Mesajul Pre\u015fedintelui ANOFM cu ocazia zilei aniversare- \u201eZiua ANOFM\u201d"},"content":{"rendered":"<p class=\"MsoNormal\" style=\"margin-left:0cm\"><span lang=\"EN-US\">Agen\u0163ia<br \/>\nNa\u0163ional\u0103 pentru Ocuparea For\u0163ei de Munc\u0103 aniverseaz\u0103, \u00een data de 10 Decembrie,<br \/>\n20 ani de la prima \u015fedin\u0163\u0103 a Consiliului de Administra\u0163ie, moment ce a pus<br \/>\nbazele unei institu\u0163ii orientate c\u0103tre pia\u0163a muncii. <\/span><span lang=\"EN-US\">Serviciul<br \/>\nPublic de Ocupare, cu toate structurile sale, a acumulat \u00een ace\u0219ti ani o<br \/>\nexperien\u0163\u0103 bogat\u0103 \u015fi valoroas\u0103, poten\u0163at\u0103 \u015fi de modelele de succes ale institu\u021biilor<br \/>\nsimilare din statele membre ale Uniunii Europene.<\/span><\/p>\n<p class=\"MsoNormal\" style=\"margin-left:0cm\"><span>\u00ce<\/span><span lang=\"EN-US\">n acest moment, <\/span><span lang=\"EN-US\">ANOFM ofer\u0103 servicii profesioniste folosite cu <\/span><span lang=\"EN-US\">\u00eencredere de to\u0163i cei care doresc s\u0103 intre pe pia\u0163a muncii sau s\u0103<br \/>\nevolueze \u00een cadrul acesteia.<\/span><\/p>\n<p class=\"MsoNormal\" style=\"margin-left:0cm\"><span lang=\"EN-US\">Identificarea \u015fi valorificarea oportunit\u0103\u0163ilor de ocupare prin oferirea<br \/>\nde servicii de calitate pentru cei care caut\u0103 un loc de munc\u0103 sau pentru<br \/>\nangajatori, sunt deziderate permanente urm\u0103rite \u00een activitatea desf\u0103\u015furat\u0103 at\u00e2t<br \/>\nla nivel central, c\u00e2t \u015fi \u00een structurile teritoriale ale ANOFM.<\/span><\/p>\n<p class=\"MsoNormal\" style=\"margin-left:0cm\"><span lang=\"EN-US\">Institu\u021bia noastr\u0103 acord\u0103 o deosebit\u0103 aten\u0163ie \u00eendeplinirii obiectivelor<br \/>\nmajore stabilite prin Strategia Europa 2020, respectiv: cre\u015fterea ocup\u0103rii<br \/>\nfor\u0163ei de munc\u0103 prin diminuarea \u015fomajului de lung\u0103 durat\u0103, a \u015fomajului \u00een<br \/>\nr\u00e2ndul tinerilor, dar \u015fi a altor categorii de persoane care \u00eent\u00e2mpin\u0103<br \/>\ndificult\u0103\u0163i de integrare pe pia\u0163a muncii.<\/span><\/p>\n<p class=\"MsoNormal\" style=\"margin-left:0cm\"><span lang=\"EN-US\">\u00cen acest sens, sub \u00eendrumarea Ministerului Muncii \u0219i Justi\u021biei Sociale, implement\u0103m<br \/>\no serie de proiecte finan\u021bate din Fondul Social European prin Programul<br \/>\nOpera\u021bional Capital Uman 2014-2020, urm\u0103rindu-se astfel cre\u0219terea<br \/>\noportunit\u0103\u021bilor de \u00eencadrare \u00een munc\u0103 a persoanelor <\/span><span lang=\"EN-US\" style=\"font-size:12.0pt;line-height:115%\">apar\u0163in\u00e2nd unor categorii dezavantajate sau cu<br \/>\nacces mai dificil pe pia\u0163a muncii.<\/span><span lang=\"EN-US\"><\/span><\/p>\n<p class=\"MsoNormal\" style=\"margin-left:0cm\"><span lang=\"EN-US\">Astfel,<br \/>\n\u00een acest moment, ANOFM are \u00een derulare \u0219apte proiecte \u00een valoare total\u0103 de peste<br \/>\n400 de milioane de euro, finan\u021b\u00e2ndu-se p\u00e2n\u0103 la sf\u00e2r\u0219itul anului 2022 mare parte<br \/>\ndin m\u0103surile destinate stimul\u0103rii ocup\u0103rii for\u021bei de munc\u0103.<\/span><\/p>\n<p class=\"MsoNormal\" style=\"margin-left:0cm\"><span lang=\"EN-US\">Cu<br \/>\nacest prilej aniversar mul\u0163umim membrilor Consiliului de Administra\u0163ie al<br \/>\nANOFM, tuturor partenerilor \u0219i colaboratorilor, clien\u0163ilor no\u015ftri \u015fi nu \u00een ultimul<br \/>\nr\u00e2nd, colegilor, pentru sprijinul \u015fi \u00eencrederea acordate. Implicarea \u0219i<br \/>\nactivitatea tuturor stau la baza realiz\u0103rilor ANOFM, constituind, \u0219i \u00een viitor,<br \/>\ngaran\u021bia esen\u021bial\u0103 a capacit\u0103\u021bii de a \u00eendeplini obiectivele fundamentale ale<br \/>\nactivit\u0103\u0163ii sale. <\/span><span lang=\"EN-US\" style=\"font-size:11.5pt;line-height:115%\">De asemenea, mul\u0163umim reprezentan\u0163ilor mass-media pentru sprijinul<br \/>\nnemijlocit pe care ni l-au acordat de-a lungul timpului \u00een asigurarea<br \/>\nvizibilit\u0103\u0163ii institu\u0163iei centrale, c\u00e2t \u015fi a structurilor teritoriale, urm\u0103rind<br \/>\ndezideratul comun al inform\u0103rii corecte \u015fi la timp a persoanelor interesate de<br \/>\nserviciile noastre. <\/span><\/p>\n<p class=\"MsoNormal\" align=\"center\" style=\"margin-left:0cm;text-align:center\"><b><span lang=\"EN-US\">Daniela<br \/>\nBarbu<\/span><\/b><\/p>\n<p class=\"MsoNormal\" align=\"center\" style=\"margin-left:0cm;text-align:center\"><b><span lang=\"EN-US\">Pre\u0219edinte<br \/>\nANOFM<\/span><\/b><\/p>\n","protected":false},"excerpt":{"rendered":"<p>Mesajul Pre\u015fedintelui ANOFM cu ocazia zilei aniversare- \u201eZiua ANOFM\u201d<\/p>\n","protected":false},"author":0,"featured_media":0,"comment_status":"closed","ping_status":"closed","sticky":false,"template":"","format":"standard","meta":{"footnotes":""},"categories":[9],"tags":[],"class_list":["post-25","post","type-post","status-publish","format-standard","hentry","category-comunicate-de-presa"],"_links":{"self":[{"href":"https:\/\/www.anofm.ro\/arges\/wp-json\/wp\/v2\/posts\/25","targetHints":{"allow":["GET"]}}],"collection":[{"href":"https:\/\/www.anofm.ro\/arges\/wp-json\/wp\/v2\/posts"}],"about":[{"href":"https:\/\/www.anofm.ro\/arges\/wp-json\/wp\/v2\/types\/post"}],"replies":[{"embeddable":true,"href":"https:\/\/www.anofm.ro\/arges\/wp-json\/wp\/v2\/comments?post=25"}],"version-history":[{"count":0,"href":"https:\/\/www.anofm.ro\/arges\/wp-json\/wp\/v2\/posts\/25\/revisions"}],"wp:attachment":[{"href":"https:\/\/www.anofm.ro\/arges\/wp-json\/wp\/v2\/media?parent=25"}],"wp:term":[{"taxonomy":"category","embeddable":true,"href":"https:\/\/www.anofm.ro\/arges\/wp-json\/wp\/v2\/categories?post=25"},{"taxonomy":"post_tag","embeddable":true,"href":"https:\/\/www.anofm.ro\/arges\/wp-json\/wp\/v2\/tags?post=25"}],"curies":[{"name":"wp","href":"https:\/\/api.w.org\/{rel}","templated":true}]}}