{"id":241,"date":"2020-06-09T00:00:00","date_gmt":"2020-06-08T21:00:00","guid":{"rendered":"https:\/\/www.anofm.ro\/arges\/anunt-privind-masurile-stabilite-in-domeniul-protectiei-sociale-in-contextul-situatiei-epidemiologice-determinate-de-raspandirea-coronavirusului-sars-cov-2\/"},"modified":"2020-06-09T00:00:00","modified_gmt":"2020-06-08T21:00:00","slug":"anunt-privind-masurile-stabilite-in-domeniul-protectiei-sociale-in-contextul-situatiei-epidemiologice-determinate-de-raspandirea-coronavirusului-sars-cov-2","status":"publish","type":"post","link":"https:\/\/www.anofm.ro\/arges\/anunt-privind-masurile-stabilite-in-domeniul-protectiei-sociale-in-contextul-situatiei-epidemiologice-determinate-de-raspandirea-coronavirusului-sars-cov-2\/","title":{"rendered":"ANUNT PRIVIND M\u0102SURILE STABILITE  \u00ceN DOMENIUL PROTEC\u0162IEI SOCIALE \u00ceN CONTEXTUL SITUA\u0162IEI EPIDEMIOLOGICE DETERMINATE DE R\u0102SP\u00c2NDIREA CORONAVIRUSULUI SARS-COV-2"},"content":{"rendered":"<\/p>\n<p class=\"MsoNormal\" style=\"text-align:center\" align=\"center\"><b><span lang=\"RO\">ANUNT<\/span><\/b><\/p>\n<p class=\"MsoNormal\" style=\"margin-left:375.65pt;text-align:center\" align=\"center\"><span lang=\"RO\">\u00a0<\/span><\/p>\n<p class=\"MsoNormal\" style=\"text-align:center\" align=\"center\"><b><span>PRIVIND M\u0102SURILE<br \/>\nSTABILITE<span>\u00a0 <\/span>\u00ceN DOMENIUL PROTEC\u0162IEI SOCIALE<br \/>\n\u00ceN CONTEXTUL SITUA\u0162IEI EPIDEMIOLOGICE DETERMINATE DE R\u0102SP\u00c2NDIREA<br \/>\nCORONAVIRUSULUI SARS-COV-2<\/span><\/b><\/p>\n<p class=\"MsoNormal\" style=\"text-align:center\" align=\"center\"><b><span>\u00a0<\/span><\/b><\/p>\n<p class=\"MsoNormal\" style=\"margin-left:36.0pt;text-align:left\" align=\"left\"><span>\u00a0<\/span><\/p>\n<p class=\"MsoNormal\" style=\"margin-left:36.0pt\"><span>Avand in vedere numarul foarte<br \/>\nmare de solicitari privind acordarea indemnizatiei de somaj, programul de lucru<br \/>\ncu publicul al AJOFM Arges \u2013AL Pitesti, AL Curtea de Arges, AL Campulung, PL<br \/>\nTopoloveni, PL Costesti, PL Mioveni, este urmatorul:<\/span><\/p>\n<p class=\"MsoNormal\" style=\"margin-left:36.0pt;text-align:left\" align=\"left\"><span>\u00a0<\/span><\/p>\n<p class=\"MsoNormal\" style=\"margin-left:36.0pt;text-align:left\" align=\"left\"><b><span>LUNI-JOI: 08.00-14.00<\/span><\/b><\/p>\n<p class=\"MsoNormal\" style=\"margin-left:36.0pt;text-align:left\" align=\"left\"><b><span>VINERI: 08.00-10.00<span>\u00a0\u00a0 <\/span><\/span><\/b><\/p>\n<p class=\"MsoNormal\" style=\"margin-left:35.45pt\"><span>\u00a0<\/span><\/p>\n<p class=\"MsoNormal\" style=\"margin-left:36.0pt;line-height:normal\"><span>Conform prevederilor legislative in vigoare, utilizarea po\u015ftei<br \/>\nelectronice este unul din mijloacele de comunicare pentru solicitarea \u015fi<br \/>\nacordarea drepturilor de \u015fomaj.<\/span><span><\/span><\/p>\n<p><\/p>\n<p class=\"MsoNormal\" style=\"margin-left:90.0pt;text-align:center\" align=\"center\">Director<br \/>\nExecutiv<\/p>\n<p class=\"MsoNormal\" style=\"margin-left:90.0pt;text-align:center\" align=\"center\">Nicolae<br \/>\nBadescu<\/p><\/p>\n","protected":false},"excerpt":{"rendered":"<p>anunt PROGRAM CU PUBLICUL<\/p>\n","protected":false},"author":0,"featured_media":0,"comment_status":"closed","ping_status":"closed","sticky":false,"template":"","format":"standard","meta":{"footnotes":""},"categories":[4],"tags":[],"class_list":["post-241","post","type-post","status-publish","format-standard","hentry","category-anunturi-diverse"],"_links":{"self":[{"href":"https:\/\/www.anofm.ro\/arges\/wp-json\/wp\/v2\/posts\/241","targetHints":{"allow":["GET"]}}],"collection":[{"href":"https:\/\/www.anofm.ro\/arges\/wp-json\/wp\/v2\/posts"}],"about":[{"href":"https:\/\/www.anofm.ro\/arges\/wp-json\/wp\/v2\/types\/post"}],"replies":[{"embeddable":true,"href":"https:\/\/www.anofm.ro\/arges\/wp-json\/wp\/v2\/comments?post=241"}],"version-history":[{"count":0,"href":"https:\/\/www.anofm.ro\/arges\/wp-json\/wp\/v2\/posts\/241\/revisions"}],"wp:attachment":[{"href":"https:\/\/www.anofm.ro\/arges\/wp-json\/wp\/v2\/media?parent=241"}],"wp:term":[{"taxonomy":"category","embeddable":true,"href":"https:\/\/www.anofm.ro\/arges\/wp-json\/wp\/v2\/categories?post=241"},{"taxonomy":"post_tag","embeddable":true,"href":"https:\/\/www.anofm.ro\/arges\/wp-json\/wp\/v2\/tags?post=241"}],"curies":[{"name":"wp","href":"https:\/\/api.w.org\/{rel}","templated":true}]}}