{"id":24,"date":"2018-12-04T00:00:00","date_gmt":"2018-12-03T22:00:00","guid":{"rendered":"https:\/\/www.anofm.ro\/arges\/subventii-lunare-de-2-250-lei-pentru-angajatorii-care-incadreaza-in-munca-someri\/"},"modified":"2018-12-04T00:00:00","modified_gmt":"2018-12-03T22:00:00","slug":"subventii-lunare-de-2-250-lei-pentru-angajatorii-care-incadreaza-in-munca-someri","status":"publish","type":"post","link":"https:\/\/www.anofm.ro\/arges\/subventii-lunare-de-2-250-lei-pentru-angajatorii-care-incadreaza-in-munca-someri\/","title":{"rendered":"Subven\u0163ii lunare de 2.250 lei pentru angajatorii care \u00eencadreaz\u0103 \u00een munc\u0103 \u0219omeri"},"content":{"rendered":"<p class=\"MsoNormal\" style=\"margin-left:0cm\"><span lang=\"EN-US\" style=\"font-size:12.0pt;line-height:115%\">Agen\u021bia Na\u021bional\u0103 pentru Ocuparea For\u021bei de Munc\u0103 aplic\u0103 o serie de<br \/>\nm\u0103suri active ce vizeaz\u0103 integrarea pe pia\u021ba muncii a \u0219omerilor \u0219i persoanelor<br \/>\n\u00een c\u0103utarea unui loc de munc\u0103. Printre m\u0103surile destinate cre\u0219terii \u0219anselor de<br \/>\nocupare a \u0219omerilor se num\u0103r\u0103 acordarea de subven\u021bii \u00een vederea stimul\u0103rii<br \/>\nangajatorilor de a \u00eencadra pe pia\u021ba muncii persoane apar\u0163in\u00e2nd unor categorii<br \/>\ndezavantajate sau cu acces mai dificil pe pia\u0163a muncii.<\/span><\/p>\n<p class=\"MsoNormal\" style=\"margin-left:0cm\"><span lang=\"EN-US\" style=\"font-size:12.0pt;line-height:115%;color:#222222;background:white\">Astfel, angajatorii care \u00eencadreaz\u0103 \u00een munc\u0103, pe perioad\u0103 nedeterminat\u0103,<br \/>\n<\/span><span lang=\"FR\" style=\"font-size:12.0pt;line-height:115%;color:black\">\u015fomeri peste<br \/>\n45 ani sau p\u0103rin\u021bi unici sus\u0163in\u0103tori ai familiilor monoparentale<\/span><span lang=\"EN-US\" style=\"font-size:12.0pt;line-height:115%;color:#222222;background:white\">, \u015fomeri de lung\u0103 durat\u0103 sau tineri NEETs<br \/>\nprimesc lunar, pe o perioad\u0103 de 12 luni, pentru fiecare persoan\u0103 angajat\u0103 din<br \/>\naceste categorii, o sum\u0103 \u00een cuantum de <b>2.250<br \/>\nlei<\/b>, cu obliga\u0163ia men\u0163inerii raporturilor de munc\u0103 sau de serviciu cel<br \/>\npu\u0163in 18 luni.\u00a0<\/span><\/p>\n<p class=\"MsoNormal\" style=\"margin-left:0cm\"><span lang=\"EN-US\" style=\"font-size:12.0pt;line-height:115%;color:#222222;background:white\">De aceea<\/span><span style=\"font-size:12.0pt;line-height:115%;color:#222222;background:white\">\u0219i subven\u021bie beneficiaz\u0103 \u0219i a<\/span><span lang=\"EN-US\" style=\"font-size:12.0pt;line-height:115%;color:#222222;background:white\">ngajatorii<br \/>\ncare \u00eencadreaz\u0103 \u00een munc\u0103, potrivit legii, \u015fomeri care, \u00een termen de 5 ani de la<br \/>\ndata angaj\u0103rii \u00eendeplinesc, conform legii, condi\u0163iile pentru a solicita pensia<br \/>\nanticipat\u0103 par\u0163ial\u0103 sau de acordare a pensiei pentru limit\u0103 de v\u00e2rst\u0103, dac\u0103 nu<br \/>\n\u00eendeplinesc condi\u0163iile de a solicita pensia anticipat\u0103 par\u0163ial\u0103, beneficiaz\u0103<br \/>\nlunar, pe perioada angaj\u0103rii, p\u00e2n\u0103 la data \u00eendeplinirii condi\u0163iilor respective.<\/span><\/p>\n<p class=\"MsoNormal\" style=\"margin-left:0cm\"><span lang=\"EN-US\" style=\"font-size:12.0pt;line-height:115%;color:#222222;background:white\">De facilit\u0103\u0163ile men\u021bionate anterior (<b>subven\u021bie \u00een cuantum de 2.250 lei<\/b>) beneficiaz\u0103 \u015fi angajatorii care,<br \/>\n\u00een raport cu num\u0103rul de angaja\u0163i, \u015fi-au \u00eendeplinit obliga\u0163ia, potrivit legii,<br \/>\nde a \u00eencadra \u00een munc\u0103 persoane cu handicap, precum \u015fi angajatorii care nu au<br \/>\naceast\u0103 obliga\u0163ie legal\u0103, dac\u0103 \u00eencadreaz\u0103 \u00een munc\u0103 pe durat\u0103 nedeterminat\u0103<br \/>\npersoane cu handicap \u015fi le men\u0163in raporturile de munc\u0103 sau de serviciu cel<br \/>\npu\u0163in 18 luni.\u00a0<\/span><\/p>\n<p class=\"MsoNormal\" style=\"margin-left:0cm\"><span lang=\"EN-US\" style=\"font-size:12.0pt;line-height:115%;color:#222222;background:white\">\u00cen situa\u021bia \u00eencadr\u0103rii \u00een munc\u0103 pe durat\u0103 nedeterminat\u0103 a absolven\u021bilor,<br \/>\nANOFM acord\u0103 angajatorilor subven\u021bii \u00een cuantum de <b>2.250 de lei<\/b>\/lun\u0103 pe o perioad\u0103 de 12 luni, pentru fiecare<br \/>\nabsolvent angajat. \u00cen cazul \u00een care sunt \u00eencadra\u021bi absolven\u0163i din r\u00e2ndul<br \/>\npersoanelor cu handicap subven\u021biile se acord\u0103 pe o perioad\u0103 de 18 luni.<\/span><\/p>\n<p class=\"MsoNormal\" style=\"margin-left:0cm\"><span lang=\"EN-US\" style=\"font-size:12.0pt;line-height:115%;color:#222222;background:white\">\u00cen primele zece luni ale acestui an, prin intermediul ANOFM, <\/span><span lang=\"IT\" style=\"font-size:12.0pt;line-height:115%;color:black\">19.669 de persoane au fost \u00eencadrate p<\/span><span style=\"font-size:12.0pt;line-height:115%;color:black\">rin acordarea de <b>subven\u0163ii<br \/>\nangajatorilor<\/b> (conform Legii nr. 76\/2002 cu modific\u0103rile \u015fi complet\u0103rile<br \/>\nulterioare).<\/span><span lang=\"EN-US\" style=\"font-size:12.0pt;line-height:115%;color:#222222;background:white\"><\/span><\/p>\n<p class=\"MsoNormal\" style=\"margin-left:0cm\"><span lang=\"EN-US\" style=\"font-size:12.0pt;line-height:115%;color:#222222;background:white\">Toate aceste subven<\/span><span style=\"font-size:12.0pt;line-height:115%;color:#222222;background:white\">\u021bii sunt asigurate de ANOFM prin implementarea de proiecte <\/span><span lang=\"EN-US\" style=\"font-size:12.0pt;line-height:115%;color:#222222;background:white\">finan\u021bate din Fondul Social European prin<br \/>\nProgramul Opera\u021bional Capital Uman 2014-2020, urm\u0103rindu-se astfel cre\u0219terea<br \/>\noportunit\u0103\u021bilor de \u00eencadrare \u00een munc\u0103 a persoanelor aflate \u00een dificultate din<br \/>\npunct de vedere al ocup\u0103rii.<\/span><\/p>\n<p class=\"MsoNormal\" style=\"margin-left:0cm\"><span lang=\"EN-US\" style=\"font-size:12.0pt;line-height:115%;color:#222222;background:white\">Facilit\u0103\u0163ile se acord\u0103 la solicitarea angajatorilor pentru persoanele<br \/>\ndin categoriile men\u0163ionate \u0219i \u00eenregistrate \u00een eviden\u0163ele agen\u0163iilor pentru<br \/>\nocuparea for\u0163ei de munc\u0103 jude\u0163ene, respectiv a municipiului Bucure\u015fti.<\/span><\/p>\n<p class=\"MsoNormal\" style=\"margin-left:0cm\"><span lang=\"EN-US\" style=\"font-size:12.0pt;line-height:115%\">\u00a0<\/span><\/p>\n","protected":false},"excerpt":{"rendered":"<p>Subven\u0163ii lunare de 2.250 lei pentru angajatorii care \u00eencadreaz\u0103 \u00een munc\u0103 \u0219omeri<\/p>\n","protected":false},"author":0,"featured_media":0,"comment_status":"closed","ping_status":"closed","sticky":false,"template":"","format":"standard","meta":{"footnotes":""},"categories":[9],"tags":[],"class_list":["post-24","post","type-post","status-publish","format-standard","hentry","category-comunicate-de-presa"],"_links":{"self":[{"href":"https:\/\/www.anofm.ro\/arges\/wp-json\/wp\/v2\/posts\/24","targetHints":{"allow":["GET"]}}],"collection":[{"href":"https:\/\/www.anofm.ro\/arges\/wp-json\/wp\/v2\/posts"}],"about":[{"href":"https:\/\/www.anofm.ro\/arges\/wp-json\/wp\/v2\/types\/post"}],"replies":[{"embeddable":true,"href":"https:\/\/www.anofm.ro\/arges\/wp-json\/wp\/v2\/comments?post=24"}],"version-history":[{"count":0,"href":"https:\/\/www.anofm.ro\/arges\/wp-json\/wp\/v2\/posts\/24\/revisions"}],"wp:attachment":[{"href":"https:\/\/www.anofm.ro\/arges\/wp-json\/wp\/v2\/media?parent=24"}],"wp:term":[{"taxonomy":"category","embeddable":true,"href":"https:\/\/www.anofm.ro\/arges\/wp-json\/wp\/v2\/categories?post=24"},{"taxonomy":"post_tag","embeddable":true,"href":"https:\/\/www.anofm.ro\/arges\/wp-json\/wp\/v2\/tags?post=24"}],"curies":[{"name":"wp","href":"https:\/\/api.w.org\/{rel}","templated":true}]}}