{"id":224,"date":"2020-04-24T00:00:00","date_gmt":"2020-04-23T21:00:00","guid":{"rendered":"https:\/\/www.anofm.ro\/arges\/legea-nr-19-din-14-martie-2020-privind-acordarea-unor-zile-libere-parintilor-pentru-supravegherea-copiilor-in-situatia-inchiderii-temporare-a-unitatilor-de-invatamant\/"},"modified":"2020-04-24T00:00:00","modified_gmt":"2020-04-23T21:00:00","slug":"legea-nr-19-din-14-martie-2020-privind-acordarea-unor-zile-libere-parintilor-pentru-supravegherea-copiilor-in-situatia-inchiderii-temporare-a-unitatilor-de-invatamant","status":"publish","type":"post","link":"https:\/\/www.anofm.ro\/arges\/legea-nr-19-din-14-martie-2020-privind-acordarea-unor-zile-libere-parintilor-pentru-supravegherea-copiilor-in-situatia-inchiderii-temporare-a-unitatilor-de-invatamant\/","title":{"rendered":"Legea nr. 19 din 14 martie 2020, privind acordarea unor zile libere p\u0103rin\u0163ilor pentru supravegherea copiilor, \u00een situa\u0163ia \u00eenchiderii temporare a unit\u0103\u0163ilor de \u00eenv\u0103\u0163\u0103m\u00e2nt"},"content":{"rendered":"<p style=\"margin: 0px 0px 6px;font-family: Helvetica, Arial, sans-serif;font-size: 14px;font-style: normal;font-weight: 400;letter-spacing: normal;text-align: start;text-indent: 0px;text-transform: none\">LEGE nr. 19 din 14 martie 2020 privind acordarea unor zile libere p\u0103rin\u0163ilor pentru supravegherea copiilor, \u00een situa\u0163ia \u00eenchiderii temporare a unit\u0103\u0163ilor de \u00eenv\u0103\u0163\u0103m\u00e2nt SE ACORD\u0102 ZILE LIBERE UNUIA DINTRE P\u0102RIN\u0162I\uf02a<br \/>pentru supravegherea copiilor, inclusiv pe perioada vacan\u0163elor \u015fcolare, \u00een situa\u0163ia \u00eenchiderii temporare a unit\u0103\u0163ilor de \u00eenv\u0103\u0163\u0103m\u00e2nt \u015fi a unit\u0103\u0163ilor de educa\u0163ie antepre\u015fcolar\u0103, ca urmare a st\u0103rii de urgen\u0163\u0103 decretate \u00een condi\u0163iile legii. SE ACORD\u0102:<br \/>\uf078 LA CEREREA UNUIA DINTRE P\u0102RIN\u0162I,<br \/>depus\u0103 la angajatorul persoanei care va supraveghea copilul \u00een perioada prev\u0103zut\u0103 la alin. (1) \u201c\u00een situa\u0163ia suspend\u0103rii cursurilor sau \u00eenchiderii temporare a unit\u0103\u0163ilor de \u00eenv\u0103\u0163\u0103m\u00e2nt unde ace\u015ftia sunt \u00eenscri\u015fi\u201d, \u00eenso\u0163it\u0103 de: \uf0fc declara\u0163ie pe propria r\u0103spundere a celuilalt p\u0103rinte, din care s\u0103 rezulte c\u0103 acesta<br \/>\uf0b7 nu a solicitat la locul s\u0103u de munc\u0103 zile libere ce i s-ar cuveni potrivit Legii nr. 19\/2020, respectiv c\u0103<br \/>\uf0b7 nu se afl\u0103 \u00een concediu de odihn\u0103 sau concediu f\u0103r\u0103 plat\u0103, precum \u015fi de<br \/>\uf0fc copia certificatului\/ certificatelor de na\u015ftere al\/ale copilului\/copiilor. Indemniza\u0163ia pentru fiecare zi liber\u0103<br \/>&#8211; se pl\u0103te\u015fte din capitolul aferent cheltuielilor de personal din bugetul de venituri \u015fi cheltuieli al angajatorului \u015fi<br \/>&#8211; este \u00een cuantum de 75% din salariul de baz\u0103 corespunz\u0103tor unei zile lucr\u0103toare, dar nu mai mult de corespondentul pe zi a 75% din c\u00e2\u015ftigul salarial mediu brut utilizat la fundamentarea bugetului asigur\u0103rilor sociale de stat.<br \/>Indemniza\u0163ia este supus\u0103<br \/>&#8211; impozit\u0103rii \u015fi pl\u0103\u0163ii contribu\u0163iilor de asigur\u0103ri sociale, de asigur\u0103ri sociale de s\u0103n\u0103tate, precum \u015fi<br \/>&#8211; pl\u0103\u0163ii contribu\u0163iei asiguratorii pentru munc\u0103, \u00een condi\u0163iile prev\u0103zute de Legea nr. 227\/2015, cu modific\u0103rile \u015fi complet\u0103rile ulterioare. Decontarea sumelor pentru plata indemniza\u0163iei<br \/>\uf076 se face \u00een termen de 60 de zile calendaristice de la data \u00eenregistr\u0103rii documentelor<br \/>\uf076 angajatorul va depune CERERE la agen\u0163iile pentru ocuparea for\u0163ei de munc\u0103 \u00een a c\u0103rei raz\u0103 teritorial\u0103 \u00ee\u015fi desf\u0103\u015foar\u0103 activitatea angajatorul sau sucursala\/punctul de lucru al acestuia, dup\u0103 caz.<br \/>Cererea va fi \u00eenso\u0163it\u0103 de urm\u0103toarele documente:<br \/>a) lista angaja\u0163ilor care au beneficiat de zilele libere, precum \u015fi indemniza\u0163ia acordat\u0103 pe aceast\u0103 perioad\u0103 ;<br \/>b) copii de pe statele de plat\u0103 din care s\u0103 reias\u0103 acordarea indemniza\u0163iei;<br \/>c) declara\u0163ia pe propria r\u0103spundere a reprezentantului legal al angajatorului prin care se atest\u0103 c\u0103 lista prev\u0103zut\u0103 la lit. a) con\u0163ine persoanele care \u00eendeplinesc condi\u0163iile reglementate la art. 2 alin. (2) din Legea nr. 19\/2020;<br \/>d) dovada pl\u0103\u0163ii contribu\u0163iilor \u015fi impozitelor aferente lunii \u00een care s-a pl\u0103tit indemniza\u0163ia.<br \/>Mod transmitere\/Termen transmitere: se transmit prin po\u015fta electronic\u0103 la adresa electronic\u0103 comunicat\u0103 de agen\u0163iile pentru ocuparea for\u0163ei de munc\u0103\/ prin orice alt mijloc de comunicare, \u00een cel mult 30 zile de la data efectu\u0103rii pl\u0103\u0163ii contribu\u0163iilor \u015fi impozitelor aferente indemniza\u0163iei.<br \/>\uf02a Prin p\u0103rinte, \u00een sensul prezentei legi, se \u00een\u0163elege: a) p\u0103rintele firesc, potrivit Legii nr. 287\/2009 privind Codul civil, republicat\u0103, cu modific\u0103rile \u015fi complet\u0103rile ulterioare; b) adoptatorul; c) persoana care are copilul\/copiii \u00een \u00eencredin\u0163are \u00een vederea adop\u0163iei; d) persoana care are \u00een plasament copilul sau \u00een tutel\u0103; e) persoana desemnat\u0103 conform art. 104 alin. (2) din Legea nr. 272\/2004 privind protec\u0163ia \u015fi <a href=\"\/upload\/12339\/LEGE_nr.19.doc\">promovarea <\/a>drepturilor copilului, republicat\u0103, cu modific\u0103rile \u015fi complet\u0103rile ulterioare; f) p\u0103rintele sau reprezentantul legal al persoanei adulte cu handicap \u00eenscris\u0103 \u00eentr-o unitate de \u00eenv\u0103\u0163\u0103m\u00e2nt.<br \/>Obs.:<br \/>&#8211; Sumele pentru plata indemniza\u0163iei se deconteaz\u0103 din fondul de garantare pentru plata crean\u0163elor salariale.<br \/>&#8211; Angajatorii pot cere numai decontarea sumelor reprezent\u00e2nd indemniza\u0163ia net\u0103, \u00eencasat\u0103 efectiv de p\u0103rinte.<br \/>&#8211; Impozitele \u015fi contribu\u0163iile de asigur\u0103ri sociale, de asigur\u0103ri sociale de s\u0103n\u0103tate, precum \u015fi plata contribu\u0163iei asiguratorii pentru munc\u0103 aferente indemniza\u0163iei se suport\u0103 de angajator \u00een condi\u0163iile prev\u0103zute de Legea nr. 227\/2015, cu modific\u0103rile \u015fi complet\u0103rile ulterioare<br \/>SE APLIC\u0102:<br \/>\uf076 persoanelor care \u00eendeplinesc cumulativ condi\u0163iile la art. 1 alin. (2) din Legea nr. 19\/2020: a) au copii cu v\u00e2rsta de p\u00e2n\u0103 la 12 ani, \u00eenscri\u015fi \u00een cadrul unei unit\u0103\u0163i de \u00eenv\u0103\u0163\u0103m\u00e2nt sau au copii cu dizabilit\u0103\u0163i cu v\u00e2rst\u0103 de p\u00e2n\u0103 la 18 ani, \u00eenscri\u015fi \u00een cadrul unei unit\u0103\u0163i de \u00eenv\u0103\u0163\u0103m\u00e2nt;<br \/>Beneficiaz\u0103 de prevederile prezentei legi \u015fi p\u0103rintele sau reprezentantul legal al copilului cu handicap grav ne\u015fcolarizat, care a optat pentru acordarea indemniza\u0163iei \u00een condi\u0163iile Legii nr. 448\/2006 privind protec\u0163ia \u015fi promovarea drepturilor persoanelor cu handicap, republicat\u0103, cu modific\u0103rile \u015fi complet\u0103rile ulterioare, doar \u00een condi\u0163iile \u00een care activitatea serviciului de zi este suspendat\u0103 ca urmare a condi\u0163iilor meteorologice nefavorabile sau a altor situa\u0163ii extreme decretate astfel de c\u0103tre autorit\u0103\u0163ile competente cu atribu\u0163ii \u00een domeniu.<br \/>Prevederile prezentei legi se aplic\u0103 \u015fi pentru p\u0103rintele sau reprezentantul legal care are \u00een \u00eengrijire, supraveghere \u015fi \u00eentre\u0163inere persoana adult\u0103 \u00eencadrat\u0103 \u00een grad de handicap grav sau \u00een grad de handicap grav cu asistent personal pentru care s-a optat pentru acordarea indemniza\u0163iei \u00een condi\u0163iile Legii nr. 448\/2006, republicat\u0103, cu modific\u0103rile \u015fi complet\u0103rile ulterioare, doar dac\u0103 beneficiaz\u0103 de servicii de zi, a c\u0103ror activitate a fost suspendat\u0103 ca urmare a condi\u0163iilor meteorologice nefavorabile sau a altor situa\u0163ii extreme decretate astfel de c\u0103tre autorit\u0103\u0163ile competente cu atribu\u0163ii \u00een domeniu. b) locul de munc\u0103 ocupat nu permite munca la domiciliu sau telemunca.<br \/>\uf076 pe toat\u0103 perioada \u00een care autorit\u0103\u0163ile competente decid \u00eenchiderea respectivelor unit\u0103\u0163i de \u00eenv\u0103\u0163\u0103m\u00e2nt.<br \/>NU SE APLIC\u0102:<br \/>\uf078 \u00een cazul persoanelor ale c\u0103ror raporturi de munc\u0103 sunt suspendate pentru \u00eentreruperea temporar\u0103 a activit\u0103\u0163ii angajatorului sau \u00een cazul so\u0163ului\/so\u0163iei acestora, \u00een condi\u0163iile art. 52 alin. (1) lit. c) din Legea nr. 53\/2003 &#8211; Codul muncii, republicat\u0103, cu modific\u0103rile \u015fi complet\u0103rile ulterioare.<br \/>\uf078 \u00een cazul \u00een care cel\u0103lalt p\u0103rinte nu realizeaz\u0103 venituri din salarii \u015fi asimilate salariilor, venituri din activit\u0103\u0163i independente, venituri din drepturi de proprietate intelectual\u0103, venituri din activit\u0103\u0163i agricole, silvicultur\u0103 \u015fi piscicultur\u0103, supuse impozitului pe venit potrivit prevederilor Legii nr. 227\/2015 privind Codul fiscal, cu modific\u0103rile \u015fi complet\u0103rile ulterioare.<br \/>\uf078 Prevederile art. 1 alin. (2) nu se aplic\u0103 persoanei singure din familia monoparental\u0103, definit\u0103 \u00een condi\u0163iile art. 3 din Legea nr. 277\/2010 privind aloca\u0163ia pentru sus\u0163inerea familiei, republicat\u0103, cu modific\u0103rile \u015fi complet\u0103rile ulterioare.<\/p>\n<p style=\"margin: 6px 0px 0px;font-family: Helvetica, Arial, sans-serif;font-size: 14px;font-style: normal;letter-spacing: normal;text-align: start;text-indent: 0px;text-transform: none\"><b>INFORMATII SUPLIMETARE LA NR DE TEL 0727 27 19 50<br \/>DOCUMENTELE POT FI TRANSMISE LA: simona.vladuta@ag.anofm.ro<\/b><\/p>\n<p><a href=\"\/upload\/12339\/Lista_ConcediuParinti_1522093415220934_32020.pdf\">lista concediu parinti<\/a><\/p>\n<p><a href=\"\/upload\/12339\/Declaratie_ConcediuParinti_1522093415220934_32020.pdf\">declaratie concediu parinti<\/a><\/p>\n<p><a href=\"\/upload\/12339\/Cerere_ConcediuParinti_15220934_32020.pdf\">cerere concediu parinti<\/a><\/p>\n<p><a href=\"\/upload\/12339\/LEGE_nr.19.doc\">legea nr 19\/2020<b><span style=\"font-size:11.0pt;line-height:115%;font-family:\"><span style=\"font-family: sans-serif\"> <\/span>privind<br \/>\nacordarea unor zile libere p\u0103rin\u0163ilor pentru supravegherea copiilor, \u00een<br \/>\nsitua\u0163ia \u00eenchiderii temporare a unit\u0103\u0163ilor de \u00eenv\u0103\u0163\u0103m\u00e2nt<\/span><\/b><\/a><\/p>\n<\/p>\n<p><\/p>\n<p><\/p>\n<p><\/p>\n","protected":false},"excerpt":{"rendered":"<p>Legea 19<\/p>\n","protected":false},"author":0,"featured_media":0,"comment_status":"closed","ping_status":"closed","sticky":false,"template":"","format":"standard","meta":{"footnotes":""},"categories":[16],"tags":[],"class_list":["post-224","post","type-post","status-publish","format-standard","hentry","category-materiale-informative"],"_links":{"self":[{"href":"https:\/\/www.anofm.ro\/arges\/wp-json\/wp\/v2\/posts\/224","targetHints":{"allow":["GET"]}}],"collection":[{"href":"https:\/\/www.anofm.ro\/arges\/wp-json\/wp\/v2\/posts"}],"about":[{"href":"https:\/\/www.anofm.ro\/arges\/wp-json\/wp\/v2\/types\/post"}],"replies":[{"embeddable":true,"href":"https:\/\/www.anofm.ro\/arges\/wp-json\/wp\/v2\/comments?post=224"}],"version-history":[{"count":0,"href":"https:\/\/www.anofm.ro\/arges\/wp-json\/wp\/v2\/posts\/224\/revisions"}],"wp:attachment":[{"href":"https:\/\/www.anofm.ro\/arges\/wp-json\/wp\/v2\/media?parent=224"}],"wp:term":[{"taxonomy":"category","embeddable":true,"href":"https:\/\/www.anofm.ro\/arges\/wp-json\/wp\/v2\/categories?post=224"},{"taxonomy":"post_tag","embeddable":true,"href":"https:\/\/www.anofm.ro\/arges\/wp-json\/wp\/v2\/tags?post=224"}],"curies":[{"name":"wp","href":"https:\/\/api.w.org\/{rel}","templated":true}]}}