{"id":21,"date":"2018-11-07T00:00:00","date_gmt":"2018-11-06T22:00:00","guid":{"rendered":"https:\/\/www.anofm.ro\/arges\/buletin-informativ-noiembire-2018\/"},"modified":"2018-11-07T00:00:00","modified_gmt":"2018-11-06T22:00:00","slug":"buletin-informativ-noiembire-2018","status":"publish","type":"post","link":"https:\/\/www.anofm.ro\/arges\/buletin-informativ-noiembire-2018\/","title":{"rendered":"Buletin informativ noiembire 2018"},"content":{"rendered":"<table cellspacing=\"0\" cellpadding=\"0\">\n<tbody><\/tbody>\n<\/table>\n<p><span lang=\"EN-GB\"><span>\u00a0\u00a0\u00a0\u00a0\u00a0\u00a0\u00a0\u00a0\u00a0\u00a0\u00a0\u00a0\u00a0\u00a0\u00a0\u00a0\u00a0\u00a0\u00a0\u00a0\u00a0 <\/span><\/span><b><span style=\"font-size:14.0pt;font-family:\">BULETIN INFORMATIV<\/span><\/b><b><span style=\"font-size:14.0pt;font-family:\">PRIVIND INFORMATIILE DE INTERES PUBLIC<\/span><\/b><b><span style=\"font-size:14.0pt;font-family:\"><\/p>\n<p>CONFORM LEGII NR. 544\/2001- noiembrie 2018<\/p>\n<p><\/span><\/b><b><span style=\"font-size:14.0pt;font-family:\"><\/span><\/b><b><span style=\"font-size:14.0pt;font-family:\"><\/span><\/b><b><span style=\"font-size:14.0pt;font-family:\"><\/p>\n<p class=\"MsoNormal\" style=\"text-align:justify\"><b><span style=\"font-size:14.0pt;font-family:\"><\/span><span style=\"font-size:14.0pt;font-family:\"><\/span><span style=\"color:black\">ACTELE NORMATIVE CARE REGLEMENTEAZA ORGANIZAREA SI<br \/>\nFUNCTIONAREA<\/span><\/b><\/p>\n<p><\/span><\/b><\/p>\n<p class=\"MsoNormal\" style=\"text-align:justify\"><b><span style=\"color:black\">INSTITUTIEI:<\/span><\/b><\/p>\n<p class=\"MsoNormal\" style=\"text-align:justify\"><b><span style=\"color:black\">\u00a0<\/span><\/b><\/p>\n<ul style=\"margin-top:0mm\" type=\"disc\">\n<li class=\"MsoNormal\" style=\"color:black;text-align:justify\"><span>Legea nr. 202\/2006 privind organizarea<br \/>\n     si functionarea ANOFM, republicata, cu<\/span><\/li>\n<\/ul>\n<p class=\"MsoNormal\" style=\"text-align:justify\"><span style=\"color:black\">modificarile si completarile ulterioare<\/span><\/p>\n<ul style=\"margin-top:0mm\" type=\"disc\">\n<li class=\"MsoNormal\" style=\"color:black;text-align:justify\"><span>Regulamentul de Organizare si<br \/>\n     Functionare a AJOFM ARGES<\/span><\/li>\n<li class=\"MsoNormal\" style=\"color:black;text-align:justify\"><span>Legea nr. 76\/2002 privind sistemul<br \/>\n     asigurarilor pentru somaj si stimularea ocuparii fortei<\/span><\/li>\n<\/ul>\n<p class=\"MsoNormal\" style=\"text-align:justify\"><span style=\"color:black\">de munca;<\/span><\/p>\n<ul style=\"margin-top:0mm\" type=\"disc\">\n<li class=\"MsoNormal\" style=\"color:black;text-align:justify\"><span>Legea nr. 7\/2004, privind Codul de<br \/>\n     conduita al functionarilor publici, republicat;<\/span><\/li>\n<li class=\"MsoNormal\" style=\"color:black;text-align:justify\"><span>Legea nr. 53\/2003 &#8211; Codul Muncii,<br \/>\n     republicata;<\/span><\/li>\n<li class=\"MsoNormal\" style=\"color:black;text-align:justify\"><span>Legea nr. 188\/1999 privind Statutul<br \/>\n     functionarilor publici, republicata, cu modificarile si<\/span><\/li>\n<\/ul>\n<p class=\"MsoNormal\" style=\"text-align:justify\"><span style=\"color:black\">completarile ulterioare;<\/span><\/p>\n<ul style=\"margin-top:0mm\" type=\"disc\">\n<li class=\"MsoNormal\" style=\"color:black;text-align:justify\"><span>Legea nr. 161\/2003 privind unele masuri<br \/>\n     pentru asigurarea transparentei in exercitarea<\/span><\/li>\n<\/ul>\n<p class=\"MsoNormal\" style=\"text-align:justify\"><span style=\"color:black\">demnitatilor publice, a functiilor publice si in<br \/>\nmediul de afaceri, prevenirea si sanctionarea<\/span><\/p>\n<p class=\"MsoNormal\" style=\"text-align:justify\"><span style=\"color:black\">coruptiei, cu modificarile si completarile<br \/>\nulterioare;<\/span><\/p>\n<ul style=\"margin-top:0mm\" type=\"disc\">\n<li class=\"MsoNormal\" style=\"color:black;text-align:justify\"><span>H.G. nr. 174 \/2002 pentru aprobarea<br \/>\n     Normelor metodologice de aplicare a Legii<\/span><\/li>\n<\/ul>\n<p class=\"MsoNormal\" style=\"text-align:justify\"><span style=\"color:black\">nr.76\/2002 privind sistemul asigurarilor pentru<br \/>\nsomaj si stimularea ocuparii fortei de<\/span><\/p>\n<p class=\"MsoNormal\" style=\"text-align:justify\"><span style=\"color:black\">munca, cu modificarile si completarile ulterioare;<\/span><\/p>\n<ul style=\"margin-top:0mm\" type=\"disc\">\n<li class=\"MsoNormal\" style=\"color:black;text-align:justify\"><span>H.G. nr. 377\/2002 pentru aprobarea<br \/>\n     Procedurilor privind accesul la masurile pentru<\/span><\/li>\n<\/ul>\n<p class=\"MsoNormal\" style=\"text-align:justify\"><span style=\"color:black\">stimularea ocuparii fortei de munca, modalitatile<br \/>\nde finantare si instructiunile de<\/span><\/p>\n<p class=\"MsoNormal\" style=\"text-align:justify\"><span style=\"color:black\">implementare a acestora, cu modificarile si<br \/>\ncompletarile ulterioare;<\/span><\/p>\n<ul style=\"margin-top:0mm\" type=\"disc\">\n<li class=\"MsoNormal\" style=\"color:black;text-align:justify\"><span>Legea nr. 116\/2002 privind prevenirea si<br \/>\n     combaterea marginalizarii sociale;<\/span><\/li>\n<li class=\"MsoNormal\" style=\"color:black;text-align:justify\"><span>H.G. nr. 1610\/2006 privind aprobarea<br \/>\n     Statutului Agentiei Nationale pentru Ocuparea<\/span><\/li>\n<\/ul>\n<p class=\"MsoNormal\" style=\"text-align:justify\"><span style=\"color:black\">Fortei de Munca, cu modificarile si completarile<br \/>\nulterioare;<\/span><\/p>\n<ul style=\"margin-top:0mm\" type=\"disc\">\n<li class=\"MsoNormal\" style=\"color:black;text-align:justify\"><span>H.G. nr. 278\/2002 pentru aprobarea<br \/>\n     Procedurilor privind accesul la masurile pentru<\/span><\/li>\n<\/ul>\n<p class=\"MsoNormal\" style=\"text-align:justify\"><span style=\"color:black\">prevenirea somajului, modalitatile de finantare si<br \/>\ninstructiunile de implementare a<\/span><\/p>\n<p class=\"MsoNormal\" style=\"text-align:justify\"><span style=\"color:black\">acestora;<\/span><\/p>\n<ul style=\"margin-top:0mm\" type=\"disc\">\n<li class=\"MsoNormal\" style=\"color:black;text-align:justify\"><span>Legea nr. 544\/2001 privind liberul acces<br \/>\n     la informatiile de interes public, cu modificarile si<\/span><\/li>\n<\/ul>\n<p class=\"MsoNormal\" style=\"text-align:justify\"><span style=\"color:black\">completarile ulterioare;<\/span><\/p>\n<ul style=\"margin-top:0mm\" type=\"disc\">\n<li class=\"MsoNormal\" style=\"color:black;text-align:justify\"><span>H.G. nr. 123\/2002 pentru aprobarea<br \/>\n     Normelor metodologice de aplicare a Legii nr.<\/span><\/li>\n<\/ul>\n<p class=\"MsoNormal\" style=\"text-align:justify\"><span style=\"color:black\">544\/2001 privind liberul acces la informatiile de<br \/>\ninteres public.<\/span><\/p>\n<p class=\"MsoNormal\" style=\"text-align:justify\"><span style=\"color:black\">\u00a0<\/span><\/p>\n<p class=\"MsoNormal\"><b><span style=\"color:black\">STRUCTURA ORGANIZATORICA, ATRIBUTIILE SERVICIILOR\/COMPARTIMENTELOR<br \/>\nDIN CADRUL AJOFM ARGES SI AL AGENTIILOR LOCALE, PROGRAMUL DE FUNCTIONARE<\/span><\/b><\/p>\n<p class=\"MsoNormal\"><b><span style=\"color:black\">\u00a0<\/span><\/b><\/p>\n<p class=\"MsoNormal\" style=\"text-align:justify\"><span style=\"color:black\">Agentia Judeteana pentru Ocuparea Fortei de Munca Arges<br \/>\nse subordoneaza ANOFM<\/span><\/p>\n<p class=\"MsoNormal\" style=\"text-align:justify\"><span style=\"color:black\">si este condusa de un director executiv, numit prin<br \/>\nordin al presedintelui ANOFM<\/span><\/p>\n<p class=\"MsoNormal\" style=\"text-align:justify\"><span style=\"color:black\">Activitatea AJOFM Arges este structurata pe<br \/>\nservicii\/ birouri si compartimente:<\/span><\/p>\n<p class=\"MsoNormal\" style=\"text-align:justify\"><b><span style=\"color:black\">Director Executiv<\/span><\/b><\/p>\n<p class=\"MsoNormal\" style=\"text-align:justify\"><b><span style=\"color:black\">Director Executiv Adjunct<\/span><\/b><\/p>\n<p class=\"MsoNormal\" style=\"text-align:justify\"><span style=\"color:black\">\u00a0<\/span><\/p>\n<p class=\"MsoNormal\" style=\"margin-bottom:6.0pt\"><b><span lang=\"IT\">COMPARTIMENTE<br \/>\nFUNCTIONALE AFLATE IN SUBORDINEA DIRECTA A DIRECTORULUI EXECUTIV<\/span><\/b><span lang=\"IT\">\u00a0: <\/span><span><\/span><\/p>\n<p class=\"MsoNormal\" style=\"margin-bottom:6.0pt\"><span lang=\"IT\">-Compartimentul EURES<\/span><\/p>\n<p class=\"MsoNormal\" style=\"margin-bottom:6.0pt\"><span lang=\"IT\">-Compartimentul Audit public intern<\/span><span><\/span><\/p>\n<p class=\"MsoNormal\" style=\"margin-bottom:6.0pt\"><span lang=\"IT\">-Compartimentul Resurse Umane, Salarizare,<br \/>\nComunicare si Secretariatul Consiliului Consultativ<\/span><\/p>\n<p class=\"MsoNormal\" style=\"margin-bottom:6.0pt\"><span lang=\"IT\">-Compartimentul Control, Indeplinirea Masurilor Asiguratorii<br \/>\nsi Executare Silita a Debitelor<\/span><\/p>\n<p class=\"MsoNormal\" style=\"margin-bottom:6.0pt\"><span lang=\"IT\">-Compartimentul Juridic, Relatii cu Publicul<\/span><span><\/span><\/p>\n<p class=\"MsoNormal\" style=\"margin-bottom:6.0pt\"><span lang=\"IT\">\u00a0<\/span><\/p>\n<p class=\"MsoNormal\" style=\"margin-bottom:6.0pt\"><span lang=\"IT\">COMPARTIMENTE SUBORDONATE DIRECTORULUI EXECUTIV<br \/>\nADJUNCT:<\/span><\/p>\n<p class=\"MsoNormal\" style=\"margin-bottom:6.0pt\"><span lang=\"IT\">-Agentii Locale<\/span><\/p>\n<p class=\"MsoNormal\" style=\"margin-bottom:6.0pt\"><span lang=\"IT\">-Compartimentul Formare Profesionala<\/span><\/p>\n<p class=\"MsoNormal\" style=\"margin-bottom:6.0pt\"><span lang=\"IT\">-Serviciul Analiza Pietei Muncii si Economie<br \/>\nSociala<\/span><\/p>\n<p class=\"MsoNormal\" style=\"margin-bottom:6.0pt\"><span lang=\"IT\">-Compartimentul Analiza Pietei Muncii, Programe<br \/>\nde Ocupare si Implementare Masuri Active<\/span><\/p>\n<p class=\"MsoNormal\" style=\"margin-bottom:6.0pt\"><span lang=\"IT\">-Compartimentul Relatii cu Angajatorii <\/span><\/p>\n<p class=\"MsoNormal\" style=\"margin-bottom:6.0pt\"><span lang=\"IT\">-Compartiment Economie Sociala<\/span><\/p>\n<p class=\"MsoNormal\" style=\"margin-bottom:6.0pt\"><span lang=\"IT\">-Compartimentul Monitorizare Proiecte Finantate<br \/>\ndin FSE, Informatica si Managementul Bazelor de Date<\/span><\/p>\n<p class=\"MsoNormal\" style=\"margin-bottom:6.0pt\"><span lang=\"IT\">-Serviciul Administrare Buget<\/span><\/p>\n<p class=\"MsoNormal\" style=\"margin-bottom:6.0pt\"><span lang=\"IT\">-Compartimentul Executie Bugetara, Financiar,<br \/>\nContabilitate si Administrare Fond Garantare pentru Plata Creantelor Salariale<\/span><\/p>\n<p class=\"MsoNormal\" style=\"margin-bottom:6.0pt\"><span lang=\"IT\">-Compartimentul Achizitii Publice,<br \/>\nAdministrativ, Protectia Muncii si PSI<\/span><\/p>\n<p class=\"MsoNormal\" style=\"text-align:justify\"><span style=\"color:black\">\u00a0<\/span><\/p>\n<p class=\"MsoNormal\" style=\"text-align:justify\"><b><span style=\"color:black\">Atributiile serviciilor\/birourilor\/<br \/>\ncompartimentelor din cadrul AJOFM Arges sunt prevazute \u00een Regulamentul de<br \/>\nOrganizare si Functionare.<\/span><\/b><\/p>\n<p class=\"MsoNormal\" style=\"text-align:justify\"><span style=\"color:black\">\u00a0<\/span><\/p>\n<p class=\"MsoNormal\" style=\"text-align:justify\"><span style=\"color:black\">\u00a0<\/span><\/p>\n<p class=\"MsoNormal\" style=\"text-align:justify\"><b><span style=\"color:black\">NUMELE SI PRENUMELE<br \/>\nPERSOANELOR DIN CONDUCEREA AJOFM ARGES SI ALE FUNCTIONARULUI RESPONSABIL CU<br \/>\nDIFUZAREA INFORMATIILOR PUBLICE IN BAZA LEGII NR. 544\/2001, PRIVIND LIBERUL<br \/>\nACCES LA INFORMATIILE DE INTERES PUBLIC<\/span><\/b><\/p>\n<p class=\"MsoNormal\" style=\"text-align:justify\"><b><span style=\"color:black\">Conducerea Institutiei :<\/span><\/b><\/p>\n<p class=\"MsoNormal\" style=\"text-align:justify\"><span style=\"color:black\">Director Executiv <span>\u00a0<\/span>AJOFM Arges \u2013 NICOLAE BADESCU<\/span><\/p>\n<p class=\"MsoNormal\" style=\"text-align:justify\"><span style=\"color:black\">Director Executiv Adjunct <span>\u00a0<\/span>AJOFM Arges \u2013 <\/span><\/p>\n<p class=\"MsoNormal\" style=\"text-align:justify\"><span style=\"color:black\">Functionarul responsabil cu difuzarea informatiilor<br \/>\nde interes public<b>: <\/b><span>Dana Herisanu<br \/>\n&#8211; <\/span>tel. 0248.222415<\/span><\/p>\n<p class=\"MsoNormal\" style=\"text-align:justify\"><b><span style=\"color:black\">Programul de functionare al AJOFM Arges<\/span><\/b><\/p>\n<p class=\"MsoNormal\" style=\"text-align:justify\"><span style=\"color:black\">Luni &#8211; Joi intre orele 8:00 \u2013 16:30; Vineri intre<br \/>\norele 8:00 \u2013 14:00<\/span><\/p>\n<p class=\"MsoNormal\" style=\"text-align:justify\"><b><span style=\"color:black\">Program de comunicare a informatiilor publice<br \/>\nconform Legii nr. 544\/2001: <\/span><\/b><span style=\"color:black\">Luni &#8211; Joi intre orele 8:00 \u2013 16:30; Vineri<br \/>\nintre orele 8:00 \u2013 14:00<\/span><\/p>\n<p class=\"MsoNormal\" style=\"text-align:justify\"><b><span style=\"color:black\">Program de audiente:<\/span><\/b><\/p>\n<ul style=\"margin-top:0mm\" type=\"disc\">\n<li class=\"MsoNormal\" style=\"color:black;text-align:justify\"><b><span>Director Executiv AJOFM Arges, <span>\u00a0<\/span>NICOLAE BADESCU<\/span><\/b><\/li>\n<\/ul>\n<p class=\"MsoNormal\" style=\"text-align:justify\"><span style=\"color:black\">&#8211; <b>Joi <span>: 14:00 \u2013 16:00<\/span><\/b><\/span><\/p>\n<ul style=\"margin-top:0mm\" type=\"disc\">\n<li class=\"MsoNormal\" style=\"color:black;text-align:justify\"><b><span>Director Executiv adjunct AJOFM Arges \u2013<br \/>\n     post vacant<\/span><\/b><\/li>\n<\/ul>\n<p class=\"MsoNormal\" style=\"text-align:justify\"><b><span style=\"color:black\"><span>\u00a0<\/span>&#8211; Miercuri :<br \/>\n14:00 \u2013 16:00<\/span><\/b><\/p>\n<ul style=\"margin-top:0mm\" type=\"disc\">\n<li class=\"MsoNormal\" style=\"color:black;text-align:justify\"><b><span>Sef Serviciu Agentia Locala Pitesti Elza<br \/>\n     CAVESCU (sef serviciu temporar)<\/span><\/b><\/li>\n<\/ul>\n<p class=\"MsoNormal\" style=\"text-align:justify\"><span style=\"color:black\">&#8211; <b><span>\u00a0<\/span>Marti<\/b><b> <span>: 14:00<br \/>\n\u2013 16:00<\/span><\/b><\/span><\/p>\n<p class=\"MsoNormal\" style=\"text-align:justify\"><span style=\"color:black\">\u00a0<\/span><\/p>\n<p class=\"MsoNormal\" style=\"text-align:justify\"><b><span style=\"color:black\">COORDONATELE DE CONTACT ALE AGENTIEI: denumire,<br \/>\nsediul, numerele de telefon, fax, adresa de e-mail<\/span><\/b><span style=\"color:black\">.<\/span><\/p>\n<p class=\"MsoNormal\" style=\"text-align:justify\"><span style=\"color:black\">Sediul <b>: <\/b><span>B-dul Republicii, nr.11, Pitesti, Arges<\/span><\/span><\/p>\n<p class=\"MsoNormal\" style=\"text-align:justify\"><span style=\"color:black\">website: www. arges.anofm.ro<\/span><\/p>\n<p class=\"MsoNormal\" style=\"text-align:justify\"><span style=\"color:black\">e-mail: ajofm@ag.anofm.ro<\/span><\/p>\n<p class=\"MsoNormal\" style=\"text-align:justify\"><span style=\"color:black\">Telefon. 0248.222415<\/span><\/p>\n<p class=\"MsoNormal\" style=\"text-align:justify\"><span style=\"color:black\">Fax: 0248. 222582<\/span><\/p>\n<p class=\"MsoNormal\" style=\"text-align:justify\"><b><span style=\"color:black\">SURSELE FINANCIARE, BUGETUL SI BILANTUL CONTABIL<\/span><\/b><\/p>\n<p class=\"MsoNormal\" style=\"text-align:justify\"><span style=\"color:black\">AJOFM Arges este o institutie publica finantata<br \/>\nintegral din Bugetul Asigurarilor Sociale de Stat.<\/span><\/p>\n<p class=\"MsoNormal\" style=\"text-align:justify\"><span style=\"color:black\">Bugetul si bilantul contabil pot fi consultate la<br \/>\nsediul institutiei.<\/span><\/p>\n<p class=\"MsoNormal\" style=\"text-align:justify\"><b><span style=\"color:black\">PROGRAMELE SI STRATEGII PROPRII<\/span><\/b><\/p>\n<ul style=\"margin-top:0mm\" type=\"disc\">\n<li class=\"MsoNormal\" style=\"color:black;text-align:justify\"><span>programul de ocupare,<\/span><\/li>\n<li class=\"MsoNormal\" style=\"color:black;text-align:justify\"><span>programul de formare profesionala.<\/span><\/li>\n<\/ul>\n<p class=\"MsoNormal\" style=\"text-align:justify\"><b><span style=\"color:black\">LISTA DOCUMENTELOR DE INTERES PUBLIC<\/span><\/b><span style=\"color:black\">;<\/span><\/p>\n<ul style=\"margin-top:0mm\" type=\"disc\">\n<li class=\"MsoNormal\" style=\"color:black;text-align:justify\"><span>raportul anual privind informatiile de<br \/>\n     interes public;<\/span><\/li>\n<li class=\"MsoNormal\" style=\"color:black;text-align:justify\"><span>bugetul;<\/span><\/li>\n<li class=\"MsoNormal\" style=\"color:black;text-align:justify\"><span>bilantul contabil;<\/span><\/li>\n<li class=\"MsoNormal\" style=\"color:black;text-align:justify\"><span>programul de audiente al conducerii AJOFM<br \/>\n     Arges;<\/span><\/li>\n<li class=\"MsoNormal\" style=\"color:black;text-align:justify\"><span>structura organizatorica;<\/span><\/li>\n<li class=\"MsoNormal\" style=\"color:black;text-align:justify\"><span>declaratiile de avere si de interese ale<br \/>\n     angajatilor AJOFM Arges;<\/span><\/li>\n<\/ul>\n<p class=\"MsoNormal\" style=\"text-align:justify\"><b><span style=\"color:black\">LISTA DOCUMENTELOR PRIMITE- EMISE SI\/SAU GESTIONATE<br \/>\nPOTRIVIT LEGII<\/span><\/b><span style=\"color:black\">:<\/span><\/p>\n<ul style=\"margin-top:0mm\" type=\"disc\">\n<li class=\"MsoNormal\" style=\"color:black;text-align:justify\"><span>dosarele somerilor indemnizati si<br \/>\n     neindemnizati;<\/span><\/li>\n<li class=\"MsoNormal\" style=\"color:black;text-align:justify\"><span>dosare subventii;<\/span><\/li>\n<li class=\"MsoNormal\" style=\"color:black;text-align:justify\"><span>conventii;<\/span><\/li>\n<li class=\"MsoNormal\" style=\"color:black;text-align:justify\"><span>declaratii privind contributiile la<br \/>\n     Bugetul Asigurarilor pentru Somaj;<\/span><\/li>\n<li class=\"MsoNormal\" style=\"color:black;text-align:justify\"><span>adeverinte;<\/span><\/li>\n<li class=\"MsoNormal\" style=\"color:black;text-align:justify\"><span>programul de ocupare a fortei de munca;<\/span><\/li>\n<li class=\"MsoNormal\" style=\"color:black;text-align:justify\"><span>programul de formare profesionala;<\/span><\/li>\n<li class=\"MsoNormal\" style=\"color:black;text-align:justify\"><span>situatia saptamanala a locurilor de<br \/>\n     munca vacante;<\/span><\/li>\n<li class=\"MsoNormal\" style=\"color:black;text-align:justify\"><span>certificate privind stagiul de cotizare;<\/span><\/li>\n<li class=\"MsoNormal\" style=\"color:black;text-align:justify\"><span>certificate concediu medical;<\/span><\/li>\n<li class=\"MsoNormal\" style=\"color:black;text-align:justify\"><span>ajutoare deces;<\/span><\/li>\n<li class=\"MsoNormal\" style=\"color:black;text-align:justify\"><span>planul anual de audit public intern;<\/span><\/li>\n<li class=\"MsoNormal\" style=\"color:black;text-align:justify\"><span>comunicate de presa;<\/span><\/li>\n<li class=\"MsoNormal\" style=\"color:black;text-align:justify\"><span>formulare europene conform<br \/>\n     Regulamentului 883\/2004 privind securitatea sociala a lucratorilor migranti.<\/span><\/li>\n<\/ul>\n<p class=\"MsoNormal\" style=\"text-align:justify\"><span style=\"color:black\">\u00a0<\/span><b><span lang=\"FR\">Modalit\u0103\u0163le de contestare a<br \/>\ndeciziei institu\u0163iei publice \u00een situa\u0163ia \u00een care persoana se <\/span><\/b><\/p>\n<p class=\"MsoNormal\" style=\"text-align:justify\"><b><span lang=\"FR\">consider\u0103 v\u0103t\u0103mat\u0103 \u00een<br \/>\nprivin\u0163a dreptului de acces la informa\u0163iile de interes public solicitate.<\/span><\/b><\/p>\n<p class=\"MsoNormal\"><span style=\"color:blue\" lang=\"FR\">\u00a0<\/span><\/p>\n<p class=\"MsoNormal\" style=\"text-align:justify\"><span lang=\"RO\">Legea nr. 544\/2001 privind liberal acces la<br \/>\ninformatiile de interes public, actualizat\u0103<\/span><\/p>\n<p class=\"MsoNormal\" style=\"text-align:justify\"><span lang=\"RO\">\u00a0<br \/><\/span><\/p>\n<p class=\"MsoNormal\" style=\"text-align:justify\"><b><span lang=\"RO\">ART.<br \/>\n21<\/span><\/b><\/p>\n<p class=\"MsoNormal\" style=\"text-align:justify\"><span lang=\"RO\"><span>\u00a0\u00a0\u00a0<br \/>\n<\/span>(1) Refuzul explicit sau tacit al angajatului desemnat al unei<br \/>\nautorit\u0103\u0163i ori institu\u0163ii publice pentru aplicarea prevederilor prezentei legi<br \/>\nconstituie abatere \u015fi atrage r\u0103spunderea disciplinar\u0103 a celui vinovat.<\/span><\/p>\n<p class=\"MsoNormal\" style=\"text-align:justify\"><span lang=\"RO\"><span>\u00a0\u00a0\u00a0 <\/span><\/span><span lang=\"FR\">(2) Impotriva refuzului prev\u0103zut la alin.<br \/>\n(1) se poate depune reclama\u0163ie la conduc\u0103torul autorit\u0103\u0163ii sau al institu\u0163iei<br \/>\npublice respective \u00een termen de 30 de zile de la luarea la cunostinta de c\u0103tre<br \/>\npersoana lezata.<\/span><\/p>\n<p class=\"MsoNormal\" style=\"text-align:justify\"><span lang=\"FR\"><span>\u00a0\u00a0\u00a0 <\/span>(3) Dac\u0103 dup\u0103 cercetarea administrativ\u0103 reclama\u0163ia<br \/>\nse dovede\u015fte intemeiata, r\u0103spunsul se transmite persoanei lezate \u00een termen de<br \/>\n15 zile de la depunerea reclama\u0163iei \u015fi va con\u0163ine at\u00e2t informa\u0163iile de interes<br \/>\npublic solicitate ini\u0163ial, cat \u015fi men\u0163ionarea sanc\u0163iunilor disciplinare luate<br \/>\nimpotriva celui vinovat.<\/span><\/p>\n<p class=\"MsoNormal\" style=\"text-align:justify\"><span style=\"color:blue\" lang=\"FR\"><span>\u00a0\u00a0\u00a0 <\/span><\/span><b><span lang=\"FR\">ART. 22<\/span><\/b><\/p>\n<p class=\"MsoNormal\" style=\"text-align:justify\"><span lang=\"FR\"><span>\u00a0\u00a0\u00a0 <\/span>(1) \u00cen cazul \u00een care o persoana se<br \/>\nconsidera v\u0103t\u0103mat\u0103 \u00een drepturile sale, prev\u0103zute \u00een prezenta lege, aceasta<br \/>\npoate face pl\u00e2ngere la sec\u0163ia de contencios administrativ a tribunalului \u00een a<br \/>\ncarei raza teritorial\u0103 domiciliaz\u0103 sau \u00een a carei raza teritorial\u0103 se afla<br \/>\nsediul autorit\u0103\u0163ii ori al institu\u0163iei publice. Plangerea se face \u00een termen de 30<br \/>\nde zile de la data expir\u0103rii termenului prev\u0103zut la art. 7(\u00a0 <i>Autorit\u0103\u0163ile \u015fi institu\u0163iile publice au<br \/>\nobliga\u0163ia sa r\u0103spund\u0103 \u00een scris la solicitarea informa\u0163iilor de interes public<br \/>\n\u00een termen de 10 zile sau, dup\u0103 caz, \u00een cel mult 30 de zile de la \u00eenregistrarea<br \/>\nsolicit\u0103rii, \u00een func\u0163ie de dificultatea, complexitatea, volumul lucr\u0103rilor<br \/>\ndocumentare \u015fi de urgenta solicit\u0103rii. \u00cen cazul \u00een care durata necesar\u0103 pentru<br \/>\nidentificarea \u015fi difuzarea informatiei solicitate dep\u0103\u015fe\u015fte 10 zile, r\u0103spunsul<br \/>\nva fi comunicat solicitantului \u00een maximum<\/i> 30 de zile, cu condi\u0163ia<br \/>\n\u00een\u015ftiin\u0163\u0103rii acestuia \u00een scris despre acest fapt \u00een termen de 10 zile).<\/span><\/p>\n<p class=\"MsoNormal\" style=\"text-align:justify\"><span lang=\"FR\"><span>\u00a0\u00a0\u00a0 <\/span>(2) Instanta poate obliga autoritatea sau<br \/>\ninstitu\u0163ia publica sa furnizeze informa\u0163iile de interes public solicitate \u015fi sa<br \/>\npl\u0103teasc\u0103 daune morale \u015fi\/sau patrimoniale.<\/span><\/p>\n<p class=\"MsoNormal\" style=\"text-align:justify\"><span lang=\"FR\"><span>\u00a0\u00a0\u00a0 <\/span>(3) Hot\u0103r\u00e2rea tribunalului este supus\u0103<br \/>\nrecursului.<\/span><\/p>\n<p class=\"MsoNormal\" style=\"text-align:justify\"><span lang=\"FR\"><span>\u00a0\u00a0\u00a0 <\/span>(4) Decizia Cur\u0163ii de apel este definitiva<br \/>\n\u015fi irevocabil\u0103.<\/span><\/p>\n<p class=\"MsoNormal\" style=\"text-align:justify\"><span lang=\"FR\"><span>\u00a0\u00a0\u00a0 <\/span>(5) At\u00e2t pl\u00e2ngerea, cat \u015fi apelul se judeca<br \/>\n\u00een instanta \u00een procedura de urgenta \u015fi sunt scutite de taxa de timbru.<\/span><\/p>\n<p class=\"MsoNormal\" style=\"text-align:justify\"><span lang=\"FR\">\u00a0<\/span><\/p>\n<p class=\"MsoNormal\" style=\"text-align:justify\"><b><span lang=\"FR\">\u00a0<\/span><\/b><\/p>\n<p class=\"MsoNormal\" style=\"text-align:justify\"><span style=\"color:black\">\u00a0<\/span><\/p>\n<p class=\"MsoNormal\" style=\"text-align:justify\"><span style=\"color:black\">\u00a0<\/span><\/p>\n","protected":false},"excerpt":{"rendered":"<p>Buletin informativ noiembrie 2018<\/p>\n","protected":false},"author":0,"featured_media":0,"comment_status":"closed","ping_status":"closed","sticky":false,"template":"","format":"standard","meta":{"footnotes":""},"categories":[16],"tags":[],"class_list":["post-21","post","type-post","status-publish","format-standard","hentry","category-materiale-informative"],"_links":{"self":[{"href":"https:\/\/www.anofm.ro\/arges\/wp-json\/wp\/v2\/posts\/21","targetHints":{"allow":["GET"]}}],"collection":[{"href":"https:\/\/www.anofm.ro\/arges\/wp-json\/wp\/v2\/posts"}],"about":[{"href":"https:\/\/www.anofm.ro\/arges\/wp-json\/wp\/v2\/types\/post"}],"replies":[{"embeddable":true,"href":"https:\/\/www.anofm.ro\/arges\/wp-json\/wp\/v2\/comments?post=21"}],"version-history":[{"count":0,"href":"https:\/\/www.anofm.ro\/arges\/wp-json\/wp\/v2\/posts\/21\/revisions"}],"wp:attachment":[{"href":"https:\/\/www.anofm.ro\/arges\/wp-json\/wp\/v2\/media?parent=21"}],"wp:term":[{"taxonomy":"category","embeddable":true,"href":"https:\/\/www.anofm.ro\/arges\/wp-json\/wp\/v2\/categories?post=21"},{"taxonomy":"post_tag","embeddable":true,"href":"https:\/\/www.anofm.ro\/arges\/wp-json\/wp\/v2\/tags?post=21"}],"curies":[{"name":"wp","href":"https:\/\/api.w.org\/{rel}","templated":true}]}}