{"id":187,"date":"2020-02-21T00:00:00","date_gmt":"2020-02-20T22:00:00","guid":{"rendered":"https:\/\/www.anofm.ro\/arges\/anunt-examen-promovare-grad-2020\/"},"modified":"2020-02-21T00:00:00","modified_gmt":"2020-02-20T22:00:00","slug":"anunt-examen-promovare-grad-2020","status":"publish","type":"post","link":"https:\/\/www.anofm.ro\/arges\/anunt-examen-promovare-grad-2020\/","title":{"rendered":"Anunt examen promovare grad 2020"},"content":{"rendered":"<\/p>\n<p class=\"MsoNormal\" style=\"margin-left:229.05pt;text-indent:22.95pt\"><b><span lang=\"RO\">ANUNT<\/span><\/b><\/p>\n<p class=\"MsoNormal\" style=\"margin-top:0in;margin-right:0in;margin-bottom:0in;margin-left:.5in;margin-bottom:.0001pt;line-height:18.0pt\"><b><span lang=\"RO\">Agentia Judeteana pentru Ocuparea Fortei de Munca Arges <\/span><\/b><span lang=\"RO\">organizeaza <\/span><span lang=\"RO\">examen de promovare \u00een grad<br \/>\nprofesional \u00een data de 23.03.2020 (proba scrisa) ora 10.00 \u015fi \u00een data de 25.03.2020<br \/>\n(interviul), ora 12,00, la sediul agen\u0163iei<span style=\"color:#0D0D0D\"> judetene<br \/>\ndin Pitesti, B-dul Republicii nr.11 <\/span>pentru ocuparea urm\u0103torului post:<\/span><\/p>\n<p class=\"MsoNormal\" style=\"margin-top:0in;margin-right:0in;margin-bottom:0in;margin-left:.5in;margin-bottom:.0001pt;line-height:18.0pt;vertical-align:baseline\"><b><span>&#8211; consilier, clasa I, gradul profesional superior, gradatia 5 <\/span><\/b><span>\u2013 din cadrul Agentiei Locale Pitesti- Punctul de Lucru Mioveni.<\/span><\/p>\n<p class=\"MsoNormal\" style=\"margin-top:0in;margin-right:0in;margin-bottom:0in;margin-left:.5in;margin-bottom:.0001pt;line-height:18.0pt;vertical-align:baseline\"><b><span>&#8211; inspector, clasa I, gradul profesional principal, gradatia 3 <\/span><\/b><span>\u2013 din cadrul Serviciului Analiza Pietei Muncii si Economie<br \/>\nSociala &#8211; Compartimentul Economie Sociala.<\/span><\/p>\n<table class=\"MsoNormalTable\" border=\"0\" cellspacing=\"0\" cellpadding=\"0\" style=\"margin-left:5.25pt;border-collapse:collapse\">\n<tbody>\n<tr>\n<td width=\"697\" style=\"width:522.75pt;padding:.75pt .75pt .75pt .75pt\">\n<p class=\"MsoNormal\" align=\"left\" style=\"margin-top:1.5pt;margin-right:0in;margin-bottom:3.0pt;margin-left:0in;text-align:left;line-height:normal\"><b><span><span>\u00a0\u00a0\u00a0\u00a0\u00a0\u00a0\u00a0\u00a0\u00a0 <\/span>Conditii de<br \/>\n  participare la examen:<\/span><\/b><\/p>\n<p class=\"MediumGrid21\" style=\"text-align:justify\"><span lang=\"RO\"><span>\u00a0 <\/span><span>\u00a0\u00a0\u00a0\u00a0\u00a0\u00a0\u00a0\u00a0<\/span><\/span><span lang=\"RO\" style=\"font-size:11.0pt;color:black\">a) s\u0103 aib\u0103 cel<br \/>\n  pu\u0163in 3 ani vechime \u00een gradul profesional al func\u0163iei publice din care<br \/>\n  promoveaz\u0103; <\/span><\/p>\n<p class=\"MediumGrid21\" style=\"text-align:justify\"><span lang=\"RO\" style=\"font-size:11.0pt;color:black\"><span>\u00a0\u00a0\u00a0\u00a0\u00a0\u00a0\u00a0 <\/span>b) s\u0103 fi ob\u0163inut cel putin <\/span><span style=\"font-size:11.0pt\">calificativul<br \/>\n  \u201ebine\u201c <\/span><span lang=\"RO\" style=\"font-size:11.0pt;color:black\">la evaluarea<span>\u00a0 <\/span>anual\u0103<span>\u00a0 <\/span>a performan\u0163elor individuale <\/span><span style=\"font-size:11.0pt\">, \u00een<br \/>\n  ultimii 2 ani de activitate;<\/span><span lang=\"RO\" style=\"font-size:11.0pt;color:black\"><\/span><\/p>\n<p class=\"MediumGrid21\" style=\"text-align:justify\"><span lang=\"RO\" style=\"font-size:11.0pt;color:black\"><span>\u00a0\u00a0\u00a0\u00a0\u00a0\u00a0\u00a0 <\/span>c<\/span><span style=\"font-size:11.0pt;color:black\">)<\/span><span lang=\"RO\" style=\"font-size:11.0pt;color:black\"> s\u0103<span>\u00a0 <\/span>nu<span>\u00a0 <\/span>aib\u0103<span>\u00a0<br \/>\n  <\/span>o<span>\u00a0 <\/span>sanc\u0163iune<\/span><span lang=\"RO\" style=\"font-size:11.0pt\"><span>\u00a0 <\/span>disciplinar\u0103 neradiat\u0103 \u00een condi\u0163iile<br \/>\n  prezentului cod ( (OUG 57\/2019).<\/span><\/p>\n<p class=\"MsoNormal\" style=\"margin:0in;margin-bottom:.0001pt;line-height:normal\"><span lang=\"RO\"><span>\u00a0\u00a0\u00a0\u00a0\u00a0\u00a0\u00a0\u00a0\u00a0 <\/span><b>Programul examenului:<\/b><span>\u00a0\u00a0\u00a0\u00a0 <\/span><\/span><\/p>\n<p class=\"MsoNormal\" style=\"margin-top:0in;margin-right:0in;margin-bottom:0in;margin-left:88.5pt;margin-bottom:.0001pt;line-height:normal\"><span lang=\"RO\">23.03.2020 \u2013 orele 10<sup>00<\/sup><br \/>\n  \u2013 proba scrisa<\/span><\/p>\n<p class=\"MsoNormal\" style=\"margin-top:0in;margin-right:0in;margin-bottom:0in;margin-left:88.5pt;margin-bottom:.0001pt;line-height:normal\"><span lang=\"RO\">25.03.2020 \u2013 orele 12<sup>00<\/sup><br \/>\n  \u2013 interviul<\/span><\/p>\n<p class=\"MsoNormal\" align=\"left\" style=\"margin:0in;margin-bottom:.0001pt;text-align:left;line-height:normal\"><b><span>\u00a0<\/span><\/b><\/p>\n<p class=\"MsoNormal\" align=\"left\" style=\"margin:0in;margin-bottom:.0001pt;text-align:left;line-height:normal\"><b><span><span>\u00a0\u00a0\u00a0\u00a0\u00a0\u00a0\u00a0\u00a0\u00a0 <\/span>Bibliografie<\/span><\/b><span><\/span><\/p>\n<p class=\"MsoNormal\" style=\"margin-left:.5in\"><span lang=\"FR\">1.Constitutia Romaniei\u00a0;<\/span><\/p>\n<p class=\"MsoNormal\" style=\"margin-left:.5in\"><span lang=\"FR\">2.OUG nr.57\/2019 privind Codul<br \/>\n  administrativ\u00a0;<\/span><\/p>\n<p class=\"MsoNormal\" style=\"margin-left:.5in\"><span lang=\"FR\">3.Legea nr.202\/2006, privind organizarea si<br \/>\n  functionarea Agentiei Nationale pentru Ocuparea Fortei de Munca, cu<br \/>\n  modificarile si completarile ulterioare\u00a0;<\/span><\/p>\n<p class=\"MsoNormal\" style=\"margin-left:.5in\"><span lang=\"FR\">4.Hotararea Guvernului nr.1610\/2006 privind<br \/>\n  Statutul Agentiei Nationale pentru Ocuparea Fortei de Munca\u00a0;<\/span><\/p>\n<p class=\"MsoNormal\" style=\"margin-left:.5in\"><span lang=\"FR\">5.Legea nr.76\/2002 privind sistemul asigurarilor<br \/>\n  pentru somaj si stimularea ocuparii fortei de munca, cu modificarile si<br \/>\n  completarile ulterioare\u00a0;<\/span><\/p>\n<p class=\"MsoNormal\" style=\"margin-left:.5in\"><span lang=\"FR\">6.H.G.R nr.174\/2002 pentru aprobarea Normelor<br \/>\n  metodologice de aplicare a Legii nr.76\/2002 privind sistemul asigurarilor<br \/>\n  pentru somaj si stimularea ocuparii fortei de munca, cu modificarile si<br \/>\n  completarile ulterioare\u00a0;<\/span><\/p>\n<p class=\"MsoNormal\" style=\"margin-left:.5in\"><span lang=\"FR\">7.H.G.R. nr.377\/2002 pentru aprobarea<br \/>\n  Procedurilor privind accesul la masurile pentru stimularea ocuparii fortei de<br \/>\n  munca, modalitatile de finantare si instructiunile de implementare a<br \/>\n  acestora, cu modificarile si completarile ulterioare;<\/span><\/p>\n<p class=\"MsoNormal\" style=\"margin-left:.5in\"><span lang=\"FR\">8.<\/span><span>Legea nr.279\/2005 privind ucenicia la locul de<br \/>\n  munca, republicata;<\/span><\/p>\n<p class=\"MsoNormal\" style=\"margin-left:.5in\"><span>\u00a0<\/span><\/p>\n<p class=\"MsoNormal\" style=\"margin-left:.5in\"><span>9.Legea nr.335\/2013 privind efectuarea<br \/>\n  stagiului pentru absolventii de invatamant superior, actualizata;<\/span><\/p>\n<p class=\"MsoNormal\" style=\"margin-top:0in;margin-right:.25pt;margin-bottom:  0in;margin-left:.5in;margin-bottom:.0001pt;line-height:normal;background:white\"><span>10.Legea<br \/>\n  nr.72\/2007 privind stimularea incadrarii in munca a elevilor si studentilor, actualizata.<\/span><\/p>\n<p class=\"MsoNormal\" style=\"margin-top:0in;margin-right:.25pt;margin-bottom:  0in;margin-left:.5in;margin-bottom:.0001pt;line-height:normal;background:white\"><span>\u00a0<\/span><\/p>\n<p class=\"MsoNormal\" style=\"margin-left:.5in\"><span>11.Legea nr.219\/2015 \u2013 privind economia<br \/>\n  sociala, cu <\/span><span lang=\"FR\">modificarile si completarile ulterioare\u00a0;<\/span><span lang=\"RO\"><\/span><\/p>\n<\/td>\n<\/tr>\n<\/tbody>\n<\/table>\n<p class=\"MsoNormal\" align=\"left\" style=\"margin-top:1.5pt;margin-right:0in;margin-bottom:3.0pt;margin-left:0in;text-align:left;line-height:normal\"><b><span><span>\u00a0\u00a0\u00a0\u00a0\u00a0\u00a0\u00a0\u00a0\u00a0 <\/span>Cererea\u00a0 de<br \/>\ninscriere<\/span><\/b><span><\/span><\/p>\n<p class=\"MsoNormal\" style=\"margin-top:0in;margin-right:0in;margin-bottom:0in;margin-left:.5in;margin-bottom:.0001pt;line-height:18.0pt\"><span>Dosarele de \u00eenscriere la examen,<span>\u00a0 <\/span>se depun la sediul <\/span><span lang=\"RO\">Agentiei Judetene pentru Ocuparea Fortei de Munca Arges<\/span><span>,<b> <\/b>\u00een termen de 20 de zile de la data <\/span><span lang=\"RO\">afi\u015f\u0103rii anun\u0163ului ,<br \/>\nconform art 127 din<span>\u00a0 <\/span>H.G. nr. 611\/2008<br \/>\npentru aprobarea normelor privind organizarea si dezvoltarea carierei<br \/>\nfunctionarilor publici, cu modific\u0103rile \u015fi complet\u0103rile ulterioare,<\/span><span> respectiv pana pe data de 12.03.2020, ora 16,30.<\/span><\/p>\n<p class=\"MsoNormal\" style=\"margin-left:0in;text-indent:.5in\"><b><span lang=\"RO\" style=\"font-size:12.0pt;line-height:115%\">Dosarul va contine in<br \/>\nmod obligatoriu :<\/span><\/b><\/p>\n<p class=\"MsoNormal\" style=\"margin-left:.5in\"><b><span lang=\"RO\" style=\"font-size:12.0pt;line-height:115%\">&#8211; <\/span><\/b><span lang=\"RO\" style=\"font-size:12.0pt;line-height:115%\">adeverinta eliberata de<br \/>\nCompartimentul Resurse Umane in vederea atestarii vechimii in gradul<br \/>\nprofesional din care se promoveaza ; <\/span><\/p>\n<p class=\"MsoNormal\" style=\"margin-left:.5in\"><span lang=\"RO\" style=\"font-size:12.0pt;line-height:115%\">&#8211; copie xerox<br \/>\ndupa rapoartele de evaluare a performantelor profesionale individuale din<br \/>\nultimii 2 ani de activitate;<\/span><\/p>\n<p class=\"MsoNormal\" style=\"margin-left:0in;text-indent:.5in\"><span lang=\"RO\" style=\"font-size:12.0pt;line-height:115%\">&#8211; formularul de inscriere la examen.<\/span><\/p>\n<p class=\"MsoNormal\" style=\"margin-left:.5in\"><span lang=\"RO\" style=\"font-size:12.0pt;line-height:115%\">&#8211; cazier<br \/>\nadministrativ sau declaratie pe propria raspundere ca persoana nu a fost<br \/>\nsanctionata sau nu are sanctiuni neradiate .<\/span><\/p>\n<p class=\"MsoNormal\" style=\"margin-left:0in;text-indent:.5in\"><span lang=\"RO\">Relatii<br \/>\nsuplimentare la tel. 0248\/222415 int.108 \u2013 Compartimentul Resurse Umane si<br \/>\nSalarizare.<\/span><b><span lang=\"RO\" style=\"color:black\"><span>\u00a0\u00a0\u00a0\u00a0\u00a0\u00a0\u00a0\u00a0\u00a0\u00a0\u00a0\u00a0 <\/span><\/span><\/b><b><span><\/span><\/b><\/p>\n<p class=\"MsoNormal\" style=\"margin-left:0in;text-indent:.5in\">\u00a0<\/p>\n","protected":false},"excerpt":{"rendered":"<p>Anunt examen promovare grad 2020<\/p>\n","protected":false},"author":0,"featured_media":0,"comment_status":"closed","ping_status":"closed","sticky":false,"template":"","format":"standard","meta":{"footnotes":""},"categories":[7],"tags":[],"class_list":["post-187","post","type-post","status-publish","format-standard","hentry","category-cariera-profesionala"],"_links":{"self":[{"href":"https:\/\/www.anofm.ro\/arges\/wp-json\/wp\/v2\/posts\/187","targetHints":{"allow":["GET"]}}],"collection":[{"href":"https:\/\/www.anofm.ro\/arges\/wp-json\/wp\/v2\/posts"}],"about":[{"href":"https:\/\/www.anofm.ro\/arges\/wp-json\/wp\/v2\/types\/post"}],"replies":[{"embeddable":true,"href":"https:\/\/www.anofm.ro\/arges\/wp-json\/wp\/v2\/comments?post=187"}],"version-history":[{"count":0,"href":"https:\/\/www.anofm.ro\/arges\/wp-json\/wp\/v2\/posts\/187\/revisions"}],"wp:attachment":[{"href":"https:\/\/www.anofm.ro\/arges\/wp-json\/wp\/v2\/media?parent=187"}],"wp:term":[{"taxonomy":"category","embeddable":true,"href":"https:\/\/www.anofm.ro\/arges\/wp-json\/wp\/v2\/categories?post=187"},{"taxonomy":"post_tag","embeddable":true,"href":"https:\/\/www.anofm.ro\/arges\/wp-json\/wp\/v2\/tags?post=187"}],"curies":[{"name":"wp","href":"https:\/\/api.w.org\/{rel}","templated":true}]}}