{"id":10,"date":"2018-11-06T00:00:00","date_gmt":"2018-11-05T22:00:00","guid":{"rendered":"https:\/\/www.anofm.ro\/arges\/codul-de-etica-si-conduita-profesionala-actualizat\/"},"modified":"2018-11-06T00:00:00","modified_gmt":"2018-11-05T22:00:00","slug":"codul-de-etica-si-conduita-profesionala-actualizat","status":"publish","type":"post","link":"https:\/\/www.anofm.ro\/arges\/codul-de-etica-si-conduita-profesionala-actualizat\/","title":{"rendered":"Codul de etica si conduita profesionala actualizat"},"content":{"rendered":"<p><font style=\"font-size: 12px\" face=\"Arial\"><\/p>\n<p><\/font><\/p>\n<p class=\"MsoNormal\" style=\"margin-top:6.35pt;margin-right:.75pt;margin-bottom:0mm;margin-left:21.3pt;margin-bottom:.0001pt;text-align:justify;text-indent:-21.3pt;line-height:115%\"><font style=\"font-size: 12px\" face=\"Arial\"><span style=\"font-size: 11pt;line-height: 115%;color: black\" lang=\"RO\">\u00a0 <br \/><\/span><\/font><\/p>\n<p><font style=\"font-size: 12px\" face=\"Arial\"><b><span style=\"font-size: 14pt;line-height: 115%;color: black\" lang=\"RO\">COD DE CONDUIT\u0102 ETIC\u0102<\/span><\/b><\/p>\n<p><\/font><\/p>\n<p class=\"MsoNormal\" style=\"margin-top:6.35pt;margin-right:.75pt;margin-bottom:0mm;margin-left:21.3pt;margin-bottom:.0001pt;text-align:center;text-indent:-21.3pt;line-height:115%\" align=\"center\"><font style=\"font-size: 12px\" face=\"Arial\"><b><span style=\"font-size: 14pt;line-height: 115%;color: black\" lang=\"RO\">\u00a0<\/span><\/b><\/font><\/p>\n<p><font style=\"font-size: 12px\" face=\"Arial\"><b><span style=\"font-size: 14pt;line-height: 115%;color: black\" lang=\"RO\">A.J.O.F.M. ARGES<\/span><\/b><span style=\"font-size: 14pt;line-height: 115%;color: black\" lang=\"RO\"><\/span><\/p>\n<p><\/font><\/p>\n<p class=\"MsoNormal\" style=\"margin-top:6.35pt;margin-right:.75pt;margin-bottom:0mm;margin-left:21.3pt;margin-bottom:.0001pt;text-align:justify;text-indent:-21.3pt;line-height:115%\"><font style=\"font-size: 12px\" face=\"Arial\"><span style=\"font-size: 14pt;line-height: 115%;color: black\" lang=\"RO\">\u00a0<\/span><span style=\"font-size: 11pt;line-height: 115%;color: black\" lang=\"RO\"> <br \/><\/span><\/font><\/p>\n<p><font style=\"font-size: 12px\" face=\"Arial\"><\/p>\n<p><\/font><\/p>\n<p class=\"MsoNormal\" style=\"margin-top:6.35pt;margin-right:.75pt;margin-bottom:0mm;margin-left:21.3pt;margin-bottom:.0001pt;text-align:justify;text-indent:-21.3pt;line-height:115%\"><font style=\"font-size: 12px\" face=\"Arial\"><span style=\"font-size: 11pt;line-height: 115%;color: black\" lang=\"RO\">\u00a0<\/span><\/font><\/p>\n<p><font style=\"font-size: 12px\" face=\"Arial\"><\/font><\/p>\n<p class=\"MsoNormal\" style=\"margin-top:6.35pt;margin-right:.75pt;margin-bottom:0mm;margin-left:21.3pt;margin-bottom:.0001pt;text-align:justify;text-indent:-21.3pt;line-height:115%\"><font style=\"font-size: 12px\" face=\"Arial\"><span style=\"font-size: 11pt;line-height: 115%;color: black\" lang=\"RO\">\u00a0<\/span><\/font><\/p>\n<p><font style=\"font-size: 12px\" face=\"Arial\"><b><span style=\"font-size: 11pt;line-height: 115%;color: black\" lang=\"RO\">CAPITOLUL I<\/span><\/b><b><span style=\"font-size: 11pt;line-height: 115%;color: black\" lang=\"RO\"><\/p>\n<p>DOMENIUL DE APLICARE, OBIECTIVE, PRINCIPII<br \/>\nGENERALE, TERMENI<\/p>\n<p><\/span><\/b><b><span style=\"font-size: 11pt;line-height: 115%;color: black\" lang=\"RO\"><\/span><\/b><\/p>\n<p><\/font><\/p>\n<p class=\"MsoNormal\" style=\"margin-top:.1pt;margin-right:.75pt;margin-bottom:0mm;margin-left:0mm;margin-bottom:.0001pt;text-align:justify;line-height:115%\"><font style=\"font-size: 12px\" face=\"Arial\"><u><span style=\"font-size: 11pt;line-height: 115%;color: black\" lang=\"RO\"><span style=\"text-decoration:none\">\u00a0<\/span><\/span><\/u><\/font><\/p>\n<p><font style=\"font-size: 12px\" face=\"Arial\"><\/p>\n<p><\/font><\/p>\n<p class=\"MsoNormal\" style=\"margin-top:.1pt;margin-right:.75pt;margin-bottom:0mm;margin-left:0mm;margin-bottom:.0001pt;text-align:justify;line-height:115%\"><font style=\"font-size: 12px\" face=\"Arial\"><b><span style=\"font-size: 11pt;line-height: 115%;color: black\" lang=\"RO\">Art.1<\/span><\/b><span style=\"font-size: 11pt;line-height: 115%;color: black\" lang=\"RO\"> <b>Domeniul de<br \/>\naplicare<\/b><\/span><\/font><\/p>\n<p><font style=\"font-size: 12px\" face=\"Arial\"><\/p>\n<p><\/font><\/p>\n<p class=\"MsoNormal\" style=\"margin-top:.1pt;margin-right:.75pt;margin-bottom:0mm;margin-left:0mm;margin-bottom:.0001pt;text-align:justify;line-height:115%\"><font style=\"font-size: 12px\" face=\"Arial\"><span style=\"font-size: 11pt;line-height: 115%;color: black\" lang=\"RO\">Codul de conduita etic\u0103 reglementeaza normele<br \/>\nde conduita profesionala si de integritate ale personalului din cadrul <\/span><span style=\"font-size: 11pt;line-height: 115%;color: black;position: relative;top: 1pt;letter-spacing: -0.45pt\" lang=\"RO\">Agentiei Judetene pentru Ocuparea For\u021bei de Munc\u0103 Arges.<\/span><\/font><\/p>\n<p><font style=\"font-size: 12px\" face=\"Arial\"><\/p>\n<p><\/font><\/p>\n<p class=\"MsoNormal\" style=\"margin-top:.1pt;margin-right:.75pt;margin-bottom:0mm;margin-left:0mm;margin-bottom:.0001pt;text-align:justify;line-height:115%\"><font style=\"font-size: 12px\" face=\"Arial\"><span style=\"font-size: 11pt;line-height: 115%;color: black;position: relative;top: 1pt;letter-spacing: -0.45pt\" lang=\"RO\">Normele de conduit\u0103 profesional\u0103 prevazute \u00een prezentul cod sunt<br \/>\nobligatorii pentru func\u021bionarii publici, pentru persoanele care ocup\u0103 temporar<br \/>\no func\u021bie public\u0103, precum \u0219i pentru personalul contractual.<\/span><span style=\"font-size: 11pt;line-height: 115%;color: black\" lang=\"RO\"><\/span><\/font><\/p>\n<p><font style=\"font-size: 12px\" face=\"Arial\"><\/p>\n<p><\/font><\/p>\n<p class=\"MsoNormal\" style=\"margin-top:9.05pt;margin-right:.75pt;margin-bottom:0mm;margin-left:0mm;margin-bottom:.0001pt;text-align:justify;line-height:115%\"><font style=\"font-size: 12px\" face=\"Arial\"><b><span style=\"font-size: 11pt;line-height: 115%;color: black\" lang=\"RO\">Art.2<\/span><\/b><span style=\"font-size: 11pt;line-height: 115%;color: black\" lang=\"RO\"> <b>Obiective<\/b> <\/span><span style=\"font-size: 11pt;line-height: 115%;color: black;position: relative;top: 1.5pt;letter-spacing: -0.05pt\" lang=\"RO\"><\/span><\/font><\/p>\n<p><font style=\"font-size: 12px\" face=\"Arial\"><\/p>\n<p><\/font><\/p>\n<p class=\"MsoNormal\" style=\"margin-top:4.9pt;margin-right:.75pt;margin-bottom:0mm;margin-left:0mm;margin-bottom:.0001pt;text-align:justify;line-height:115%\"><font style=\"font-size: 12px\" face=\"Arial\"><span style=\"font-size: 11pt;line-height: 115%;color: black\" lang=\"RO\">Obiectivele prezentului Cod de conduita<br \/>\nurmaresc asigurarea calitatii serviciului <\/span><span style=\"font-size: 11pt;line-height: 115%;color: black\" lang=\"RO\">public, o buna administrare in realizarea<br \/>\ninteresului public, precum si eliminarea birocratiei si faptelor de coruptie<br \/>\ndin administratia publica, prin: <\/span><\/font><\/p>\n<p><font style=\"font-size: 12px\" face=\"Arial\"><\/p>\n<p><\/font><\/p>\n<p class=\"MsoNormal\" style=\"margin-top:.15pt;margin-right:.75pt;margin-bottom:0mm;margin-left:0mm;margin-bottom:.0001pt;text-align:justify;line-height:115%\"><font style=\"font-size: 12px\" face=\"Arial\"><span style=\"font-size: 11pt;line-height: 115%;color: black\" lang=\"RO\"><span>\u00a0<\/span>a)<br \/>\nreglementarea normelor de conduita profesionala necesara realizarii unor<br \/>\nraporturi <\/span><span style=\"font-size: 11pt;line-height: 115%;color: black\" lang=\"RO\">sociale<br \/>\nsi profesionale corespunzatoare crearii si mentinerii la nivel inalt a<br \/>\nprestigiului Agentiei Judetene pentru Ocuparea Fortei de Munca Arges si<br \/>\npersonalului acesteia; <\/span><\/font><\/p>\n<p><font style=\"font-size: 12px\" face=\"Arial\"><\/p>\n<p><\/font><\/p>\n<p class=\"MsoNormal\" style=\"margin-right:.75pt;text-align:justify;line-height:115%\"><font style=\"font-size: 12px\" face=\"Arial\"><span style=\"font-size: 11pt;line-height: 115%;color: black\" lang=\"RO\">b)<br \/>\ninformarea publicului cu privire la conduita profesionala la care este<br \/>\nindreptatit sa se <\/span><span style=\"font-size: 11pt;line-height: 115%;color: black\" lang=\"RO\">astepte<br \/>\ndin partea functionarilor publici in exercitarea <\/span><span style=\"font-size: 11pt;line-height: 115%;color: black\" lang=\"RO\">functiilor pe care le ocupa; <\/span><\/font><\/p>\n<p><font style=\"font-size: 12px\" face=\"Arial\"><\/p>\n<p><\/font><\/p>\n<p class=\"MsoNormal\" style=\"margin-top:1.35pt;margin-right:.75pt;margin-bottom:0mm;margin-left:0mm;margin-bottom:.0001pt;text-align:justify;line-height:115%\"><font style=\"font-size: 12px\" face=\"Arial\"><span style=\"font-size: 11pt;line-height: 115%;color: black\" lang=\"RO\">c) crearea unui climat de incredere si respect<br \/>\nreciproc, intre cetateni si functionarii publici, <\/span><span style=\"font-size: 11pt;line-height: 115%;color: black\" lang=\"RO\">personalul contractual din cadrul Agentiei<br \/>\nJudetene pentru Ocuparea Fortei de Munca, pe de o parte, si intre cetateni si institu\u021bie,<br \/>\npe de alta <\/span><span style=\"font-size: 11pt;line-height: 115%;color: black\" lang=\"RO\">parte.<br \/>\n<\/span><\/font><\/p>\n<p><font style=\"font-size: 12px\" face=\"Arial\"><\/p>\n<p><\/font><\/p>\n<p class=\"MsoNormal\" style=\"margin-top:0mm;margin-right:.75pt;margin-bottom:0mm;margin-left:21.3pt;margin-bottom:.0001pt;text-align:justify;text-indent:-21.3pt;line-height:115%\"><font style=\"font-size: 12px\" face=\"Arial\"><span style=\"font-size: 11pt;line-height: 115%;color: black\" lang=\"RO\">\u00a0<\/span><\/font><\/p>\n<p><font style=\"font-size: 12px\" face=\"Arial\"><\/p>\n<p><\/font><\/p>\n<p class=\"MsoNormal\" style=\"margin-top:3.35pt;margin-right:.75pt;margin-bottom:0mm;margin-left:21.3pt;margin-bottom:.0001pt;text-align:justify;text-indent:-21.3pt;line-height:115%\"><font style=\"font-size: 12px\" face=\"Arial\"><b><span style=\"font-size: 11pt;line-height: 115%;color: black\" lang=\"RO\">Art.3 Principii generale <\/span><\/b><\/font><\/p>\n<p><font style=\"font-size: 12px\" face=\"Arial\"><\/p>\n<p><\/font><\/p>\n<p class=\"MsoNormal\" style=\"margin-top:8.25pt;margin-right:.75pt;margin-bottom:0mm;margin-left:0mm;margin-bottom:.0001pt;text-align:justify;line-height:115%\"><font style=\"font-size: 12px\" face=\"Arial\"><span style=\"font-size: 11pt;line-height: 115%;color: black\" lang=\"RO\">Principiile care guverneaz\u0103 conduita<br \/>\nprofesional\u0103 a func\u0163ionarilor publici \u015fi a personalului contractual sunt cele<br \/>\nprev\u0103zute la art.368 din OUG nr.57\/2019 privind Codul Administrativ, cu<br \/>\nmodific\u0103rile \u0219i complet\u0103rile ulterioare, \u0219i anume:<\/span><\/font><\/p>\n<p><font style=\"font-size: 12px\" face=\"Arial\"><\/p>\n<p><\/font><\/p>\n<p class=\"MsoNormal\" style=\"margin-top:8.25pt;margin-right:.75pt;margin-bottom:0mm;margin-left:0mm;margin-bottom:.0001pt;text-align:justify;line-height:115%\"><font style=\"font-size: 12px\" face=\"Arial\"><span style=\"font-size: 11pt;line-height: 115%;color: black\" lang=\"RO\">a) suprema\u0163ia Constitu\u0163iei \u015fi a legii,<br \/>\nprincipiu conform c\u0103ruia persoanele care ocup\u0103 diferite categorii de func\u0163ii au<br \/>\n\u00eendatorirea de a respecta Constitu\u0163ia \u015fi legile \u0163\u0103rii;<\/span><\/font><\/p>\n<p><font style=\"font-size: 12px\" face=\"Arial\"><\/p>\n<p><\/font><\/p>\n<p class=\"MsoNormal\" style=\"margin-top:8.25pt;margin-right:.75pt;margin-bottom:0mm;margin-left:0mm;margin-bottom:.0001pt;text-align:justify;line-height:115%\"><font style=\"font-size: 12px\" face=\"Arial\"><span style=\"font-size: 11pt;line-height: 115%;color: black\" lang=\"RO\">b) prioritatea interesului public, \u00een<br \/>\nexercitarea func\u0163iei de\u0163inute;<\/span><\/font><\/p>\n<p><font style=\"font-size: 12px\" face=\"Arial\"><\/p>\n<p><\/font><\/p>\n<p class=\"MsoNormal\" style=\"margin-top:8.25pt;margin-right:.75pt;margin-bottom:0mm;margin-left:0mm;margin-bottom:.0001pt;text-align:justify;line-height:115%\"><font style=\"font-size: 12px\" face=\"Arial\"><span style=\"font-size: 11pt;line-height: 115%;color: black\" lang=\"RO\">c) asigurarea egalit\u0103\u0163ii de tratament a<br \/>\ncet\u0103\u0163enilor \u00een fa\u0163a autorit\u0103\u0163ilor \u015fi institu\u0163iilor publice, principiu conform<br \/>\nc\u0103ruia persoanele care ocup\u0103 diferite categorii de func\u0163ii au \u00eendatorirea de a<br \/>\naplica acela\u015fi regim juridic \u00een situa\u0163ii identice sau similare;<\/span><\/font><\/p>\n<p><font style=\"font-size: 12px\" face=\"Arial\"><\/p>\n<p><\/font><\/p>\n<p class=\"MsoNormal\" style=\"margin-top:8.25pt;margin-right:.75pt;margin-bottom:0mm;margin-left:0mm;margin-bottom:.0001pt;text-align:justify;line-height:115%\"><font style=\"font-size: 12px\" face=\"Arial\"><span style=\"font-size: 11pt;line-height: 115%;color: black\" lang=\"RO\">d) profesionalismul, principiu conform c\u0103ruia<br \/>\npersoanele care ocup\u0103 diferite categorii de func\u0163ii au obliga\u0163ia de a \u00eendeplini<br \/>\natribu\u0163iile de serviciu cu responsabilitate, competen\u0163\u0103, eficien\u0163\u0103,<br \/>\ncorectitudine \u015fi con\u015ftiinciozitate;<\/span><\/font><\/p>\n<p><font style=\"font-size: 12px\" face=\"Arial\"><\/p>\n<p><\/font><\/p>\n<p class=\"MsoNormal\" style=\"margin-top:8.25pt;margin-right:.75pt;margin-bottom:0mm;margin-left:0mm;margin-bottom:.0001pt;text-align:justify;line-height:115%\"><font style=\"font-size: 12px\" face=\"Arial\"><span style=\"font-size: 11pt;line-height: 115%;color: black\" lang=\"RO\">e) impar\u0163ialitatea \u015fi independen\u0163a, principiu<br \/>\nconform c\u0103ruia persoanele care ocup\u0103 diferite categorii de func\u0163ii sunt<br \/>\nobligate s\u0103 aib\u0103 o atitudine obiectiv\u0103, neutr\u0103 fa\u0163\u0103 de orice interes altul<br \/>\ndec\u00e2t interesul public, \u00een exercitarea func\u0163iei de\u0163inute;<\/span><\/font><\/p>\n<p><font style=\"font-size: 12px\" face=\"Arial\"><\/p>\n<p><\/font><\/p>\n<p class=\"MsoNormal\" style=\"margin-top:8.25pt;margin-right:.75pt;margin-bottom:0mm;margin-left:0mm;margin-bottom:.0001pt;text-align:justify;line-height:115%\"><font style=\"font-size: 12px\" face=\"Arial\"><span style=\"font-size: 11pt;line-height: 115%;color: black\" lang=\"RO\">f) integritatea moral\u0103, principiu conform<br \/>\nc\u0103ruia persoanelor care ocup\u0103 diferite categorii de func\u0163ii le este interzis s\u0103<br \/>\nsolicite sau s\u0103 accepte, direct ori indirect, pentru ei sau pentru al\u0163ii, vreun<br \/>\navantaj ori beneficiu \u00een considerarea func\u0163iei pe care o de\u0163in sau s\u0103 abuzeze<br \/>\n\u00een vreun fel de aceast\u0103 func\u0163ie;<\/span><\/font><\/p>\n<p><font style=\"font-size: 12px\" face=\"Arial\"><\/p>\n<p><\/font><\/p>\n<p class=\"MsoNormal\" style=\"margin-top:8.25pt;margin-right:.75pt;margin-bottom:0mm;margin-left:0mm;margin-bottom:.0001pt;text-align:justify;line-height:115%\"><font style=\"font-size: 12px\" face=\"Arial\"><span style=\"font-size: 11pt;line-height: 115%;color: black\" lang=\"RO\">\u2003\u2003g) libertatea g\u00e2ndirii \u015fi a exprim\u0103rii,<br \/>\nprincipiu conform c\u0103ruia persoanele care ocup\u0103 diferite categorii de func\u0163ii<br \/>\npot s\u0103-\u015fi exprime \u015fi s\u0103-\u015fi fundamenteze opiniile, cu respectarea ordinii de<br \/>\ndrept \u015fi a bunelor moravuri;<\/span><\/font><\/p>\n<p><font style=\"font-size: 12px\" face=\"Arial\"><\/p>\n<p><\/font><\/p>\n<p class=\"MsoNormal\" style=\"margin-top:8.25pt;margin-right:.75pt;margin-bottom:0mm;margin-left:0mm;margin-bottom:.0001pt;text-align:justify;line-height:115%\"><font style=\"font-size: 12px\" face=\"Arial\"><span style=\"font-size: 11pt;line-height: 115%;color: black\" lang=\"RO\">h) cinstea \u015fi corectitudinea, principiu<br \/>\nconform c\u0103ruia \u00een exercitarea diferitelor categorii de func\u0163ii ocupan\u0163ii<br \/>\nacestora trebuie s\u0103 fie de bun\u0103-credin\u0163\u0103;<\/span><\/font><\/p>\n<p><font style=\"font-size: 12px\" face=\"Arial\"><\/p>\n<p><\/font><\/p>\n<p class=\"MsoNormal\" style=\"margin-top:8.25pt;margin-right:.75pt;margin-bottom:0mm;margin-left:0mm;margin-bottom:.0001pt;text-align:justify;line-height:115%\"><font style=\"font-size: 12px\" face=\"Arial\"><span style=\"font-size: 11pt;line-height: 115%;color: black\" lang=\"RO\">i) deschiderea \u015fi transparen\u0163a, principiu<br \/>\nconform c\u0103ruia activit\u0103\u0163ile desf\u0103\u015furate \u00een exercitarea diferitelor categorii de<br \/>\nfunc\u0163ii sunt publice \u015fi pot fi supuse monitoriz\u0103rii cet\u0103\u0163enilor;<\/span><\/font><\/p>\n<p><font style=\"font-size: 12px\" face=\"Arial\"><\/p>\n<p><\/font><\/p>\n<p class=\"MsoNormal\" style=\"margin-top:8.25pt;margin-right:.75pt;margin-bottom:0mm;margin-left:0mm;margin-bottom:.0001pt;text-align:justify;line-height:115%\"><font style=\"font-size: 12px\" face=\"Arial\"><span style=\"font-size: 11pt;line-height: 115%;color: black\" lang=\"RO\">j) responsabilitatea \u015fi r\u0103spunderea, principiu<br \/>\npotrivit c\u0103ruia persoanele care ocup\u0103 diferite categorii de func\u0163ii r\u0103spund \u00een<br \/>\nconformitate cu prevederile legale atunci c\u00e2nd atribu\u0163iile de serviciu nu au<br \/>\nfost \u00eendeplinite corespunz\u0103tor.<\/span><\/font><\/p>\n<p><font style=\"font-size: 12px\" face=\"Arial\"><\/p>\n<p><\/font><\/p>\n<p class=\"MsoNormal\" style=\"margin-top:8.25pt;margin-right:.75pt;margin-bottom:0mm;margin-left:0mm;margin-bottom:.0001pt;text-align:justify;line-height:115%\"><font style=\"font-size: 12px\" face=\"Arial\"><b><span style=\"font-size: 11pt;line-height: 115%;color: black\" lang=\"RO\">Art.4<\/span><\/b><span style=\"font-size: 11pt;line-height: 115%;color: black\" lang=\"RO\"> <\/span><b><span style=\"font-size: 11pt;line-height: 115%;color: black\" lang=\"RO\">Termeni <\/span><\/b><\/font><\/p>\n<p><font style=\"font-size: 12px\" face=\"Arial\"><\/p>\n<p><\/font><\/p>\n<p class=\"MsoNormal\" style=\"margin-top:5.7pt;margin-right:.75pt;margin-bottom:0mm;margin-left:0mm;margin-bottom:.0001pt;text-align:justify;line-height:115%\"><font style=\"font-size: 12px\" face=\"Arial\"><span style=\"font-size: 11pt;line-height: 115%;color: black\" lang=\"RO\">In \u00een\u021belesul prezentului <i>Cod de conduit\u0103 etic\u0103<\/i>, urmatorii termeni se definesc astfel: <\/span><\/font><\/p>\n<p><font style=\"font-size: 12px\" face=\"Arial\"><\/p>\n<p><\/font><\/p>\n<p class=\"MsoNormal\" style=\"margin-top:5.7pt;margin-right:.75pt;margin-bottom:0mm;margin-left:0mm;margin-bottom:.0001pt;text-align:justify;line-height:115%\"><font style=\"font-size: 12px\" face=\"Arial\"><span style=\"font-size: 11pt;line-height: 115%;color: black\" lang=\"RO\">a) <i>functionar<br \/>\npublic<\/i> &#8211; persoana numita intr-o functie publica in conditiile OUG<br \/>\nnr.57\/2019, cu modificarile si completarile ulterioare; <\/span><span style=\"font-size: 11pt;line-height: 115%;color: black\" lang=\"RO\"><\/span><\/font><\/p>\n<p><font style=\"font-size: 12px\" face=\"Arial\"><\/p>\n<p><\/font><\/p>\n<p class=\"MsoNormal\" style=\"margin-top:.2pt;margin-right:.75pt;margin-bottom:0mm;margin-left:0mm;margin-bottom:.0001pt;text-align:justify;line-height:115%\"><font style=\"font-size: 12px\" face=\"Arial\"><span style=\"font-size: 11pt;line-height: 115%;color: black\" lang=\"RO\">b) <i>functie<br \/>\npublica<\/i>&#8211; ansamblul atributiilor si responsabilitatilor stabilite <\/span><span style=\"font-size: 11pt;line-height: 115%;color: black\" lang=\"RO\">in temeiul legii, in scopul exercit\u0103rii<br \/>\nprerogativelor de putere public\u0103 de c\u0103tre autorit\u0103\u021bile \u0219i institu\u021biile publice;<br \/>\n<\/span><\/font><\/p>\n<p><font style=\"font-size: 12px\" face=\"Arial\"><\/p>\n<p><\/font><\/p>\n<p class=\"MsoNormal\" style=\"margin-right:.75pt;text-align:justify;line-height:115%\"><font style=\"font-size: 12px\" face=\"Arial\"><span style=\"font-size: 11pt;line-height: 115%;color: black\" lang=\"RO\">c) <i>personal<br \/>\ncontractual <\/i>\u2013 persoana numit\u0103, pe baz\u0103 de contract individual de munc\u0103,<br \/>\nintr-o func\u021bie \u00een institu\u021biile publice in condi\u021biile Legii nr.53\/2003 privin<br \/>\nCodul Muncii, republicat\u0103,<\/span><span style=\"font-size: 11pt;line-height: 115%;color: black\" lang=\"RO\"> cu modificarile si completarile ulterioare<\/span><span style=\"font-size: 11pt;line-height: 115%;color: black\" lang=\"RO\">; <\/span><\/font><\/p>\n<p><font style=\"font-size: 12px\" face=\"Arial\"><\/p>\n<p><\/font><\/p>\n<p class=\"MsoNormal\" style=\"margin-top:.8pt;margin-right:.75pt;margin-bottom:0mm;margin-left:0mm;margin-bottom:.0001pt;text-align:justify;line-height:115%\"><font style=\"font-size: 12px\" face=\"Arial\"><span style=\"font-size: 11pt;line-height: 115%;color: black\" lang=\"RO\">d<i>)<br \/>\ninteres public<\/i> &#8211; acel interes care implica garantarea si respectarea de<br \/>\ncatre <\/span><span style=\"font-size: 11pt;line-height: 115%;color: black\" lang=\"RO\">autoritatile<br \/>\npublice a drepturilor, libertatilor si intereselor legitime ale cetatenilor,<br \/>\nrecunoscute de Constitutie, legislatia interna si tratatele internationale la<br \/>\ncare Romania este parte<\/span><span style=\"font-size: 11pt;line-height: 115%;color: black\" lang=\"RO\">;<br \/>\n<\/span><span style=\"font-size: 11pt;line-height: 115%;color: black\" lang=\"RO\"><\/span><\/font><\/p>\n<p><font style=\"font-size: 12px\" face=\"Arial\"><\/p>\n<p><\/font><\/p>\n<p class=\"MsoNormal\" style=\"margin-top:1.7pt;margin-right:.75pt;margin-bottom:0mm;margin-left:0mm;margin-bottom:.0001pt;text-align:justify;line-height:115%\"><font style=\"font-size: 12px\" face=\"Arial\"><span style=\"font-size: 11pt;line-height: 115%;color: black\" lang=\"RO\">e) <i>interes<br \/>\npersonal<\/i> &#8211; orice avantaj material sau de alta natura, urmarit ori obtinut,<br \/>\nin mod <\/span><span style=\"font-size: 11pt;line-height: 115%;color: black\" lang=\"RO\">direct<br \/>\nsau indirect, pentru sine ori pentru altii, de catre functionarii publicii, de<br \/>\ncatre personalul <\/span><span style=\"font-size: 11pt;line-height: 115%;color: black\" lang=\"RO\">contractual,<br \/>\nprin folosirea reputatiei, influentei, facilitatilor, relatiilor, informatiilor<br \/>\nla care au acces, ca urmare a exercitarii functiei publice; <\/span><\/font><\/p>\n<p><font style=\"font-size: 12px\" face=\"Arial\"><\/p>\n<p><\/font><\/p>\n<p class=\"MsoNormal\" style=\"margin-top:1.7pt;margin-right:.75pt;margin-bottom:0mm;margin-left:0mm;margin-bottom:.0001pt;text-align:justify;line-height:115%\"><font style=\"font-size: 12px\" face=\"Arial\"><span style=\"font-size: 11pt;line-height: 115%;color: black\" lang=\"RO\">f) <i>conflict<br \/>\nde interese<\/i> <\/span><span style=\"font-size: 11pt;line-height: 115%;color: black\" lang=\"RO\">&#8211; acea<br \/>\nsituatie sau imprejurare in care interesul personal, direct <\/span><span style=\"font-size: 11pt;line-height: 115%;color: black\" lang=\"RO\">ori indirect, al functionarului public<br \/>\ncontravine interesului public, <\/span><span style=\"font-size: 11pt;line-height: 115%;color: black\" lang=\"RO\">astfel incat afecteaza sau ar putea afecta independenta si<br \/>\nimpartialitatea sa in luarea deciziilor ori<\/span><span style=\"font-size: 11pt;line-height: 115%;color: black\" lang=\"RO\"> indeplinirea la timp si cu obiectivitate a<br \/>\nindatoririlor care ii revin in exercitarea <\/span><span style=\"font-size: 11pt;line-height: 115%;color: black\" lang=\"RO\">functiei publice detinute; <\/span><\/font><\/p>\n<p><font style=\"font-size: 12px\" face=\"Arial\"><\/p>\n<p><\/font><\/p>\n<p class=\"MsoNormal\" style=\"margin-top:.1pt;margin-right:.75pt;margin-bottom:0mm;margin-left:0mm;margin-bottom:.0001pt;text-align:justify;line-height:115%\"><font style=\"font-size: 12px\" face=\"Arial\"><span style=\"font-size: 11pt;line-height: 115%;color: black\" lang=\"RO\">g) <i>informatie<br \/>\nde interes public<\/i> &#8211; orice informatie care priveste activitatile sau care<br \/>\nrezulta din <\/span><span style=\"font-size: 11pt;line-height: 115%;color: black\" lang=\"RO\">activitatile<br \/>\nunei autoritati publice ori institutii publice, indiferent de suportul<span>\u00a0 <\/span>ei; <\/span><\/font><\/p>\n<p><font style=\"font-size: 12px\" face=\"Arial\"><\/p>\n<p><\/font><\/p>\n<p class=\"MsoNormal\" style=\"margin-top:.1pt;margin-right:.75pt;margin-bottom:0mm;margin-left:0mm;margin-bottom:.0001pt;text-align:justify;line-height:115%\"><font style=\"font-size: 12px\" face=\"Arial\"><span style=\"font-size: 11pt;line-height: 115%;color: black;letter-spacing: -0.5pt\" lang=\"RO\">h) <\/span><i><span style=\"font-size: 11pt;line-height: 115%;color: black\" lang=\"RO\">informatie cu privire la date personale<\/span><\/i><span style=\"font-size: 11pt;line-height: 115%;color: black\" lang=\"RO\"> &#8211; orice informatie privind o persoana<br \/>\nidentificata <\/span><span style=\"font-size: 11pt;line-height: 115%;color: black\" lang=\"RO\">sau identificabila;<\/span><\/font><\/p>\n<p><font style=\"font-size: 12px\" face=\"Arial\"><\/p>\n<p><\/font><\/p>\n<p class=\"MsoNormal\" style=\"margin-top:.1pt;margin-right:.75pt;margin-bottom:0mm;margin-left:0mm;margin-bottom:.0001pt;text-align:justify;line-height:115%\"><font style=\"font-size: 12px\" face=\"Arial\"><span style=\"font-size: 11pt;line-height: 115%;color: black\" lang=\"RO\">i) <i>avertizare<br \/>\n\u00een interes public<\/i> &#8211; sesizarea f\u0103cut\u0103 cu bun\u0103-credin\u0163\u0103 cu privire la orice<br \/>\nfapt\u0103 care presupune o \u00eenc\u0103lcare a legii, a deontologiei profesionale sau a<br \/>\nprincipiilor bunei administr\u0103ri, eficien\u0163ei, eficacit\u0103\u0163ii, economicit\u0103\u0163ii \u015fi<br \/>\ntransparen\u0163ei;<\/span><\/font><\/p>\n<p><font style=\"font-size: 12px\" face=\"Arial\"><\/p>\n<p><\/font><\/p>\n<p class=\"MsoNormal\" style=\"margin-top:.1pt;margin-right:.75pt;margin-bottom:0mm;margin-left:0mm;margin-bottom:.0001pt;text-align:justify;line-height:115%\"><font style=\"font-size: 12px\" face=\"Arial\"><span style=\"font-size: 11pt;line-height: 115%;color: black\" lang=\"RO\">j) <i>avertizor<\/i><br \/>\n&#8211; persoana care face o sesizare \u015fi care este \u00eencadrat\u0103 \u00een una dintre<br \/>\nautorit\u0103\u0163ile publice sau institu\u0163iile publice;<\/span><\/font><\/p>\n<p><font style=\"font-size: 12px\" face=\"Arial\"><\/p>\n<p><\/font><\/p>\n<p class=\"MsoNormal\" style=\"margin-top:.1pt;margin-right:.75pt;margin-bottom:0mm;margin-left:0mm;margin-bottom:.0001pt;text-align:justify;line-height:115%\"><font style=\"font-size: 12px\" face=\"Arial\"><span style=\"font-size: 11pt;line-height: 115%;color: black\" lang=\"RO\">k) <i>comisie<br \/>\nde disciplin\u0103<\/i> &#8211; orice organ \u00eens\u0103rcinat cu atribu\u0163ii de cercetare<br \/>\ndisciplinar\u0103, prev\u0103zut de lege sau de regulamentele de organizare \u015fi<br \/>\nfunc\u0163ionare a autorit\u0103\u0163ilor publice, institu\u0163iilor publice;<\/span><\/font><\/p>\n<p><font style=\"font-size: 12px\" face=\"Arial\"><\/p>\n<p><\/font><\/p>\n<p class=\"MsoNormal\" style=\"margin-top:.1pt;margin-right:.75pt;margin-bottom:0mm;margin-left:0mm;margin-bottom:.0001pt;text-align:justify;line-height:115%\"><font style=\"font-size: 12px\" face=\"Arial\"><span style=\"font-size: 11pt;line-height: 115%;color: black\" lang=\"RO\">l) <i>consilier<br \/>\netic \/responsabil cu monitorizarea respect\u0103rii normelor de conduit\u0103 \u2013<\/i>func\u021bionar<br \/>\npublic desemnat de conduc\u0103torul institu\u021biei cu scopul de a asigura consilierea\/<br \/>\nasisten\u021ba de probleme de etic\u0103 \u0219i monitorizarea respect\u0103rii normelor de<br \/>\nconduit\u0103 profesional\u0103 \u00een cadrul institu\u021biei publice.<\/span><\/font><\/p>\n<p><font style=\"font-size: 12px\" face=\"Arial\"><\/p>\n<p><\/font><\/p>\n<p class=\"MsoNormal\" style=\"margin-top:.1pt;margin-right:.75pt;margin-bottom:0mm;margin-left:0mm;margin-bottom:.0001pt;text-align:justify;line-height:115%\"><font style=\"font-size: 12px\" face=\"Arial\"><span style=\"font-size: 11pt;line-height: 115%;color: black\" lang=\"RO\">\u00a0<\/span><\/font><\/p>\n<p><font style=\"font-size: 12px\" face=\"Arial\"><\/p>\n<p><\/font><\/p>\n<p class=\"MsoNormal\" style=\"margin-top:.1pt;margin-right:.75pt;margin-bottom:0mm;margin-left:0mm;margin-bottom:.0001pt;text-align:justify;line-height:115%\"><font style=\"font-size: 12px\" face=\"Arial\"><span style=\"font-size: 11pt;line-height: 115%;color: black\" lang=\"RO\">\u00a0<\/span><\/font><\/p>\n<p><font style=\"font-size: 12px\" face=\"Arial\"><\/p>\n<p><\/font><\/p>\n<p class=\"MsoNormal\" style=\"margin-top:.1pt;margin-right:.75pt;margin-bottom:0mm;margin-left:0mm;margin-bottom:.0001pt;text-align:justify;line-height:115%\"><font style=\"font-size: 12px\" face=\"Arial\"><span style=\"font-size: 11pt;line-height: 115%;color: black\" lang=\"RO\">\u00a0<\/span><\/font><\/p>\n<p><font style=\"font-size: 12px\" face=\"Arial\"><\/p>\n<p><\/font><\/p>\n<p class=\"MsoNormal\" style=\"margin-top:.1pt;margin-right:.75pt;margin-bottom:0mm;margin-left:0mm;margin-bottom:.0001pt;text-align:justify;line-height:115%\"><font style=\"font-size: 12px\" face=\"Arial\"><span style=\"font-size: 11pt;line-height: 115%;color: black\" lang=\"RO\">\u00a0<\/span><\/font><\/p>\n<p><font style=\"font-size: 12px\" face=\"Arial\"><b><span style=\"font-size: 11pt;line-height: 115%;color: black\" lang=\"RO\">CAPITOLUL II<\/span><\/b><b><span style=\"font-size: 11pt;line-height: 115%;color: black\" lang=\"RO\"><\/p>\n<p>Norme generale de conduit\u0103 profesional\u0103 a<br \/>\nfunc\u021bionarilor publici \u0219i a personalului contractual din cadrul AJOFM Arges<\/p>\n<p><\/span><\/b><b><span style=\"font-size: 11pt;line-height: 115%;color: black\" lang=\"RO\"><\/span><\/b><\/p>\n<p><\/font><\/p>\n<p class=\"MsoNormal\" style=\"margin-top:6.2pt;margin-right:.75pt;margin-bottom:0mm;margin-left:21.3pt;margin-bottom:.0001pt;text-align:justify;text-indent:-21.3pt;line-height:115%\"><font style=\"font-size: 12px\" face=\"Arial\"><b><span style=\"font-size: 11pt;line-height: 115%;color: black\" lang=\"RO\">\u00a0<\/span><\/b><\/font><\/p>\n<p><font style=\"font-size: 12px\" face=\"Arial\"><\/p>\n<p><\/font><\/p>\n<p class=\"MsoNormal\" style=\"margin-top:6.2pt;margin-right:.75pt;margin-bottom:0mm;margin-left:21.3pt;margin-bottom:.0001pt;text-align:justify;text-indent:-21.3pt;line-height:115%\"><font style=\"font-size: 12px\" face=\"Arial\"><b><span style=\"font-size: 11pt;line-height: 115%;color: black\" lang=\"RO\">Art.5 Respectarea Constitu\u0163iei \u015fi a legilor<\/span><\/b><\/font><\/p>\n<p><font style=\"font-size: 12px\" face=\"Arial\"><\/p>\n<p><\/font><\/p>\n<p class=\"MsoNormal\" style=\"margin-top:6.2pt;margin-right:.75pt;margin-bottom:0mm;margin-left:0mm;margin-bottom:.0001pt;text-align:justify;line-height:115%\"><font style=\"font-size: 12px\" face=\"Arial\"><span style=\"font-size: 11pt;line-height: 115%;color: black\" lang=\"RO\">(1) Func\u0163ionarii publici au obliga\u0163ia ca prin<br \/>\nactele \u015fi faptele lor s\u0103 promoveze suprema\u0163ia legii, s\u0103 respecte Constitu\u0163ia \u015fi<br \/>\nlegile \u0163\u0103rii, statul de drept, drepturile \u015fi libert\u0103\u0163ile fundamentale ale<br \/>\ncet\u0103\u0163enilor \u00een rela\u0163ia cu administra\u0163ia public\u0103, precum \u015fi s\u0103 ac\u0163ioneze pentru<br \/>\npunerea \u00een aplicare a dispozi\u0163iilor legale \u00een conformitate cu atribu\u0163iile care le<br \/>\nrevin, cu aplicarea normelor de conduit\u0103 care rezult\u0103 din \u00eendatoririle<br \/>\nprev\u0103zute de lege.<\/span><\/font><\/p>\n<p><font style=\"font-size: 12px\" face=\"Arial\"><\/p>\n<p><\/font><\/p>\n<p class=\"MsoNormal\" style=\"margin-top:6.2pt;margin-right:.75pt;margin-bottom:0mm;margin-left:0mm;margin-bottom:.0001pt;text-align:justify;line-height:115%\"><font style=\"font-size: 12px\" face=\"Arial\"><span style=\"font-size: 11pt;line-height: 115%;color: black\" lang=\"RO\">(2) Func\u0163ionarii publici trebuie s\u0103 se<br \/>\nconformeze dispozi\u0163iilor legale privind restr\u00e2ngerea exerci\u0163iului unor<br \/>\ndrepturi, datorat\u0103 naturii func\u0163iilor publice de\u0163inute.<\/span><\/font><\/p>\n<p><font style=\"font-size: 12px\" face=\"Arial\"><\/p>\n<p><\/font><\/p>\n<p class=\"MsoNormal\" style=\"margin-top:6.2pt;margin-right:.75pt;margin-bottom:0mm;margin-left:21.3pt;margin-bottom:.0001pt;text-align:justify;text-indent:-21.3pt;line-height:115%\"><font style=\"font-size: 12px\" face=\"Arial\"><b><span style=\"font-size: 11pt;line-height: 115%;color: black\" lang=\"RO\">Art.6<\/span><\/b><span style=\"font-size: 11pt;line-height: 115%;color: black\" lang=\"RO\"><span>\u00a0 <\/span><b>Profesionalismul \u015fi impar\u0163ialitatea<\/b><\/span><\/font><\/p>\n<p><font style=\"font-size: 12px\" face=\"Arial\"><\/p>\n<p><\/font><\/p>\n<p class=\"MsoNormal\" style=\"margin-top:6.2pt;margin-right:.75pt;margin-bottom:0mm;margin-left:0mm;margin-bottom:.0001pt;text-align:justify;line-height:115%\"><font style=\"font-size: 12px\" face=\"Arial\"><span style=\"font-size: 11pt;line-height: 115%;color: black\" lang=\"RO\">(1) Func\u0163ionarii publici trebuie s\u0103 exercite<br \/>\nfunc\u0163ia public\u0103 cu obiectivitate, impar\u0163ialitate \u015fi independen\u0163\u0103,<br \/>\nfundament\u00e2ndu-\u015fi activitatea, solu\u0163iile propuse \u015fi deciziile pe dispozi\u0163ii<br \/>\nlegale \u015fi pe argumente tehnice \u015fi s\u0103 se ab\u0163in\u0103 de la orice fapt\u0103 care ar putea<br \/>\naduce prejudicii persoanelor fizice sau juridice ori prestigiului corpului<br \/>\nfunc\u0163ionarilor publici.<\/span><\/font><\/p>\n<p><font style=\"font-size: 12px\" face=\"Arial\"><\/p>\n<p><\/font><\/p>\n<p class=\"MsoNormal\" style=\"margin-top:6.2pt;margin-right:.75pt;margin-bottom:0mm;margin-left:0mm;margin-bottom:.0001pt;text-align:justify;line-height:115%\"><font style=\"font-size: 12px\" face=\"Arial\"><span style=\"font-size: 11pt;line-height: 115%;color: black\" lang=\"RO\">(2) \u00cen activitatea profesional\u0103, func\u0163ionarii<br \/>\npublici au obliga\u0163ia de diligen\u0163\u0103 cu privire la promovarea \u015fi implementarea<br \/>\nsolu\u0163iilor propuse \u015fi a deciziilor, \u00een condi\u0163iile prev\u0103zute la alin. (1).<\/span><\/font><\/p>\n<p><font style=\"font-size: 12px\" face=\"Arial\"><\/p>\n<p><\/font><\/p>\n<p class=\"MsoNormal\" style=\"margin-top:6.2pt;margin-right:.75pt;margin-bottom:0mm;margin-left:0mm;margin-bottom:.0001pt;text-align:justify;line-height:115%\"><font style=\"font-size: 12px\" face=\"Arial\"><span style=\"font-size: 11pt;line-height: 115%;color: black\" lang=\"RO\">(3) \u00cen exercitarea func\u0163iei publice,<br \/>\nfunc\u0163ionarii publici trebuie s\u0103 adopte o atitudine neutr\u0103 fa\u0163\u0103 de orice interes<br \/>\npersonal, politic, economic, religios sau de alt\u0103 natur\u0103 \u015fi s\u0103 nu dea curs unor<br \/>\neventuale presiuni, ingerin\u0163e sau influen\u0163e de orice natur\u0103.<\/span><\/font><\/p>\n<p><font style=\"font-size: 12px\" face=\"Arial\"><\/p>\n<p><\/font><\/p>\n<p class=\"MsoNormal\" style=\"margin-top:6.2pt;margin-right:.75pt;margin-bottom:0mm;margin-left:0mm;margin-bottom:.0001pt;text-align:justify;line-height:115%\"><font style=\"font-size: 12px\" face=\"Arial\"><span style=\"font-size: 11pt;line-height: 115%;color: black\" lang=\"RO\">(4) Principiul independen\u0163ei nu poate fi<br \/>\ninterpretat ca dreptul de a nu respecta principiul subordon\u0103rii ierarhice.<\/span><\/font><\/p>\n<p><font style=\"font-size: 12px\" face=\"Arial\"><\/p>\n<p><\/font><\/p>\n<p class=\"MsoNormal\" style=\"margin-top:6.2pt;margin-right:.75pt;margin-bottom:0mm;margin-left:0mm;margin-bottom:.0001pt;text-align:justify;line-height:115%\"><font style=\"font-size: 12px\" face=\"Arial\"><b><span style=\"font-size: 11pt;line-height: 115%;color: black\" lang=\"RO\">Art.7 \u2003Obliga\u0163ii \u00een exercitarea dreptului la libera<br \/>\nexprimare<\/span><\/b><\/font><\/p>\n<p><font style=\"font-size: 12px\" face=\"Arial\"><\/p>\n<p><\/font><\/p>\n<p class=\"MsoNormal\" style=\"margin-top:6.2pt;margin-right:.75pt;margin-bottom:0mm;margin-left:21.3pt;margin-bottom:.0001pt;text-align:justify;text-indent:-21.3pt;line-height:115%\"><font style=\"font-size: 12px\" face=\"Arial\"><span style=\"font-size: 11pt;line-height: 115%;color: black\" lang=\"RO\">(1)<br \/>\nFunc\u0163ionarii publici au dreptul la libera exprimare, \u00een condi\u0163iile legii.<\/span><\/font><\/p>\n<p><font style=\"font-size: 12px\" face=\"Arial\"><\/p>\n<p><\/font><\/p>\n<p class=\"MsoNormal\" style=\"margin-top:6.2pt;margin-right:.75pt;margin-bottom:0mm;margin-left:0mm;margin-bottom:.0001pt;text-align:justify;line-height:115%\"><font style=\"font-size: 12px\" face=\"Arial\"><span style=\"font-size: 11pt;line-height: 115%;color: black\" lang=\"RO\">(2) \u00cen exercitarea dreptului la liber\u0103<br \/>\nexprimare, func\u0163ionarii publici au obliga\u0163ia de a nu aduce atingere demnit\u0103\u0163ii,<br \/>\nimaginii, precum \u015fi vie\u0163ii intime, familiale \u015fi private a oric\u0103rei persoane.<\/span><\/font><\/p>\n<p><font style=\"font-size: 12px\" face=\"Arial\"><\/p>\n<p><\/font><\/p>\n<p class=\"MsoNormal\" style=\"margin-top:6.2pt;margin-right:.75pt;margin-bottom:0mm;margin-left:0mm;margin-bottom:.0001pt;text-align:justify;line-height:115%\"><font style=\"font-size: 12px\" face=\"Arial\"><span style=\"font-size: 11pt;line-height: 115%;color: black\" lang=\"RO\">(3) \u00cen \u00eendeplinirea atribu\u0163iilor de serviciu,<br \/>\nfunc\u0163ionarii publici au obliga\u0163ia de a respecta demnitatea func\u0163iei publice<br \/>\nde\u0163inute, corel\u00e2nd libertatea dialogului cu promovarea intereselor autorit\u0103\u0163ii<br \/>\nsau institu\u0163iei publice \u00een care \u00ee\u015fi desf\u0103\u015foar\u0103 activitatea.<\/span><\/font><\/p>\n<p><font style=\"font-size: 12px\" face=\"Arial\"><\/p>\n<p><\/font><\/p>\n<p class=\"MsoNormal\" style=\"margin-top:6.2pt;margin-right:.75pt;margin-bottom:0mm;margin-left:0mm;margin-bottom:.0001pt;text-align:justify;line-height:115%\"><font style=\"font-size: 12px\" face=\"Arial\"><span style=\"font-size: 11pt;line-height: 115%;color: black\" lang=\"RO\">(4) \u00cen activitatea lor, func\u0163ionarii publici<br \/>\nau obliga\u0163ia de a respecta libertatea opiniilor \u015fi de a nu se l\u0103sa influen\u0163a\u0163i<br \/>\nde considerente personale sau de popularitate. \u00cen exprimarea opiniilor,<br \/>\nfunc\u0163ionarii publici trebuie s\u0103 aib\u0103 o atitudine conciliant\u0103 \u015fi s\u0103 evite<br \/>\ngenerarea conflictelor datorate schimbului de p\u0103reri.<\/span><\/font><\/p>\n<p><font style=\"font-size: 12px\" face=\"Arial\"><\/p>\n<p><\/font><\/p>\n<p class=\"MsoNormal\" style=\"margin-top:6.2pt;margin-right:.75pt;margin-bottom:0mm;margin-left:21.3pt;margin-bottom:.0001pt;text-align:justify;text-indent:-21.3pt;line-height:115%\"><font style=\"font-size: 12px\" face=\"Arial\"><b><span style=\"font-size: 11pt;line-height: 115%;color: black\" lang=\"RO\">Art. 8\u2003Asigurarea unui serviciu public de<br \/>\ncalitate<\/span><\/b><span style=\"font-size: 11pt;line-height: 115%;color: black\" lang=\"RO\"><\/span><\/font><\/p>\n<p><font style=\"font-size: 12px\" face=\"Arial\"><\/p>\n<p><\/font><\/p>\n<p class=\"MsoNormal\" style=\"margin-top:6.2pt;margin-right:.75pt;margin-bottom:0mm;margin-left:0mm;margin-bottom:.0001pt;text-align:justify;line-height:115%\"><font style=\"font-size: 12px\" face=\"Arial\"><span style=\"font-size: 11pt;line-height: 115%;color: black\" lang=\"RO\">(1) Func\u0163ionarii publici au obliga\u0163ia de a<br \/>\nasigura un serviciu public de calitate \u00een beneficiul cet\u0103\u0163enilor prin<br \/>\nparticiparea activ\u0103 la luarea deciziilor \u015fi la transpunerea lor \u00een practic\u0103, \u00een<br \/>\nscopul realiz\u0103rii competen\u0163elor autorit\u0103\u0163ilor \u015fi ale institu\u0163iilor publice.<\/span><\/font><\/p>\n<p><font style=\"font-size: 12px\" face=\"Arial\"><\/p>\n<p><\/font><\/p>\n<p class=\"MsoNormal\" style=\"margin-top:6.2pt;margin-right:.75pt;margin-bottom:0mm;margin-left:0mm;margin-bottom:.0001pt;text-align:justify;line-height:115%\"><font style=\"font-size: 12px\" face=\"Arial\"><span style=\"font-size: 11pt;line-height: 115%;color: black\" lang=\"RO\">(2) \u00cen exercitarea func\u0163iei de\u0163inute,<br \/>\nfunc\u0163ionarii publici au obliga\u0163ia de a avea un comportament profesionist,<br \/>\nprecum \u015fi de a asigura, \u00een condi\u0163iile legii, transparen\u0163a administrativ\u0103 pentru<br \/>\na c\u00e2\u015ftiga \u015fi a men\u0163ine \u00eencrederea publicului \u00een integritatea, impar\u0163ialitatea<br \/>\n\u015fi eficacitatea autorit\u0103\u0163ilor \u015fi institu\u0163iilor publice.<\/span><\/font><\/p>\n<p><font style=\"font-size: 12px\" face=\"Arial\"><\/p>\n<p><\/font><\/p>\n<p class=\"MsoNormal\" style=\"margin-top:6.2pt;margin-right:.75pt;margin-bottom:0mm;margin-left:0mm;margin-bottom:.0001pt;text-align:justify;line-height:115%\"><font style=\"font-size: 12px\" face=\"Arial\"><b><span style=\"font-size: 11pt;line-height: 115%;color: black\" lang=\"RO\">Art.9 Loialitatea fa\u0163\u0103 de autorit\u0103\u0163ile \u015fi institu\u0163iile<br \/>\npublice<\/span><\/b><span style=\"font-size: 11pt;line-height: 115%;color: black\" lang=\"RO\"><\/span><\/font><\/p>\n<p><font style=\"font-size: 12px\" face=\"Arial\"><\/p>\n<p><\/font><\/p>\n<p class=\"MsoNormal\" style=\"margin-top:6.2pt;margin-right:.75pt;margin-bottom:0mm;margin-left:0mm;margin-bottom:.0001pt;text-align:justify;line-height:115%\"><font style=\"font-size: 12px\" face=\"Arial\"><span style=\"font-size: 11pt;line-height: 115%;color: black\" lang=\"RO\">(1) Func\u0163ionarii publici au obliga\u0163ia de a<br \/>\nap\u0103ra \u00een mod loial prestigiul institu\u0163iei publice \u00een care \u00ee\u015fi desf\u0103\u015foar\u0103<br \/>\nactivitatea, precum \u015fi de a se ab\u0163ine de la orice act ori fapt care poate<br \/>\nproduce prejudicii imaginii sau intereselor legale ale acesteia.<\/span><\/font><\/p>\n<p><font style=\"font-size: 12px\" face=\"Arial\"><\/p>\n<p><\/font><\/p>\n<p class=\"MsoNormal\" style=\"margin-top:6.2pt;margin-right:.75pt;margin-bottom:0mm;margin-left:21.3pt;margin-bottom:.0001pt;text-align:justify;text-indent:-21.3pt;line-height:115%\"><font style=\"font-size: 12px\" face=\"Arial\"><span style=\"font-size: 11pt;line-height: 115%;color: black\" lang=\"RO\">(2)<br \/>\nFunc\u0163ionarilor publici le este interzis:<\/span><\/font><\/p>\n<p><font style=\"font-size: 12px\" face=\"Arial\"><\/p>\n<p><\/font><\/p>\n<p class=\"MsoNormal\" style=\"margin-top:6.2pt;margin-right:.75pt;margin-bottom:0mm;margin-left:0mm;margin-bottom:.0001pt;text-align:justify;line-height:115%\"><font style=\"font-size: 12px\" face=\"Arial\"><span style=\"font-size: 11pt;line-height: 115%;color: black\" lang=\"RO\">a) s\u0103 exprime \u00een public aprecieri neconforme<br \/>\ncu realitatea \u00een leg\u0103tur\u0103 cu activitatea institu\u0163iei publice \u00een care \u00ee\u015fi<br \/>\ndesf\u0103\u015foar\u0103 activitatea, cu politicile \u015fi strategiile acesteia ori cu proiectele<br \/>\nde acte cu caracter normativ sau individual;<\/span><\/font><\/p>\n<p><font style=\"font-size: 12px\" face=\"Arial\"><\/p>\n<p><\/font><\/p>\n<p class=\"MsoNormal\" style=\"margin-top:6.2pt;margin-right:.75pt;margin-bottom:0mm;margin-left:0mm;margin-bottom:.0001pt;text-align:justify;line-height:115%\"><font style=\"font-size: 12px\" face=\"Arial\"><span style=\"font-size: 11pt;line-height: 115%;color: black\" lang=\"RO\">b) s\u0103 fac\u0103 aprecieri neautorizate \u00een leg\u0103tur\u0103<br \/>\ncu litigiile aflate \u00een curs de solu\u0163ionare \u015fi \u00een care institu\u0163ia public\u0103 \u00een<br \/>\ncare \u00ee\u015fi desf\u0103\u015foar\u0103 activitatea are calitatea de parte sau s\u0103 furnizeze \u00een mod<br \/>\nneautorizat informa\u0163ii \u00een leg\u0103tur\u0103 cu aceste litigii;<\/span><\/font><\/p>\n<p><font style=\"font-size: 12px\" face=\"Arial\"><\/p>\n<p><\/font><\/p>\n<p class=\"MsoNormal\" style=\"margin-top:6.2pt;margin-right:.75pt;margin-bottom:0mm;margin-left:0mm;margin-bottom:.0001pt;text-align:justify;line-height:115%\"><font style=\"font-size: 12px\" face=\"Arial\"><span style=\"font-size: 11pt;line-height: 115%;color: black\" lang=\"RO\">c) s\u0103 dezv\u0103luie \u015fi s\u0103 foloseasc\u0103 informa\u0163ii<br \/>\ncare au caracter secret, \u00een alte condi\u0163ii dec\u00e2t cele prev\u0103zute de lege;<\/span><\/font><\/p>\n<p><font style=\"font-size: 12px\" face=\"Arial\"><\/p>\n<p><\/font><\/p>\n<p class=\"MsoNormal\" style=\"margin-top:6.2pt;margin-right:.75pt;margin-bottom:0mm;margin-left:0mm;margin-bottom:.0001pt;text-align:justify;line-height:115%\"><font style=\"font-size: 12px\" face=\"Arial\"><span style=\"font-size: 11pt;line-height: 115%;color: black\" lang=\"RO\">d) s\u0103 acorde asisten\u0163\u0103 \u015fi consultan\u0163\u0103<br \/>\npersoanelor fizice sau juridice \u00een vederea promov\u0103rii de ac\u0163iuni juridice ori<br \/>\nde alt\u0103 natur\u0103 \u00eempotriva statului sau institu\u0163iei publice \u00een care \u00ee\u015fi<br \/>\ndesf\u0103\u015foar\u0103 activitatea.<\/span><\/font><\/p>\n<p><font style=\"font-size: 12px\" face=\"Arial\"><\/p>\n<p><\/font><\/p>\n<p class=\"MsoNormal\" style=\"margin-top:6.2pt;margin-right:.75pt;margin-bottom:0mm;margin-left:0mm;margin-bottom:.0001pt;text-align:justify;line-height:115%\"><font style=\"font-size: 12px\" face=\"Arial\"><span style=\"font-size: 11pt;line-height: 115%;color: black\" lang=\"RO\">(3) Prevederile alin. (2) se aplic\u0103 \u015fi dup\u0103<br \/>\n\u00eencetarea raportului de serviciu, pentru o perioad\u0103 de 2 ani, dac\u0103 dispozi\u0163iile<br \/>\ndin legi speciale nu prev\u0103d alte termene.<\/span><\/font><\/p>\n<p><font style=\"font-size: 12px\" face=\"Arial\"><\/p>\n<p><\/font><\/p>\n<p class=\"MsoNormal\" style=\"margin-top:6.2pt;margin-right:.75pt;margin-bottom:0mm;margin-left:0mm;margin-bottom:.0001pt;text-align:justify;line-height:115%\"><font style=\"font-size: 12px\" face=\"Arial\"><b><span style=\"font-size: 11pt;line-height: 115%;color: black\" lang=\"RO\">Art.10\u2003Obliga\u0163ia de a informa autoritatea sau institu\u0163ia<br \/>\npublic\u0103 cu privire la situa\u0163ia personal\u0103 generatoare de acte juridice<\/span><\/b><span style=\"font-size: 11pt;line-height: 115%;color: black\" lang=\"RO\"><\/span><\/font><\/p>\n<p><font style=\"font-size: 12px\" face=\"Arial\"><\/p>\n<p><\/font><\/p>\n<p class=\"MsoNormal\" style=\"margin-top:6.2pt;margin-right:.75pt;margin-bottom:0mm;margin-left:0mm;margin-bottom:.0001pt;text-align:justify;line-height:115%\"><font style=\"font-size: 12px\" face=\"Arial\"><span style=\"font-size: 11pt;line-height: 115%;color: black\" lang=\"RO\">Func\u0163ionarul public are \u00eendatorirea de a<br \/>\ninforma institu\u0163ia public\u0103, \u00een mod corect \u015fi complet, \u00een scris, cu privire la<br \/>\nsitua\u0163iile de fapt \u015fi de drept care privesc persoana sa \u015fi care sunt<br \/>\ngeneratoare de acte administrative \u00een condi\u0163iile expres prev\u0103zute de lege.<\/span><\/font><\/p>\n<p><font style=\"font-size: 12px\" face=\"Arial\"><\/p>\n<p><\/font><\/p>\n<p class=\"MsoNormal\" style=\"margin-top:6.2pt;margin-right:.75pt;margin-bottom:0mm;margin-left:0mm;margin-bottom:.0001pt;text-align:justify;line-height:115%\"><font style=\"font-size: 12px\" face=\"Arial\"><b><span style=\"font-size: 11pt;line-height: 115%;color: black\" lang=\"RO\">Art.11\u2003Interdic\u0163ii \u015fi limit\u0103ri \u00een ceea ce prive\u015fte<br \/>\nimplicarea \u00een activitatea politic\u0103<\/span><\/b><span style=\"font-size: 11pt;line-height: 115%;color: black\" lang=\"RO\"><\/span><\/font><\/p>\n<p><font style=\"font-size: 12px\" face=\"Arial\"><\/p>\n<p><\/font><\/p>\n<p class=\"MsoNormal\" style=\"margin-top:6.2pt;margin-right:.75pt;margin-bottom:0mm;margin-left:0mm;margin-bottom:.0001pt;text-align:justify;line-height:115%\"><font style=\"font-size: 12px\" face=\"Arial\"><span style=\"font-size: 11pt;line-height: 115%;color: black\" lang=\"RO\">(1) Func\u0163ionarii publici \u0219i personalul<br \/>\ncontractual au obliga\u0163ia ca, \u00een exercitarea atribu\u0163iilor ce le revin, s\u0103 se<br \/>\nab\u0163in\u0103 de la exprimarea sau manifestarea public\u0103 a convingerilor \u015fi<br \/>\npreferin\u0163elor lor politice, s\u0103 nu favorizeze vreun partid politic sau vreo<br \/>\norganiza\u0163ie c\u0103reia \u00eei este aplicabil acela\u015fi regim juridic ca \u015fi partidelor<br \/>\npolitice.<\/span><\/font><\/p>\n<p><font style=\"font-size: 12px\" face=\"Arial\"><\/p>\n<p><\/font><\/p>\n<p class=\"MsoNormal\" style=\"margin-top:6.2pt;margin-right:.75pt;margin-bottom:0mm;margin-left:0mm;margin-bottom:.0001pt;text-align:justify;line-height:115%\"><font style=\"font-size: 12px\" face=\"Arial\"><span style=\"font-size: 11pt;line-height: 115%;color: black\" lang=\"RO\">(2) \u00cen exercitarea func\u0163iei publice,<br \/>\nfunc\u0163ionarilor publici le este interzis:<\/span><\/font><\/p>\n<p><font style=\"font-size: 12px\" face=\"Arial\"><\/p>\n<p><\/font><\/p>\n<p class=\"MsoNormal\" style=\"margin-top:6.2pt;margin-right:.75pt;margin-bottom:0mm;margin-left:0mm;margin-bottom:.0001pt;text-align:justify;line-height:115%\"><font style=\"font-size: 12px\" face=\"Arial\"><span style=\"font-size: 11pt;line-height: 115%;color: black\" lang=\"RO\">\u2003\u2003a) s\u0103 participe la colectarea de fonduri<br \/>\npentru activitatea partidelor politice, a organiza\u0163iilor c\u0103rora le este<br \/>\naplicabil acela\u015fi regim juridic ca \u015fi partidelor politice, a funda\u0163iilor sau<br \/>\nasocia\u0163iilor care func\u0163ioneaz\u0103 pe l\u00e2ng\u0103 partidele politice, precum \u015fi pentru<br \/>\nactivitatea candida\u0163ilor independen\u0163i;\u2003\u2003b) s\u0103 furnizeze sprijin logistic<br \/>\ncandida\u0163ilor la func\u0163ii de demnitate public\u0103;<\/span><\/font><\/p>\n<p><font style=\"font-size: 12px\" face=\"Arial\"><\/p>\n<p><\/font><\/p>\n<p class=\"MsoNormal\" style=\"margin-top:6.2pt;margin-right:.75pt;margin-bottom:0mm;margin-left:0mm;margin-bottom:.0001pt;text-align:justify;line-height:115%\"><font style=\"font-size: 12px\" face=\"Arial\"><span style=\"font-size: 11pt;line-height: 115%;color: black\" lang=\"RO\">c) s\u0103 afi\u015feze, \u00een cadrul autorit\u0103\u0163ilor sau<br \/>\ninstitu\u0163iilor publice, \u00eensemne ori obiecte inscrip\u0163ionate cu sigla \u015fi\/sau<br \/>\ndenumirea partidelor politice, ale organiza\u0163iilor c\u0103rora le este aplicabil<br \/>\nacela\u015fi regim juridic ca \u015fi partidelor politice, ale funda\u0163iilor sau<br \/>\nasocia\u0163iilor care func\u0163ioneaz\u0103 pe l\u00e2ng\u0103 partidele politice, ale candida\u0163ilor<br \/>\nacestora, precum \u015fi ale candida\u0163ilor independen\u0163i;<\/span><\/font><\/p>\n<p><font style=\"font-size: 12px\" face=\"Arial\"><\/p>\n<p><\/font><\/p>\n<p class=\"MsoNormal\" style=\"margin-top:6.2pt;margin-right:.75pt;margin-bottom:0mm;margin-left:0mm;margin-bottom:.0001pt;text-align:justify;line-height:115%\"><font style=\"font-size: 12px\" face=\"Arial\"><span style=\"font-size: 11pt;line-height: 115%;color: black\" lang=\"RO\">d) s\u0103 se serveasc\u0103 de actele pe care le<br \/>\n\u00eendeplinesc \u00een exercitarea atribu\u0163iilor de serviciu pentru a-\u015fi exprima sau<br \/>\nmanifesta convingerile politice;<\/span><\/font><\/p>\n<p><font style=\"font-size: 12px\" face=\"Arial\"><\/p>\n<p><\/font><\/p>\n<p class=\"MsoNormal\" style=\"margin-top:6.2pt;margin-right:.75pt;margin-bottom:0mm;margin-left:0mm;margin-bottom:.0001pt;text-align:justify;line-height:115%\"><font style=\"font-size: 12px\" face=\"Arial\"><span style=\"font-size: 11pt;line-height: 115%;color: black\" lang=\"RO\">e) s\u0103 participe la reuniuni publice cu<br \/>\ncaracter politic pe durata timpului de lucru.<\/span><\/font><\/p>\n<p><font style=\"font-size: 12px\" face=\"Arial\"><\/p>\n<p><\/font><\/p>\n<p class=\"MsoNormal\" style=\"margin-top:6.2pt;margin-right:.75pt;margin-bottom:0mm;margin-left:0mm;margin-bottom:.0001pt;text-align:justify;line-height:115%\"><font style=\"font-size: 12px\" face=\"Arial\"><b><span style=\"font-size: 11pt;line-height: 115%;color: black\" lang=\"RO\">Art. 12\u2003\u00cendeplinirea atribu\u0163iilor<\/span><\/b><\/font><\/p>\n<p><font style=\"font-size: 12px\" face=\"Arial\"><\/p>\n<p><\/font><\/p>\n<p class=\"MsoNormal\" style=\"margin-top:6.2pt;margin-right:.75pt;margin-bottom:0mm;margin-left:0mm;margin-bottom:.0001pt;text-align:justify;line-height:115%\"><font style=\"font-size: 12px\" face=\"Arial\"><span style=\"font-size: 11pt;line-height: 115%;color: black\" lang=\"RO\">(1) Func\u0163ionarii publici r\u0103spund, potrivit legii,<br \/>\nde \u00eendeplinirea atribu\u0163iilor ce le revin din func\u0163ia public\u0103 pe care o de\u0163in,<br \/>\nprecum \u015fi a atribu\u0163iilor ce le sunt delegate.<\/span><\/font><\/p>\n<p><font style=\"font-size: 12px\" face=\"Arial\"><\/p>\n<p><\/font><\/p>\n<p class=\"MsoNormal\" style=\"margin-top:6.2pt;margin-right:.75pt;margin-bottom:0mm;margin-left:0mm;margin-bottom:.0001pt;text-align:justify;line-height:115%\"><font style=\"font-size: 12px\" face=\"Arial\"><span style=\"font-size: 11pt;line-height: 115%;color: black\" lang=\"RO\">(2) Func\u0163ionarul public are \u00eendatorirea s\u0103<br \/>\n\u00eendeplineasc\u0103 dispozi\u0163iile primite de la superiorii ierarhici.<\/span><\/font><\/p>\n<p><font style=\"font-size: 12px\" face=\"Arial\"><\/p>\n<p><\/font><\/p>\n<p class=\"MsoNormal\" style=\"margin-top:6.2pt;margin-right:.75pt;margin-bottom:0mm;margin-left:0mm;margin-bottom:.0001pt;text-align:justify;line-height:115%\"><font style=\"font-size: 12px\" face=\"Arial\"><span style=\"font-size: 11pt;line-height: 115%;color: black\" lang=\"RO\">(3) Func\u0163ionarul public are dreptul s\u0103 refuze,<br \/>\n\u00een scris \u015fi motivat, \u00eendeplinirea dispozi\u0163iilor primite de la superiorul<br \/>\nierarhic, dac\u0103 le consider\u0103 ilegale. Func\u0163ionarul public are \u00eendatorirea s\u0103<br \/>\naduc\u0103 la cuno\u015ftin\u0163\u0103 superiorului ierarhic al persoanei care a emis dispozi\u0163ia astfel<br \/>\nde situa\u0163ii.<\/span><\/font><\/p>\n<p><font style=\"font-size: 12px\" face=\"Arial\"><\/p>\n<p><\/font><\/p>\n<p class=\"MsoNormal\" style=\"margin-top:6.2pt;margin-right:.75pt;margin-bottom:0mm;margin-left:0mm;margin-bottom:.0001pt;text-align:justify;line-height:115%\"><font style=\"font-size: 12px\" face=\"Arial\"><span style=\"font-size: 11pt;line-height: 115%;color: black\" lang=\"RO\">(4) \u00cen cazul \u00een care se constat\u0103, \u00een<br \/>\ncondi\u0163iile legii, legalitatea dispozi\u0163iei prev\u0103zute la alin. (3), func\u0163ionarul<br \/>\npublic r\u0103spunde \u00een condi\u0163iile legii.<\/span><\/font><\/p>\n<p><font style=\"font-size: 12px\" face=\"Arial\"><\/p>\n<p><\/font><\/p>\n<p class=\"MsoNormal\" style=\"margin-top:6.2pt;margin-right:.75pt;margin-bottom:0mm;margin-left:0mm;margin-bottom:.0001pt;text-align:justify;line-height:115%\"><font style=\"font-size: 12px\" face=\"Arial\"><b><span style=\"font-size: 11pt;line-height: 115%;color: black\" lang=\"RO\">Art.13 P\u0103strarea secretului de stat, secretului de<br \/>\nserviciu \u015fi confiden\u0163ialitatea<\/span><\/b><\/font><\/p>\n<p><font style=\"font-size: 12px\" face=\"Arial\"><\/p>\n<p><\/font><\/p>\n<p class=\"MsoNormal\" style=\"margin-top:6.2pt;margin-right:.75pt;margin-bottom:0mm;margin-left:0mm;margin-bottom:.0001pt;text-align:justify;line-height:115%\"><font style=\"font-size: 12px\" face=\"Arial\"><span style=\"font-size: 11pt;line-height: 115%;color: black\" lang=\"RO\">Func\u0163ionarii publici \u0219i personalul contractual<br \/>\nau obliga\u0163ia s\u0103 p\u0103streze secretul de stat, secretul de serviciu, precum \u015fi<br \/>\nconfiden\u0163ialitatea \u00een leg\u0103tur\u0103 cu faptele, informa\u0163iile sau documentele de care<br \/>\niau cuno\u015ftin\u0163\u0103 \u00een exercitarea func\u0163iei publice, \u00een condi\u0163iile legii, cu<br \/>\naplicarea dispozi\u0163iilor \u00een vigoare privind liberul acces la informa\u0163iile de<br \/>\ninteres public.<\/span><\/font><\/p>\n<p><font style=\"font-size: 12px\" face=\"Arial\"><\/p>\n<p><\/font><\/p>\n<p class=\"MsoNormal\" style=\"margin-top:6.2pt;margin-right:.75pt;margin-bottom:0mm;margin-left:0mm;margin-bottom:.0001pt;text-align:justify;line-height:115%\"><font style=\"font-size: 12px\" face=\"Arial\"><b><span style=\"font-size: 11pt;line-height: 115%;color: black\" lang=\"RO\">Art.14 Interdic\u0163ia privind acceptarea darurilor sau a<br \/>\naltor avantaje<\/span><\/b><\/font><\/p>\n<p><font style=\"font-size: 12px\" face=\"Arial\"><\/p>\n<p><\/font><\/p>\n<p class=\"MsoNormal\" style=\"margin-top:6.2pt;margin-right:.75pt;margin-bottom:0mm;margin-left:0mm;margin-bottom:.0001pt;text-align:justify;line-height:115%\"><font style=\"font-size: 12px\" face=\"Arial\"><span style=\"font-size: 11pt;line-height: 115%;color: black\" lang=\"RO\">(1) Func\u0163ionarilor publici le este interzis s\u0103<br \/>\nsolicite sau s\u0103 accepte, direct sau indirect, pentru ei sau pentru al\u0163ii, \u00een<br \/>\nconsiderarea func\u0163iei lor publice, daruri sau alte avantaje.<\/span><\/font><\/p>\n<p><font style=\"font-size: 12px\" face=\"Arial\"><\/p>\n<p><\/font><\/p>\n<p class=\"MsoNormal\" style=\"margin-top:6.2pt;margin-right:.75pt;margin-bottom:0mm;margin-left:0mm;margin-bottom:.0001pt;text-align:justify;line-height:115%\"><font style=\"font-size: 12px\" face=\"Arial\"><span style=\"font-size: 11pt;line-height: 115%;color: black\" lang=\"RO\">(2) Sunt exceptate de la prevederile alin. (1)<br \/>\nbunurile pe care func\u0163ionarii publici le-au primit cu titlu gratuit \u00een cadrul<br \/>\nunor activit\u0103\u0163i de protocol \u00een exercitarea mandatului sau a func\u0163iei publice<br \/>\nde\u0163inute, care se supun prevederilor legale specifice.<\/span><\/font><\/p>\n<p><font style=\"font-size: 12px\" face=\"Arial\"><\/p>\n<p><\/font><\/p>\n<p class=\"MsoNormal\" style=\"margin-top:6.2pt;margin-right:.75pt;margin-bottom:0mm;margin-left:0mm;margin-bottom:.0001pt;text-align:justify;line-height:115%\"><font style=\"font-size: 12px\" face=\"Arial\"><b><span style=\"font-size: 11pt;line-height: 115%;color: black\" lang=\"RO\">Art.15\u2003Utilizarea responsabil\u0103 a resurselor publice<\/span><\/b><\/font><\/p>\n<p><font style=\"font-size: 12px\" face=\"Arial\"><\/p>\n<p><\/font><\/p>\n<p class=\"MsoNormal\" style=\"margin-top:6.2pt;margin-right:.75pt;margin-bottom:0mm;margin-left:0mm;margin-bottom:.0001pt;text-align:justify;line-height:115%\"><font style=\"font-size: 12px\" face=\"Arial\"><span style=\"font-size: 11pt;line-height: 115%;color: black\" lang=\"RO\">(1) Func\u0163ionarii publici \u0219i personalul<br \/>\ncontractul sunt obliga\u0163i s\u0103 asigure ocrotirea propriet\u0103\u0163ii publice \u015fi private a<br \/>\nstatului \u015fi a AJOFM Arges, s\u0103 evite producerea oric\u0103rui prejudiciu, ac\u0163ion\u00e2nd<br \/>\n\u00een orice situa\u0163ie ca un bun proprietar.<\/span><\/font><\/p>\n<p><font style=\"font-size: 12px\" face=\"Arial\"><\/p>\n<p><\/font><\/p>\n<p class=\"MsoNormal\" style=\"margin-top:6.2pt;margin-right:.75pt;margin-bottom:0mm;margin-left:0mm;margin-bottom:.0001pt;text-align:justify;line-height:115%\"><font style=\"font-size: 12px\" face=\"Arial\"><span style=\"font-size: 11pt;line-height: 115%;color: black\" lang=\"RO\">(2) Func\u0163ionarii publici \u0219i personalul<br \/>\ncontractul au obliga\u0163ia s\u0103 foloseasc\u0103 timpul de lucru, precum \u015fi bunurile<br \/>\napar\u0163in\u00e2nd AJOFM Arges numai pentru desf\u0103\u015furarea activit\u0103\u0163ilor aferente<br \/>\nfunc\u0163iei publice de\u0163inute.\u2003\u2003(3) Func\u0163ionarii publici \u0219i personalul contractul<br \/>\ntrebuie s\u0103 propun\u0103 \u015fi s\u0103 asigure, potrivit atribu\u0163iilor care le revin,<br \/>\nfolosirea util\u0103 \u015fi eficient\u0103 a banilor publici, \u00een conformitate cu prevederile<br \/>\nlegale.<\/span><\/font><\/p>\n<p><font style=\"font-size: 12px\" face=\"Arial\"><\/p>\n<p><\/font><\/p>\n<p class=\"MsoNormal\" style=\"margin-top:6.2pt;margin-right:.75pt;margin-bottom:0mm;margin-left:0mm;margin-bottom:.0001pt;text-align:justify;line-height:115%\"><font style=\"font-size: 12px\" face=\"Arial\"><span style=\"font-size: 11pt;line-height: 115%;color: black\" lang=\"RO\">(4) Func\u0163ionarilor publici \u0219i personalului<br \/>\ncontractual care desf\u0103\u015foar\u0103 activit\u0103\u0163i \u00een interes personal, \u00een condi\u0163iile<br \/>\nlegii, le este interzis s\u0103 foloseasc\u0103 timpul de lucru ori logistica autorit\u0103\u0163ii<br \/>\nsau a institu\u0163iei publice pentru realizarea acestora.<\/span><\/font><\/p>\n<p><font style=\"font-size: 12px\" face=\"Arial\"><\/p>\n<p><\/font><\/p>\n<p class=\"MsoNormal\" style=\"margin-top:6.2pt;margin-right:.75pt;margin-bottom:0mm;margin-left:0mm;margin-bottom:.0001pt;text-align:justify;line-height:115%\"><font style=\"font-size: 12px\" face=\"Arial\"><b><span style=\"font-size: 11pt;line-height: 115%;color: black\" lang=\"RO\">Art. 16\u2003Subordonarea ierarhic\u0103<\/span><\/b><\/font><\/p>\n<p><font style=\"font-size: 12px\" face=\"Arial\"><\/p>\n<p><\/font><\/p>\n<p class=\"MsoNormal\" style=\"margin-top:6.2pt;margin-right:.75pt;margin-bottom:0mm;margin-left:0mm;margin-bottom:.0001pt;text-align:justify;line-height:115%\"><font style=\"font-size: 12px\" face=\"Arial\"><span style=\"font-size: 11pt;line-height: 115%;color: black\" lang=\"RO\">Func\u0163ionarii publici \u0219i personalul contractual<br \/>\nau obliga\u0163ia de a rezolva, \u00een termenele stabilite de c\u0103tre superiorii<br \/>\nierarhici, lucr\u0103rile \u015fi sarcinile repartizate.<\/span><\/font><\/p>\n<p><font style=\"font-size: 12px\" face=\"Arial\"><\/p>\n<p><\/font><\/p>\n<p class=\"MsoNormal\" style=\"margin-top:6.2pt;margin-right:.75pt;margin-bottom:0mm;margin-left:0mm;margin-bottom:.0001pt;text-align:justify;line-height:115%\"><font style=\"font-size: 12px\" face=\"Arial\"><b><span style=\"font-size: 11pt;line-height: 115%;color: black\" lang=\"RO\">Art. 17\u2003Folosirea imaginii proprii<\/span><\/b><\/font><\/p>\n<p><font style=\"font-size: 12px\" face=\"Arial\"><\/p>\n<p><\/font><\/p>\n<p class=\"MsoNormal\" style=\"margin-top:6.2pt;margin-right:.75pt;margin-bottom:0mm;margin-left:0mm;margin-bottom:.0001pt;text-align:justify;line-height:115%\"><font style=\"font-size: 12px\" face=\"Arial\"><span style=\"font-size: 11pt;line-height: 115%;color: black\" lang=\"RO\">Func\u0163ionarilor publici le este interzis s\u0103<br \/>\npermit\u0103 utilizarea func\u0163iei publice \u00een ac\u0163iuni publicitare pentru promovarea<br \/>\nunei activit\u0103\u0163i comerciale, precum \u015fi \u00een scopuri electorale.<\/span><\/font><\/p>\n<p><font style=\"font-size: 12px\" face=\"Arial\"><\/p>\n<p><\/font><\/p>\n<p class=\"MsoNormal\" style=\"margin-top:6.2pt;margin-right:.75pt;margin-bottom:0mm;margin-left:0mm;margin-bottom:.0001pt;text-align:justify;line-height:115%\"><font style=\"font-size: 12px\" face=\"Arial\"><b><span style=\"font-size: 11pt;line-height: 115%;color: black\" lang=\"RO\">Art.18\u2003Limitarea particip\u0103rii la achizi\u0163ii, concesion\u0103ri<br \/>\nsau \u00eenchirieri<\/span><\/b><\/font><\/p>\n<p><font style=\"font-size: 12px\" face=\"Arial\"><\/p>\n<p><\/font><\/p>\n<p class=\"MsoNormal\" style=\"margin-top:6.2pt;margin-right:.75pt;margin-bottom:0mm;margin-left:0mm;margin-bottom:.0001pt;text-align:justify;line-height:115%\"><font style=\"font-size: 12px\" face=\"Arial\"><span style=\"font-size: 11pt;line-height: 115%;color: black\" lang=\"RO\">(1) Un func\u0163ionar public nu poate achizi\u0163iona<br \/>\nun bun aflat \u00een proprietatea privat\u0103 a statului sau a unit\u0103\u0163ilor<br \/>\nadministrativ-teritoriale, supus v\u00e2nz\u0103rii \u00een condi\u0163iile legii, \u00een urm\u0103toarele<br \/>\nsitua\u0163ii:<\/span><\/font><\/p>\n<p><font style=\"font-size: 12px\" face=\"Arial\"><\/p>\n<p><\/font><\/p>\n<p class=\"MsoNormal\" style=\"margin-top:6.2pt;margin-right:.75pt;margin-bottom:0mm;margin-left:0mm;margin-bottom:.0001pt;text-align:justify;line-height:115%\"><font style=\"font-size: 12px\" face=\"Arial\"><span style=\"font-size: 11pt;line-height: 115%;color: black\" lang=\"RO\">a) c\u00e2nd a luat cuno\u015ftin\u0163\u0103, \u00een cursul sau ca<br \/>\nurmare a \u00eendeplinirii atribu\u0163iilor de serviciu, despre valoarea ori calitatea<br \/>\nbunurilor care urmeaz\u0103 s\u0103 fie v\u00e2ndute;<\/span><\/font><\/p>\n<p><font style=\"font-size: 12px\" face=\"Arial\"><\/p>\n<p><\/font><\/p>\n<p class=\"MsoNormal\" style=\"margin-top:6.2pt;margin-right:.75pt;margin-bottom:0mm;margin-left:0mm;margin-bottom:.0001pt;text-align:justify;line-height:115%\"><font style=\"font-size: 12px\" face=\"Arial\"><span style=\"font-size: 11pt;line-height: 115%;color: black\" lang=\"RO\">b) c\u00e2nd a participat, \u00een exercitarea<br \/>\natribu\u0163iilor de serviciu, la organizarea v\u00e2nz\u0103rii bunului respectiv;<\/span><\/font><\/p>\n<p><font style=\"font-size: 12px\" face=\"Arial\"><\/p>\n<p><\/font><\/p>\n<p class=\"MsoNormal\" style=\"margin-top:6.2pt;margin-right:.75pt;margin-bottom:0mm;margin-left:0mm;margin-bottom:.0001pt;text-align:justify;line-height:115%\"><font style=\"font-size: 12px\" face=\"Arial\"><span style=\"font-size: 11pt;line-height: 115%;color: black\" lang=\"RO\">c) c\u00e2nd poate influen\u0163a opera\u0163iunile de<br \/>\nv\u00e2nzare sau c\u00e2nd a ob\u0163inut informa\u0163ii la care persoanele interesate de<br \/>\ncump\u0103rarea bunului nu au avut acces.<\/span><\/font><\/p>\n<p><font style=\"font-size: 12px\" face=\"Arial\"><\/p>\n<p><\/font><\/p>\n<p class=\"MsoNormal\" style=\"margin-top:6.2pt;margin-right:.75pt;margin-bottom:0mm;margin-left:0mm;margin-bottom:.0001pt;text-align:justify;line-height:115%\"><font style=\"font-size: 12px\" face=\"Arial\"><span style=\"font-size: 11pt;line-height: 115%;color: black\" lang=\"RO\">(2) Dispozi\u0163iile alin. (1) se aplic\u0103 \u00een mod<br \/>\ncorespunz\u0103tor \u015fi \u00een cazul concesion\u0103rii sau \u00eenchirierii unui bun aflat \u00een<br \/>\nproprietatea public\u0103 ori privat\u0103 a statului sau a unit\u0103\u0163ilor<br \/>\nadministrativ-teritoriale.<\/span><\/font><\/p>\n<p><font style=\"font-size: 12px\" face=\"Arial\"><\/p>\n<p><\/font><\/p>\n<p class=\"MsoNormal\" style=\"margin-top:6.2pt;margin-right:.75pt;margin-bottom:0mm;margin-left:0mm;margin-bottom:.0001pt;text-align:justify;line-height:115%\"><font style=\"font-size: 12px\" face=\"Arial\"><span style=\"font-size: 11pt;line-height: 115%;color: black\" lang=\"RO\">(3) Func\u0163ionarilor publici le este interzis\u0103<br \/>\nfurnizarea informa\u0163iilor referitoare la bunurile proprietate public\u0103 sau<br \/>\nprivat\u0103 a statului ori a unit\u0103\u0163ilor administrativ-teritoriale, supuse<br \/>\nopera\u0163iunilor de v\u00e2nzare, concesionare sau \u00eenchiriere, \u00een alte condi\u0163ii dec\u00e2t<br \/>\ncele prev\u0103zute de lege.<\/span><\/font><\/p>\n<p><font style=\"font-size: 12px\" face=\"Arial\"><\/p>\n<p><\/font><\/p>\n<p class=\"MsoNormal\" style=\"margin-top:6.2pt;margin-right:.75pt;margin-bottom:0mm;margin-left:0mm;margin-bottom:.0001pt;text-align:justify;line-height:115%\"><font style=\"font-size: 12px\" face=\"Arial\"><b><span style=\"font-size: 11pt;line-height: 115%;color: black\" lang=\"RO\">Art.19 Respectarea regimului juridic al conflictului de<br \/>\ninterese \u015fi al incompatibilit\u0103\u0163ilor<\/span><\/b><span style=\"font-size: 11pt;line-height: 115%;color: black\" lang=\"RO\"><\/span><\/font><\/p>\n<p><font style=\"font-size: 12px\" face=\"Arial\"><\/p>\n<p><\/font><\/p>\n<p class=\"MsoNormal\" style=\"margin-top:6.2pt;margin-right:.75pt;margin-bottom:0mm;margin-left:0mm;margin-bottom:.0001pt;text-align:justify;line-height:115%\"><font style=\"font-size: 12px\" face=\"Arial\"><span style=\"font-size: 11pt;line-height: 115%;color: black\" lang=\"RO\">(1) Func\u0163ionarii publici \u0219i personalul<br \/>\ncontractual din cadrul AJOFM Arges au obliga\u0163ia s\u0103 respecte \u00eentocmai regimul<br \/>\njuridic al conflictului de interese \u015fi al incompatibilit\u0103\u0163ilor, precum \u015fi<br \/>\nnormele de conduit\u0103.<\/span><\/font><\/p>\n<p><font style=\"font-size: 12px\" face=\"Arial\"><\/p>\n<p><\/font><\/p>\n<p class=\"MsoNormal\" style=\"margin-top:6.2pt;margin-right:.75pt;margin-bottom:0mm;margin-left:0mm;margin-bottom:.0001pt;text-align:justify;line-height:115%\"><font style=\"font-size: 12px\" face=\"Arial\"><span style=\"font-size: 11pt;line-height: 115%;color: black\" lang=\"RO\">(2) \u00cen aplicarea prevederilor alin.(1),<br \/>\nfunc\u0163ionarii publici \u0219i personalul contractual<span>\u00a0<br \/>\n<\/span>trebuie s\u0103 exercite un rol activ, av\u00e2nd obliga\u0163ia de a evalua situa\u0163iile<br \/>\ncare pot genera o situa\u0163ie de incompatibilitate sau un conflict de interese \u015fi<br \/>\nde a ac\u0163iona pentru prevenirea apari\u0163iei sau solu\u0163ionarea legal\u0103 a acestora.<\/span><\/font><\/p>\n<p><font style=\"font-size: 12px\" face=\"Arial\"><\/p>\n<p><\/font><\/p>\n<p class=\"MsoNormal\" style=\"margin-top:6.2pt;margin-right:.75pt;margin-bottom:0mm;margin-left:0mm;margin-bottom:.0001pt;text-align:justify;line-height:115%\"><font style=\"font-size: 12px\" face=\"Arial\"><span style=\"font-size: 11pt;line-height: 115%;color: black\" lang=\"RO\">(3) \u00cen situa\u0163ia intervenirii unei<br \/>\nincompatibilit\u0103\u0163i sau a unui conflict de interese, func\u0163ionarii publici au<br \/>\nobliga\u0163ia de a ac\u0163iona conform prevederilor legale pentru \u00eencetarea<br \/>\nincompatibilit\u0103\u0163ii sau a conflictului de interese, \u00een termen legal.<\/span><\/font><\/p>\n<p><font style=\"font-size: 12px\" face=\"Arial\"><\/p>\n<p><\/font><\/p>\n<p class=\"MsoNormal\" style=\"margin-top:6.2pt;margin-right:.75pt;margin-bottom:0mm;margin-left:0mm;margin-bottom:.0001pt;text-align:justify;line-height:115%\"><font style=\"font-size: 12px\" face=\"Arial\"><span style=\"font-size: 11pt;line-height: 115%;color: black\" lang=\"RO\">(4) La numirea \u00eentr-o func\u0163ie public\u0103, la<br \/>\n\u00eencetarea raportului de serviciu, precum \u015fi \u00een alte situa\u0163ii prev\u0103zute de lege,<br \/>\nfunc\u0163ionarii publici sunt obliga\u0163i s\u0103 prezinte, \u00een condi\u0163iile Legii nr.<br \/>\n176\/2010, cu modific\u0103rile \u015fi complet\u0103rile ulterioare, declara\u0163ia de avere \u015fi<br \/>\ndeclara\u0163ia de interese. Declara\u0163ia de avere \u015fi declara\u0163ia de interese se<br \/>\nactualizeaz\u0103 anual, potrivit legii.<\/span><\/font><\/p>\n<p><font style=\"font-size: 12px\" face=\"Arial\"><\/p>\n<p><\/font><\/p>\n<p class=\"MsoNormal\" style=\"margin-top:6.2pt;margin-right:.75pt;margin-bottom:0mm;margin-left:21.3pt;margin-bottom:.0001pt;text-align:justify;text-indent:-21.3pt;line-height:115%\"><font style=\"font-size: 12px\" face=\"Arial\"><span style=\"font-size: 11pt;line-height: 115%;color: black\" lang=\"RO\">\u2003<b>Art. 20\u2003Activitatea public\u0103<\/b><\/span><\/font><\/p>\n<p><font style=\"font-size: 12px\" face=\"Arial\"><\/p>\n<p><\/font><\/p>\n<p class=\"MsoNormal\" style=\"margin-top:6.2pt;margin-right:.75pt;margin-bottom:0mm;margin-left:0mm;margin-bottom:.0001pt;text-align:justify;line-height:115%\"><font style=\"font-size: 12px\" face=\"Arial\"><span style=\"font-size: 11pt;line-height: 115%;color: black\" lang=\"RO\">(1) Comunicarea oficial\u0103 a informa\u0163iilor \u015fi<br \/>\ndatelor privind activitatea institu\u0163iei publice, precum \u015fi rela\u0163iile cu mijloacele<br \/>\nde informare \u00een mas\u0103 se asigur\u0103 de c\u0103tre func\u0163ionarii publici desemna\u0163i \u00een<br \/>\nacest sens de conduc\u0103torul institu\u0163iei publice, \u00een condi\u0163iile legii.<\/span><\/font><\/p>\n<p><font style=\"font-size: 12px\" face=\"Arial\"><\/p>\n<p><\/font><\/p>\n<p class=\"MsoNormal\" style=\"margin-top:6.2pt;margin-right:.75pt;margin-bottom:0mm;margin-left:0mm;margin-bottom:.0001pt;text-align:justify;line-height:115%\"><font style=\"font-size: 12px\" face=\"Arial\"><span style=\"font-size: 11pt;line-height: 115%;color: black\" lang=\"RO\">(2) Func\u0163ionarii publici desemna\u0163i s\u0103<br \/>\nparticipe la activit\u0103\u0163i sau dezbateri publice, \u00een calitate oficial\u0103, trebuie s\u0103<br \/>\nrespecte limitele mandatului de reprezentare \u00eencredin\u0163at de conduc\u0103torul<br \/>\ninstitu\u0163iei publice \u00een care \u00ee\u015fi desf\u0103\u015foar\u0103 activitatea.<\/span><\/font><\/p>\n<p><font style=\"font-size: 12px\" face=\"Arial\"><\/p>\n<p><\/font><\/p>\n<p class=\"MsoNormal\" style=\"margin-top:6.2pt;margin-right:.75pt;margin-bottom:0mm;margin-left:0mm;margin-bottom:.0001pt;text-align:justify;line-height:115%\"><font style=\"font-size: 12px\" face=\"Arial\"><span style=\"font-size: 11pt;line-height: 115%;color: black\" lang=\"RO\">(3) \u00cen cazul \u00een care nu sunt desemna\u0163i \u00een<br \/>\nacest sens, func\u0163ionarii publici pot participa la activit\u0103\u0163i sau dezbateri<br \/>\npublice, av\u00e2nd obliga\u0163ia de a face cunoscut faptul c\u0103 opinia exprimat\u0103 nu<br \/>\nreprezint\u0103 punctul de vedere oficial al institu\u0163iei publice \u00een cadrul c\u0103reia<br \/>\n\u00ee\u015fi desf\u0103\u015foar\u0103 activitatea.<\/span><\/font><\/p>\n<p><font style=\"font-size: 12px\" face=\"Arial\"><\/p>\n<p><\/font><\/p>\n<p class=\"MsoNormal\" style=\"margin-top:6.2pt;margin-right:.75pt;margin-bottom:0mm;margin-left:0mm;margin-bottom:.0001pt;text-align:justify;line-height:115%\"><font style=\"font-size: 12px\" face=\"Arial\"><span style=\"font-size: 11pt;line-height: 115%;color: black\" lang=\"RO\">(4) Func\u0163ionarii publici pot participa la<br \/>\nelaborarea de publica\u0163ii, pot elabora \u015fi publica articole de specialitate \u015fi<br \/>\nlucr\u0103ri literare ori \u015ftiin\u0163ifice, \u00een condi\u0163iile legii.<\/span><\/font><\/p>\n<p><font style=\"font-size: 12px\" face=\"Arial\"><\/p>\n<p><\/font><\/p>\n<p class=\"MsoNormal\" style=\"margin-top:6.2pt;margin-right:.75pt;margin-bottom:0mm;margin-left:0mm;margin-bottom:.0001pt;text-align:justify;line-height:115%\"><font style=\"font-size: 12px\" face=\"Arial\"><span style=\"font-size: 11pt;line-height: 115%;color: black\" lang=\"RO\">(5) Func\u0163ionarii publici pot participa la<br \/>\nemisiuni audiovizuale, cu excep\u0163ia celor cu caracter politic ori a celor care<br \/>\nar putea afecta prestigiul func\u0163iei publice.<\/span><\/font><\/p>\n<p><font style=\"font-size: 12px\" face=\"Arial\"><\/p>\n<p><\/font><\/p>\n<p class=\"MsoNormal\" style=\"margin-top:6.2pt;margin-right:.75pt;margin-bottom:0mm;margin-left:0mm;margin-bottom:.0001pt;text-align:justify;line-height:115%\"><font style=\"font-size: 12px\" face=\"Arial\"><span style=\"font-size: 11pt;line-height: 115%;color: black\" lang=\"RO\">(6) \u00cen cazurile prev\u0103zute la alin. (4) \u015fi (5),<br \/>\nfunc\u0163ionarii publici nu pot utiliza informa\u0163ii \u015fi date la care au avut acces \u00een<br \/>\nexercitarea func\u0163iei publice, dac\u0103 acestea nu au caracter public. Prevederile<br \/>\nalin. (3) se aplic\u0103 \u00een mod corespunz\u0103tor.<\/span><\/font><\/p>\n<p><font style=\"font-size: 12px\" face=\"Arial\"><\/p>\n<p><\/font><\/p>\n<p class=\"MsoNormal\" style=\"margin-top:6.2pt;margin-right:.75pt;margin-bottom:0mm;margin-left:0mm;margin-bottom:.0001pt;text-align:justify;line-height:115%\"><font style=\"font-size: 12px\" face=\"Arial\"><span style=\"font-size: 11pt;line-height: 115%;color: black\" lang=\"RO\">(7) \u00cen exercitarea dreptului la replic\u0103 \u015fi la<br \/>\nrectificare, a dreptului la demnitate, a dreptului la imagine, precum \u015fi a<br \/>\ndreptului la via\u0163\u0103 intim\u0103, familial\u0103 \u015fi privat\u0103, func\u0163ionarii publici \u00ee\u015fi pot<br \/>\nexprima public opinia personal\u0103 \u00een cazul \u00een care prin articole de pres\u0103 sau \u00een<br \/>\nemisiuni audiovizuale s-au f\u0103cut afirma\u0163ii def\u0103im\u0103toare la adresa lor sau a<br \/>\nfamiliei lor. Prevederile alin. (3) se aplic\u0103 \u00een mod corespunz\u0103tor.<\/span><\/font><\/p>\n<p><font style=\"font-size: 12px\" face=\"Arial\"><\/p>\n<p><\/font><\/p>\n<p class=\"MsoNormal\" style=\"margin-top:6.2pt;margin-right:.75pt;margin-bottom:0mm;margin-left:0mm;margin-bottom:.0001pt;text-align:justify;line-height:115%\"><font style=\"font-size: 12px\" face=\"Arial\"><span style=\"font-size: 11pt;line-height: 115%;color: black\" lang=\"RO\">(8) Func\u0163ionarii publici \u00ee\u015fi asum\u0103<br \/>\nresponsabilitatea pentru apari\u0163ia public\u0103 \u015fi pentru con\u0163inutul informa\u0163iilor<br \/>\nprezentate, care trebuie s\u0103 fie \u00een acord cu principiile \u015fi normele de conduit\u0103<br \/>\nprev\u0103zute de prezentul cod.<\/span><\/font><\/p>\n<p><font style=\"font-size: 12px\" face=\"Arial\"><\/p>\n<p><\/font><\/p>\n<p class=\"MsoNormal\" style=\"margin-top:6.2pt;margin-right:.75pt;margin-bottom:0mm;margin-left:0mm;margin-bottom:.0001pt;text-align:justify;line-height:115%\"><font style=\"font-size: 12px\" face=\"Arial\"><span style=\"font-size: 11pt;line-height: 115%;color: black\" lang=\"RO\">(9) Prevederile alin. (1)-(8) se aplic\u0103<br \/>\nindiferent de modalitatea \u015fi de mediul de comunicare.<\/span><\/font><\/p>\n<p><font style=\"font-size: 12px\" face=\"Arial\"><\/p>\n<p><\/font><\/p>\n<p class=\"MsoNormal\" style=\"margin-top:6.2pt;margin-right:.75pt;margin-bottom:0mm;margin-left:0mm;margin-bottom:.0001pt;text-align:justify;line-height:115%\"><font style=\"font-size: 12px\" face=\"Arial\"><b><span style=\"font-size: 11pt;line-height: 115%;color: black\" lang=\"RO\">Art.21\u2003Conduita \u00een rela\u0163iile cu cet\u0103\u0163enii<\/span><\/b><\/font><\/p>\n<p><font style=\"font-size: 12px\" face=\"Arial\"><\/p>\n<p><\/font><\/p>\n<p class=\"MsoNormal\" style=\"margin-top:6.2pt;margin-right:.75pt;margin-bottom:0mm;margin-left:0mm;margin-bottom:.0001pt;text-align:justify;line-height:115%\"><font style=\"font-size: 12px\" face=\"Arial\"><span style=\"font-size: 11pt;line-height: 115%;color: black\" lang=\"RO\">(1) \u00cen rela\u0163iile cu persoanele fizice \u015fi cu<br \/>\nreprezentan\u0163ii persoanelor juridice care se adreseaz\u0103 <span>\u00a0<\/span>AJOFM Arges, func\u0163ionarii publici \u0219i<br \/>\npersonalul contractual sunt obliga\u0163i s\u0103 aib\u0103 un comportament bazat pe respect,<br \/>\nbun\u0103-credin\u0163\u0103, corectitudine, integritate moral\u0103 \u015fi profesional\u0103.<\/span><\/font><\/p>\n<p><font style=\"font-size: 12px\" face=\"Arial\"><\/p>\n<p><\/font><\/p>\n<p class=\"MsoNormal\" style=\"margin-top:6.2pt;margin-right:.75pt;margin-bottom:0mm;margin-left:0mm;margin-bottom:.0001pt;text-align:justify;line-height:115%\"><font style=\"font-size: 12px\" face=\"Arial\"><span style=\"font-size: 11pt;line-height: 115%;color: black\" lang=\"RO\">(2) Func\u0163ionarii publici \u0219i personalul<br \/>\ncontractual au obliga\u0163ia de a nu aduce atingere onoarei, reputa\u0163iei,<br \/>\ndemnit\u0103\u0163ii, integrit\u0103\u0163ii fizice \u015fi morale a persoanelor cu care intr\u0103 \u00een<br \/>\nleg\u0103tur\u0103 \u00een exercitarea func\u0163iei publice, prin:<\/span><\/font><\/p>\n<p><font style=\"font-size: 12px\" face=\"Arial\"><\/p>\n<p><\/font><\/p>\n<p class=\"MsoNormal\" style=\"margin-top:6.2pt;margin-right:.75pt;margin-bottom:0mm;margin-left:0mm;margin-bottom:.0001pt;text-align:justify;line-height:115%\"><font style=\"font-size: 12px\" face=\"Arial\"><span style=\"font-size: 11pt;line-height: 115%;color: black\" lang=\"RO\">a) \u00eentrebuin\u0163area unor expresii jignitoare;<\/span><\/font><\/p>\n<p><font style=\"font-size: 12px\" face=\"Arial\"><\/p>\n<p><\/font><\/p>\n<p class=\"MsoNormal\" style=\"margin-top:6.2pt;margin-right:.75pt;margin-bottom:0mm;margin-left:0mm;margin-bottom:.0001pt;text-align:justify;line-height:115%\"><font style=\"font-size: 12px\" face=\"Arial\"><span style=\"font-size: 11pt;line-height: 115%;color: black\" lang=\"RO\">b) acte sau fapte care pot afecta integritatea<br \/>\nfizic\u0103 sau psihic\u0103 a oric\u0103rei persoane.<\/span><\/font><\/p>\n<p><font style=\"font-size: 12px\" face=\"Arial\"><\/p>\n<p><\/font><\/p>\n<p class=\"MsoNormal\" style=\"margin-top:6.2pt;margin-right:.75pt;margin-bottom:0mm;margin-left:0mm;margin-bottom:.0001pt;text-align:justify;line-height:115%\"><font style=\"font-size: 12px\" face=\"Arial\"><span style=\"font-size: 11pt;line-height: 115%;color: black\" lang=\"RO\">(3)Func\u0163ionarii publici \u0219i personalul<br \/>\ncontractual trebuie s\u0103 adopte o atitudine impar\u0163ial\u0103 \u015fi justificat\u0103 pentru rezolvarea<br \/>\nlegal\u0103, clar\u0103 \u015fi eficient\u0103 a problemelor cet\u0103\u0163enilor.<\/span><\/font><\/p>\n<p><font style=\"font-size: 12px\" face=\"Arial\"><\/p>\n<p><\/font><\/p>\n<p class=\"MsoNormal\" style=\"margin-top:6.2pt;margin-right:.75pt;margin-bottom:0mm;margin-left:0mm;margin-bottom:.0001pt;text-align:justify;line-height:115%\"><font style=\"font-size: 12px\" face=\"Arial\"><span style=\"font-size: 11pt;line-height: 115%;color: black\" lang=\"RO\">(4) Pentru realizarea unor raporturi sociale<br \/>\n\u015fi profesionale care s\u0103 asigure demnitatea persoanelor, eficien\u0163a activit\u0103\u0163ii,<br \/>\nprecum \u015fi cre\u015fterea calit\u0103\u0163ii serviciului public, se recomand\u0103 respectarea<br \/>\nnormelor de conduit\u0103 prev\u0103zute la alin. (1)-(3) \u015fi de c\u0103tre celelalte subiecte<br \/>\nale acestor raporturi.<\/span><\/font><\/p>\n<p><font style=\"font-size: 12px\" face=\"Arial\"><\/p>\n<p><\/font><\/p>\n<p class=\"MsoNormal\" style=\"margin-top:6.2pt;margin-right:.75pt;margin-bottom:0mm;margin-left:0mm;margin-bottom:.0001pt;text-align:justify;line-height:115%\"><font style=\"font-size: 12px\" face=\"Arial\"><span style=\"font-size: 11pt;line-height: 115%;color: black\" lang=\"RO\">(5) Func\u0163ionarii publici trebuie s\u0103 adopte o<br \/>\natitudine demn\u0103 \u015fi civilizat\u0103 fa\u0163\u0103 de orice persoan\u0103 cu care intr\u0103 \u00een leg\u0103tur\u0103<br \/>\n\u00een exercitarea func\u0163iei publice, fiind \u00eendritui\u0163i, pe baz\u0103 de reciprocitate, s\u0103<br \/>\nsolicite acesteia un comportament similar.<\/span><\/font><\/p>\n<p><font style=\"font-size: 12px\" face=\"Arial\"><\/p>\n<p><\/font><\/p>\n<p class=\"MsoNormal\" style=\"margin-top:6.2pt;margin-right:.75pt;margin-bottom:0mm;margin-left:0mm;margin-bottom:.0001pt;text-align:justify;line-height:115%\"><font style=\"font-size: 12px\" face=\"Arial\"><span style=\"font-size: 11pt;line-height: 115%;color: black\" lang=\"RO\">(6) Func\u0163ionarii publici au obliga\u0163ia de a<br \/>\nasigura egalitatea de tratament a cet\u0103\u0163enilor \u00een fa\u0163a autorit\u0103\u0163ilor \u015fi<br \/>\ninstitu\u0163iilor publice, principiu conform c\u0103ruia func\u0163ionarii publici au<br \/>\n\u00eendatorirea de a preveni \u015fi combate orice form\u0103 de discriminare \u00een \u00eendeplinirea<br \/>\natribu\u0163iilor profesionale.<\/span><\/font><\/p>\n<p><font style=\"font-size: 12px\" face=\"Arial\"><\/p>\n<p><\/font><\/p>\n<p class=\"MsoNormal\" style=\"margin-top:6.2pt;margin-right:.75pt;margin-bottom:0mm;margin-left:0mm;margin-bottom:.0001pt;text-align:justify;line-height:115%\"><font style=\"font-size: 12px\" face=\"Arial\"><b><span style=\"font-size: 11pt;line-height: 115%;color: black\" lang=\"RO\">Art.22\u2003Conduita \u00een cadrul rela\u0163iilor interna\u0163ionale<\/span><\/b><span style=\"font-size: 11pt;line-height: 115%;color: black\" lang=\"RO\"><\/span><\/font><\/p>\n<p><font style=\"font-size: 12px\" face=\"Arial\"><\/p>\n<p><\/font><\/p>\n<p class=\"MsoNormal\" style=\"margin-top:6.2pt;margin-right:.75pt;margin-bottom:0mm;margin-left:0mm;margin-bottom:.0001pt;text-align:justify;line-height:115%\"><font style=\"font-size: 12px\" face=\"Arial\"><span style=\"font-size: 11pt;line-height: 115%;color: black\" lang=\"RO\">(1) Func\u0163ionarii publici care reprezint\u0103 AJOFM<br \/>\nArges \u00een cadrul unor organiza\u0163ii interna\u0163ionale, institu\u0163ii de \u00eenv\u0103\u0163\u0103m\u00e2nt,<br \/>\nconferin\u0163e, seminare \u015fi alte activit\u0103\u0163i cu caracter interna\u0163ional au obliga\u0163ia<br \/>\ns\u0103 promoveze o imagine favorabil\u0103 \u0163\u0103rii \u015fi institu\u0163iei publice pe care o<br \/>\nreprezint\u0103.<\/span><\/font><\/p>\n<p><font style=\"font-size: 12px\" face=\"Arial\"><\/p>\n<p><\/font><\/p>\n<p class=\"MsoNormal\" style=\"margin-top:6.2pt;margin-right:.75pt;margin-bottom:0mm;margin-left:0mm;margin-bottom:.0001pt;text-align:justify;line-height:115%\"><font style=\"font-size: 12px\" face=\"Arial\"><span style=\"font-size: 11pt;line-height: 115%;color: black\" lang=\"RO\">(2) \u00cen rela\u0163iile cu reprezentan\u0163ii altor<br \/>\nstate, func\u0163ionarilor publici le este interzis s\u0103 exprime opinii personale<br \/>\nprivind aspecte na\u0163ionale sau dispute interna\u0163ionale.<\/span><\/font><\/p>\n<p><font style=\"font-size: 12px\" face=\"Arial\"><\/p>\n<p><\/font><\/p>\n<p class=\"MsoNormal\" style=\"margin-top:6.2pt;margin-right:.75pt;margin-bottom:0mm;margin-left:0mm;margin-bottom:.0001pt;text-align:justify;line-height:115%\"><font style=\"font-size: 12px\" face=\"Arial\"><span style=\"font-size: 11pt;line-height: 115%;color: black\" lang=\"RO\">(3) \u00cen deplas\u0103rile externe, func\u0163ionarii<br \/>\npublici sunt obliga\u0163i s\u0103 aib\u0103 o conduit\u0103 corespunz\u0103toare regulilor de protocol<br \/>\n\u015fi le este interzis\u0103 \u00eenc\u0103lcarea legilor \u015fi obiceiurilor \u0163\u0103rii gazd\u0103.<\/span><\/font><\/p>\n<p><font style=\"font-size: 12px\" face=\"Arial\"><\/p>\n<p><\/font><\/p>\n<p class=\"MsoNormal\" style=\"margin-top:6.2pt;margin-right:.75pt;margin-bottom:0mm;margin-left:21.3pt;margin-bottom:.0001pt;text-align:justify;text-indent:-21.3pt;line-height:115%\"><font style=\"font-size: 12px\" face=\"Arial\"><b><span style=\"font-size: 11pt;line-height: 115%;color: black\" lang=\"RO\">Art.23\u2003Obiectivitate \u015fi responsabilitate \u00een<br \/>\nluarea deciziilor<\/span><\/b><span style=\"font-size: 11pt;line-height: 115%;color: black\" lang=\"RO\"><\/span><\/font><\/p>\n<p><font style=\"font-size: 12px\" face=\"Arial\"><\/p>\n<p><\/font><\/p>\n<p class=\"MsoNormal\" style=\"margin-top:6.2pt;margin-right:.75pt;margin-bottom:0mm;margin-left:0mm;margin-bottom:.0001pt;text-align:justify;line-height:115%\"><font style=\"font-size: 12px\" face=\"Arial\"><span style=\"font-size: 11pt;line-height: 115%;color: black\" lang=\"RO\">(1) \u00cen procesul de luare a deciziilor,<br \/>\nfunc\u0163ionarii publici au obliga\u0163ia s\u0103 ac\u0163ioneze conform prevederilor legale \u015fi<br \/>\ns\u0103 \u00ee\u015fi exercite capacitatea de apreciere \u00een mod fundamentat \u015fi impar\u0163ial.<\/span><\/font><\/p>\n<p><font style=\"font-size: 12px\" face=\"Arial\"><\/p>\n<p><\/font><\/p>\n<p class=\"MsoNormal\" style=\"margin-top:6.2pt;margin-right:.75pt;margin-bottom:0mm;margin-left:0mm;margin-bottom:.0001pt;text-align:justify;line-height:115%\"><font style=\"font-size: 12px\" face=\"Arial\"><span style=\"font-size: 11pt;line-height: 115%;color: black\" lang=\"RO\">(2) Func\u0163ionarilor publici le este interzis s\u0103<br \/>\npromit\u0103 luarea unei decizii de c\u0103tre institu\u0163ia public\u0103, de c\u0103tre al\u0163i<br \/>\nfunc\u0163ionari publici, precum \u015fi \u00eendeplinirea atribu\u0163iilor \u00een mod privilegiat.<\/span><\/font><\/p>\n<p><font style=\"font-size: 12px\" face=\"Arial\"><\/p>\n<p><\/font><\/p>\n<p class=\"MsoNormal\" style=\"margin-top:6.2pt;margin-right:.75pt;margin-bottom:0mm;margin-left:0mm;margin-bottom:.0001pt;text-align:justify;line-height:115%\"><font style=\"font-size: 12px\" face=\"Arial\"><span style=\"font-size: 11pt;line-height: 115%;color: black\" lang=\"RO\">(3) Func\u0163ionarii publici de conducere sunt<br \/>\nobliga\u0163i s\u0103 sprijine propunerile \u015fi ini\u0163iativele motivate ale personalului din<br \/>\nsubordine, \u00een vederea \u00eembun\u0103t\u0103\u0163irii activit\u0103\u0163ii autorit\u0103\u0163ii sau institu\u0163iei<br \/>\npublice \u00een care \u00ee\u015fi desf\u0103\u015foar\u0103 activitatea, precum \u015fi a calit\u0103\u0163ii serviciilor<br \/>\npublice oferite cet\u0103\u0163enilor.<\/span><\/font><\/p>\n<p><font style=\"font-size: 12px\" face=\"Arial\"><\/p>\n<p><\/font><\/p>\n<p class=\"MsoNormal\" style=\"margin-top:6.2pt;margin-right:.75pt;margin-bottom:0mm;margin-left:0mm;margin-bottom:.0001pt;text-align:justify;line-height:115%\"><font style=\"font-size: 12px\" face=\"Arial\"><span style=\"font-size: 11pt;line-height: 115%;color: black\" lang=\"RO\">(4) \u00cen exercitarea atribu\u0163iilor de coordonare,<br \/>\nprecum \u015fi a atribu\u0163iilor specifice func\u0163iilor publice de conducere,<br \/>\nfunc\u0163ionarii publici au obliga\u0163ia de a asigura organizarea activit\u0103\u0163ii<br \/>\npersonalului, de a manifesta ini\u0163iativ\u0103 \u015fi responsabilitate \u015fi de a sus\u0163ine<br \/>\npropunerile personalului din subordine.<\/span><\/font><\/p>\n<p><font style=\"font-size: 12px\" face=\"Arial\"><\/p>\n<p><\/font><\/p>\n<p class=\"MsoNormal\" style=\"margin-top:6.2pt;margin-right:.75pt;margin-bottom:0mm;margin-left:0mm;margin-bottom:.0001pt;text-align:justify;line-height:115%\"><font style=\"font-size: 12px\" face=\"Arial\"><span style=\"font-size: 11pt;line-height: 115%;color: black\" lang=\"RO\">(5) Func\u0163ionarii publici de conducere au<br \/>\nobliga\u0163ia s\u0103 asigure egalitatea de \u015fanse \u015fi tratament cu privire la dezvoltarea<br \/>\ncarierei personalului din subordine, \u00een condi\u0163iile legisla\u0163iei specifice<br \/>\naplicabile fiec\u0103rei categorii de personal. \u00cen acest sens, ace\u015ftia au obliga\u0163ia:<\/span><\/font><\/p>\n<p><font style=\"font-size: 12px\" face=\"Arial\"><\/p>\n<p><\/font><\/p>\n<p class=\"MsoNormal\" style=\"margin-top:6.2pt;margin-right:.75pt;margin-bottom:0mm;margin-left:0mm;margin-bottom:.0001pt;text-align:justify;line-height:115%\"><font style=\"font-size: 12px\" face=\"Arial\"><span style=\"font-size: 11pt;line-height: 115%;color: black\" lang=\"RO\">a) s\u0103 repartizeze sarcinile \u00een mod echilibrat,<br \/>\ncorespunz\u0103tor nivelului de competen\u0163\u0103 aferent func\u0163iei publice ocupate \u015fi<br \/>\ncarierei individuale a fiec\u0103rei persoane din subordine;<\/span><\/font><\/p>\n<p><font style=\"font-size: 12px\" face=\"Arial\"><\/p>\n<p><\/font><\/p>\n<p class=\"MsoNormal\" style=\"margin-top:6.2pt;margin-right:.75pt;margin-bottom:0mm;margin-left:0mm;margin-bottom:.0001pt;text-align:justify;line-height:115%\"><font style=\"font-size: 12px\" face=\"Arial\"><span style=\"font-size: 11pt;line-height: 115%;color: black\" lang=\"RO\">b) s\u0103 asigure coordonarea modului de<br \/>\n\u00eendeplinire a sarcinilor, cu valorificarea corespunz\u0103toare a competen\u0163elor<br \/>\nfiec\u0103rei persoane din subordine;<\/span><\/font><\/p>\n<p><font style=\"font-size: 12px\" face=\"Arial\"><\/p>\n<p><\/font><\/p>\n<p class=\"MsoNormal\" style=\"margin-top:6.2pt;margin-right:.75pt;margin-bottom:0mm;margin-left:0mm;margin-bottom:.0001pt;text-align:justify;line-height:115%\"><font style=\"font-size: 12px\" face=\"Arial\"><span style=\"font-size: 11pt;line-height: 115%;color: black\" lang=\"RO\">c) s\u0103 monitorizeze performan\u0163a profesional\u0103<br \/>\nindividual\u0103 \u015fi colectiv\u0103 a personalului din subordine, s\u0103 semnaleze \u00een mod<br \/>\nindividual performan\u0163ele necorespunz\u0103toare \u015fi s\u0103 implementeze m\u0103suri destinate<br \/>\namelior\u0103rii performan\u0163ei individuale \u015fi, dup\u0103 caz, colective, atunci c\u00e2nd este<br \/>\nnecesar;<\/span><\/font><\/p>\n<p><font style=\"font-size: 12px\" face=\"Arial\"><\/p>\n<p><\/font><\/p>\n<p class=\"MsoNormal\" style=\"margin-top:6.2pt;margin-right:.75pt;margin-bottom:0mm;margin-left:0mm;margin-bottom:.0001pt;text-align:justify;line-height:115%\"><font style=\"font-size: 12px\" face=\"Arial\"><span style=\"font-size: 11pt;line-height: 115%;color: black\" lang=\"RO\">d) s\u0103 examineze \u015fi s\u0103 aplice cu obiectivitate<br \/>\ncriteriile de evaluare a competen\u0163ei profesionale pentru personalul din<br \/>\nsubordine, atunci c\u00e2nd propun acordarea de stimulente materiale sau morale;<\/span><\/font><\/p>\n<p><font style=\"font-size: 12px\" face=\"Arial\"><\/p>\n<p><\/font><\/p>\n<p class=\"MsoNormal\" style=\"margin-top:6.2pt;margin-right:.75pt;margin-bottom:0mm;margin-left:0mm;margin-bottom:.0001pt;text-align:justify;line-height:115%\"><font style=\"font-size: 12px\" face=\"Arial\"><span style=\"font-size: 11pt;line-height: 115%;color: black\" lang=\"RO\">e) s\u0103 evalueze \u00een mod obiectiv necesarul de<br \/>\ninstruire profesional\u0103 al fiec\u0103rui subordonat \u015fi s\u0103 propun\u0103 participarea la<br \/>\nprograme de formare \u015fi perfec\u0163ionare profesional\u0103 pentru fiecare persoan\u0103 din<br \/>\nsubordine;<\/span><\/font><\/p>\n<p><font style=\"font-size: 12px\" face=\"Arial\"><\/p>\n<p><\/font><\/p>\n<p class=\"MsoNormal\" style=\"margin-top:6.2pt;margin-right:.75pt;margin-bottom:0mm;margin-left:0mm;margin-bottom:.0001pt;text-align:justify;line-height:115%\"><font style=\"font-size: 12px\" face=\"Arial\"><span style=\"font-size: 11pt;line-height: 115%;color: black\" lang=\"RO\">f) s\u0103 delege sarcini \u015fi responsabilit\u0103\u0163i, \u00een<br \/>\ncondi\u0163iile legii, persoanelor din subordine care de\u0163in cuno\u015ftin\u0163ele,<br \/>\ncompeten\u0163ele \u015fi \u00eendeplinesc condi\u0163iile legale necesare exercit\u0103rii func\u0163iei<br \/>\nrespective;<\/span><\/font><\/p>\n<p><font style=\"font-size: 12px\" face=\"Arial\"><\/p>\n<p><\/font><\/p>\n<p class=\"MsoNormal\" style=\"margin-top:6.2pt;margin-right:.75pt;margin-bottom:0mm;margin-left:0mm;margin-bottom:.0001pt;text-align:justify;line-height:115%\"><font style=\"font-size: 12px\" face=\"Arial\"><span style=\"font-size: 11pt;line-height: 115%;color: black\" lang=\"RO\">g) s\u0103 exclud\u0103 orice form\u0103 de discriminare \u015fi<br \/>\nde h\u0103r\u0163uire, de orice natur\u0103 \u015fi \u00een orice situa\u0163ie, cu privire la personalul din<br \/>\nsubordine.<\/span><\/font><\/p>\n<p><font style=\"font-size: 12px\" face=\"Arial\"><\/p>\n<p><\/font><\/p>\n<p class=\"MsoNormal\" style=\"margin-top:6.2pt;margin-right:.75pt;margin-bottom:0mm;margin-left:0mm;margin-bottom:.0001pt;text-align:justify;line-height:115%\"><font style=\"font-size: 12px\" face=\"Arial\"><span style=\"font-size: 11pt;line-height: 115%;color: black\" lang=\"RO\">(6) \u00cen scopul asigur\u0103rii condi\u0163iilor necesare<br \/>\n\u00eendeplinirii cu impar\u0163ialitate a \u00eendatoririlor ce decurg din raporturile<br \/>\nierarhice, func\u0163ionarii publici de conducere au obliga\u0163ia de a nu se angaja \u00een<br \/>\nrela\u0163ii patrimoniale cu personalul din subordine.<\/span><\/font><\/p>\n<p><font style=\"font-size: 12px\" face=\"Arial\"><\/p>\n<p><\/font><\/p>\n<p class=\"MsoNormal\" style=\"margin-top:6.2pt;margin-right:.75pt;margin-bottom:0mm;margin-left:0mm;margin-bottom:.0001pt;text-align:justify;line-height:115%\"><font style=\"font-size: 12px\" face=\"Arial\"><b><span style=\"font-size: 11pt;line-height: 115%;color: black\" lang=\"RO\">Art.24 Obliga\u0163ia respect\u0103rii regimului cu privire la<br \/>\ns\u0103n\u0103tate \u015fi securitate \u00een munc\u0103<\/span><\/b><\/font><\/p>\n<p><font style=\"font-size: 12px\" face=\"Arial\"><\/p>\n<p><\/font><\/p>\n<p class=\"MsoNormal\" style=\"margin-top:6.2pt;margin-right:.75pt;margin-bottom:0mm;margin-left:0mm;margin-bottom:.0001pt;text-align:justify;line-height:115%\"><font style=\"font-size: 12px\" face=\"Arial\"><span style=\"font-size: 11pt;line-height: 115%;color: black\" lang=\"RO\">Func\u0163ionarii publici au obliga\u0163ia de a se<br \/>\nsupune controlului de medicina muncii \u015fi expertizelor medicale ca urmare a<br \/>\nrecomand\u0103rilor formulate de medicul de medicina muncii, \u00een condi\u0163iile legii.<\/span><\/font><\/p>\n<p><font style=\"font-size: 12px\" face=\"Arial\"><\/p>\n<p><\/font><\/p>\n<p class=\"MsoNormal\" style=\"margin-top:6.2pt;margin-right:.75pt;margin-bottom:0mm;margin-left:0mm;margin-bottom:.0001pt;text-align:justify;line-height:115%\"><font style=\"font-size: 12px\" face=\"Arial\"><span style=\"font-size: 11pt;line-height: 115%;color: black\" lang=\"RO\">\u00a0<\/span><\/font><\/p>\n<p><font style=\"font-size: 12px\" face=\"Arial\"><\/p>\n<p><\/font><\/p>\n<p class=\"MsoNormal\" style=\"margin-top:6.2pt;margin-right:.75pt;margin-bottom:0mm;margin-left:0mm;margin-bottom:.0001pt;text-align:justify;line-height:115%\"><font style=\"font-size: 12px\" face=\"Arial\"><span style=\"font-size: 11pt;line-height: 115%;color: black\" lang=\"RO\">\u00a0<\/span><\/font><\/p>\n<p><font style=\"font-size: 12px\" face=\"Arial\"><\/p>\n<p><\/font><\/p>\n<p class=\"MsoNormal\" style=\"margin-top:6.2pt;margin-right:.75pt;margin-bottom:0mm;margin-left:0mm;margin-bottom:.0001pt;text-align:justify;line-height:115%\"><font style=\"font-size: 12px\" face=\"Arial\"><span style=\"font-size: 11pt;line-height: 115%;color: black\" lang=\"RO\">\u00a0<\/span><\/font><\/p>\n<p><font style=\"font-size: 12px\" face=\"Arial\"><\/font><font style=\"font-size: 12px\" face=\"Arial\"><b><span style=\"font-size: 11pt;line-height: 115%;color: black\" lang=\"RO\">CAPITOLUL III<\/span><\/b><\/font><font style=\"font-size: 12px\" face=\"Arial\"><b><span style=\"font-size: 11pt;line-height: 115%;color: black\" lang=\"RO\"><\/p>\n<p>Masuri referitoare la bunurile primite cu<br \/>\ntitlu gratuit cu prilejul unor actiuni de<font style=\"font-size: 12px\" face=\"Arial\"><b><span style=\"font-size: 11pt;line-height: 115%;color: black\" lang=\"RO\"> protocol in<br \/>\nexercitarea functiei<\/span><\/b><\/font><font style=\"font-size: 12px\" face=\"Arial\"><\/font><\/p>\n<p><\/span><\/b><\/font><\/p>\n<p class=\"MsoNormal\" style=\"margin-top:0mm;margin-right:.75pt;margin-bottom:0mm;margin-left:21.3pt;margin-bottom:.0001pt;text-align:justify;text-indent:-21.3pt;line-height:115%\"><font style=\"font-size: 12px\" face=\"Arial\"><span style=\"font-size: 11pt;line-height: 115%;color: black\" lang=\"RO\">\u00a0<\/span><\/font><\/p>\n<p><font style=\"font-size: 12px\" face=\"Arial\"><\/p>\n<p><\/font><\/p>\n<p class=\"MsoNormal\" style=\"margin-top:2.85pt;margin-right:.75pt;margin-bottom:0mm;margin-left:0mm;margin-bottom:.0001pt;text-align:justify;line-height:115%\"><font style=\"font-size: 12px\" face=\"Arial\"><b><span style=\"font-size: 11pt;line-height: 115%;color: black\" lang=\"RO\">Art.25<\/span><\/b><span style=\"font-size: 11pt;line-height: 115%;color: black\" lang=\"RO\"> <\/span><\/font><\/p>\n<p><font style=\"font-size: 12px\" face=\"Arial\"><\/p>\n<p><\/font><\/p>\n<p class=\"MsoNormal\" style=\"margin-top:2.85pt;margin-right:.75pt;margin-bottom:0mm;margin-left:0mm;margin-bottom:.0001pt;text-align:justify;line-height:115%\"><font style=\"font-size: 12px\" face=\"Arial\"><span style=\"font-size: 11pt;line-height: 115%;color: black\" lang=\"RO\">(1) Persoanele cu functii de conducere si<br \/>\ncontrol, celelalte categorii de personal <\/span><span style=\"font-size: 11pt;line-height: 115%;color: black\" lang=\"RO\">din cadrul Agentiei Judetene pentru Ocuparea Fortei de<br \/>\nMunca ARGES, care au obligatia sa-si declare <\/span><span style=\"font-size: 11pt;line-height: 115%;color: black\" lang=\"RO\">averea, potrivit legii, au obligatia de a<br \/>\ndeclara si prezenta conducatorului institutiei, in termen <\/span><span style=\"font-size: 11pt;line-height: 115%;color: black\" lang=\"RO\">de 30 de zile de la primire, bunurile pe care<br \/>\nle-au primit cu titlu gratuit in cadrul unor activitati de protocol in<br \/>\nexercitarea functiei. <\/span><\/font><\/p>\n<p><font style=\"font-size: 12px\" face=\"Arial\"><\/p>\n<p><\/font><\/p>\n<p class=\"MsoNormal\" style=\"margin-top:2.85pt;margin-right:.75pt;margin-bottom:0mm;margin-left:0mm;margin-bottom:.0001pt;text-align:justify;line-height:115%\"><font style=\"font-size: 12px\" face=\"Arial\"><span style=\"font-size: 11pt;line-height: 115%;color: black\" lang=\"RO\">(2) Sunt exceptate de la prevederile alin.(1):<br \/>\n<\/span><span style=\"font-size: 11pt;line-height: 115%;color: black\" lang=\"RO\"><\/span><\/font><\/p>\n<p><font style=\"font-size: 12px\" face=\"Arial\"><\/p>\n<p><\/font><\/p>\n<p class=\"MsoNormal\" style=\"margin-top:2.25pt;margin-right:.75pt;margin-bottom:0mm;margin-left:0mm;margin-bottom:.0001pt;text-align:justify;line-height:115%\"><font style=\"font-size: 12px\" face=\"Arial\"><span style=\"font-size: 11pt;line-height: 115%;color: black\" lang=\"RO\">a)<br \/>\nmedaliile, decoratiile, insignele, ordinele, esarfele, colanele si altele<br \/>\nasemenea, primite in exercitarea demnitatii sau a functiei; <\/span><\/font><\/p>\n<p><font style=\"font-size: 12px\" face=\"Arial\"><\/p>\n<p><\/font><\/p>\n<p class=\"MsoNormal\" style=\"margin-top:2.25pt;margin-right:.75pt;margin-bottom:0mm;margin-left:0mm;margin-bottom:.0001pt;text-align:justify;line-height:115%\"><font style=\"font-size: 12px\" face=\"Arial\"><span style=\"font-size: 11pt;line-height: 115%;color: black\" lang=\"RO\"><span>\u00a0<\/span>b) obiectele de birotica cu o valoare de pana<br \/>\nla 50 euro. <\/span><span style=\"font-size: 11pt;line-height: 115%;color: black\" lang=\"RO\"><\/span><\/font><\/p>\n<p><font style=\"font-size: 12px\" face=\"Arial\"><\/p>\n<p><\/font><\/p>\n<p class=\"MsoNormal\" style=\"margin-top:5.7pt;margin-right:.75pt;margin-bottom:0mm;margin-left:0mm;margin-bottom:.0001pt;text-align:justify;line-height:115%\"><font style=\"font-size: 12px\" face=\"Arial\"><span style=\"font-size: 11pt;line-height: 115%;color: black;position: relative;top: 1pt\" lang=\"RO\"><span>\u00a0<\/span><b>Art.26<\/b><br \/>\n<\/span><\/font><\/p>\n<p><font style=\"font-size: 12px\" face=\"Arial\"><\/p>\n<p><\/font><\/p>\n<p class=\"MsoNormal\" style=\"margin-top:5.7pt;margin-right:.75pt;margin-bottom:0mm;margin-left:0mm;margin-bottom:.0001pt;text-align:justify;line-height:115%\"><font style=\"font-size: 12px\" face=\"Arial\"><span style=\"font-size: 11pt;line-height: 115%;color: black\" lang=\"RO\">(1)<br \/>\nConducerea Agentiei Judetene pentru Ocuparea Fortei de Munca ARGES va <\/span><span style=\"font-size: 11pt;line-height: 115%;color: black\" lang=\"RO\">dispune constituirea unei comisii, alcatuite<br \/>\ndin 3 persoane<\/span><span style=\"font-size: 11pt;line-height: 115%;color: black\" lang=\"RO\">, care<br \/>\nva evalua si va inventaria bunurile prevazute <\/span><span style=\"font-size: 11pt;line-height: 115%;color: black\" lang=\"RO\">la art.25 alin.(1). <\/span><\/font><\/p>\n<p><font style=\"font-size: 12px\" face=\"Arial\"><\/p>\n<p><\/font><\/p>\n<p class=\"MsoNormal\" style=\"margin-top:2.0pt;margin-right:.75pt;margin-bottom:0mm;margin-left:0mm;margin-bottom:.0001pt;text-align:justify;line-height:115%\"><font style=\"font-size: 12px\" face=\"Arial\"><span style=\"font-size: 11pt;line-height: 115%;color: black\" lang=\"RO\">(2) Comisia prevazuta la alin.(1) tine<br \/>\nevidenta bunurilor primite de fiecare <\/span><span style=\"font-size: 11pt;line-height: 115%;color: black\" lang=\"RO\">persoana si, inainte de finele anului, propune conducerii<br \/>\nAgentiei Judetene pentru Ocuparea Fortei de Munca Arges, rezolvarea situatiei<br \/>\nbunurilor. <\/span><\/font><\/p>\n<p><font style=\"font-size: 12px\" face=\"Arial\"><\/p>\n<p><\/font><\/p>\n<p class=\"MsoNormal\" style=\"margin-top:1.8pt;margin-right:.75pt;margin-bottom:0mm;margin-left:0mm;margin-bottom:.0001pt;text-align:justify;line-height:115%\"><font style=\"font-size: 12px\" face=\"Arial\"><span style=\"font-size: 11pt;line-height: 115%;color: black\" lang=\"RO\">(3) In cazurile in care valoarea bunurilor<br \/>\nstabilita de comisie este mai mare decat <\/span><span style=\"font-size: 11pt;line-height: 115%;color: black\" lang=\"RO\">echivalentul a 200 euro, persoana care a primit bunurile<br \/>\npoate solicita pastrarea lor, platind <\/span><span style=\"font-size: 11pt;line-height: 115%;color: black\" lang=\"RO\">diferenta de valoare. Daca valoarea bunurilor stabilita de<br \/>\ncomisie este sub echivalentul a 200 euro, acestea se pastreaza de catre<br \/>\nprimitor. <\/span><\/font><\/p>\n<p><font style=\"font-size: 12px\" face=\"Arial\"><\/p>\n<p><\/font><\/p>\n<p class=\"MsoNormal\" style=\"margin-top:.7pt;margin-right:.75pt;margin-bottom:0mm;margin-left:0mm;margin-bottom:.0001pt;text-align:justify;line-height:115%\"><font style=\"font-size: 12px\" face=\"Arial\"><span style=\"font-size: 11pt;line-height: 115%;color: black\" lang=\"RO\">(4) In cazul in care persoana care a primit<br \/>\nbunurile nu a solicitat pastrarea lor, la <\/span><span style=\"font-size: 11pt;line-height: 115%;color: black\" lang=\"RO\">propunerea comisiei prevazute la alin.(1),<br \/>\nbunurile raman in patrimoniul institutiei sau pot fi <\/span><span style=\"font-size: 11pt;line-height: 115%;color: black\" lang=\"RO\">transmise cu titlu gratuit unei institutii<br \/>\npublice de profil ori vandute la licitatie, in conditiile <\/span><span style=\"font-size: 11pt;line-height: 115%;color: black\" lang=\"RO\">legii. <\/span><\/font><\/p>\n<p><font style=\"font-size: 12px\" face=\"Arial\"><\/p>\n<p><\/font><\/p>\n<p class=\"MsoNormal\" style=\"margin-top:3.05pt;margin-right:.75pt;margin-bottom:0mm;margin-left:0mm;margin-bottom:.0001pt;text-align:justify;line-height:115%\"><font style=\"font-size: 12px\" face=\"Arial\"><span style=\"font-size: 11pt;line-height: 115%;color: black\" lang=\"RO\">(5) Veniturile obtinute ca urmare a<br \/>\nvalorificarii acestor bunuri se varsa la bugetul <\/span><span style=\"font-size: 11pt;line-height: 115%;color: black\" lang=\"RO\">statului.<\/span><\/font><\/p>\n<p><font style=\"font-size: 12px\" face=\"Arial\"><\/p>\n<p><\/font><\/p>\n<p class=\"MsoNormal\" style=\"margin-top:3.05pt;margin-right:.75pt;margin-bottom:0mm;margin-left:0mm;margin-bottom:.0001pt;text-align:justify;line-height:115%\"><font style=\"font-size: 12px\" face=\"Arial\"><span style=\"font-size: 11pt;line-height: 115%;color: black\" lang=\"RO\">\u00a0<\/span><\/font><\/p>\n<p><font style=\"font-size: 12px\" face=\"Arial\"><\/font><font style=\"font-size: 12px\" face=\"Arial\"><b><span style=\"font-size: 11pt;line-height: 115%;color: black\" lang=\"RO\">CAPITOLUL IV<\/span><\/b><\/font><font style=\"font-size: 12px\" face=\"Arial\"><b><span style=\"font-size: 11pt;line-height: 115%;color: black\" lang=\"RO\"><\/p>\n<p>COORDONAREA,<br \/>\nMONITORIZAREA SI CONTROLUL APLICARII NORMELOR DE<font style=\"font-size: 12px\" face=\"Arial\"><span><span style=\"font-size: 11pt;line-height: 115%;color: black\" lang=\"RO\"> CONDUITA<\/span><\/span><\/font><font style=\"font-size: 12px\" face=\"Arial\"><\/font><\/p>\n<p><\/span><\/b><\/font><\/p>\n<p class=\"MsoNormal\" style=\"margin-top:9.7pt;margin-right:.75pt;margin-bottom:0mm;margin-left:0mm;margin-bottom:.0001pt;text-align:justify;line-height:115%\"><font style=\"font-size: 12px\" face=\"Arial\"><b><span style=\"font-size: 11pt;line-height: 115%;color: black\" lang=\"RO\">\u00a0<\/span><\/b><\/font><\/p>\n<p><font style=\"font-size: 12px\" face=\"Arial\"><\/p>\n<p><\/font><\/p>\n<p class=\"MsoNormal\" style=\"margin-top:9.7pt;margin-right:.75pt;margin-bottom:0mm;margin-left:0mm;margin-bottom:.0001pt;text-align:justify;line-height:115%\"><font style=\"font-size: 12px\" face=\"Arial\"><b><span style=\"font-size: 11pt;line-height: 115%;color: black\" lang=\"RO\">Art.27<\/span><\/b><span style=\"font-size: 11pt;line-height: 115%;color: black\" lang=\"RO\"> <b>Coordonarea<\/b><\/span><\/font><\/p>\n<p><font style=\"font-size: 12px\" face=\"Arial\"><\/p>\n<p><\/font><\/p>\n<p class=\"MsoNormal\" style=\"margin-right:.75pt;text-align:justify;line-height:115%\"><font style=\"font-size: 12px\" face=\"Arial\"><span style=\"font-size: 11pt;line-height: 115%;color: black\" lang=\"RO\">(1) Agentia Nationala a Functionarilor Publici<br \/>\ncoordoneaza, monitorizeaza si controleaza aplicarea normelor prevazute de<br \/>\nprezentul Cod de conduita pentru functionarii <\/span><span style=\"font-size: 11pt;line-height: 115%;color: black\" lang=\"RO\">publici din cadrul autoritatilor si<br \/>\ninstitutiilor publice. <\/span><\/font><\/p>\n<p><font style=\"font-size: 12px\" face=\"Arial\"><\/p>\n<p><\/font><\/p>\n<p class=\"MsoNormal\" style=\"margin-right:.75pt;text-align:justify;line-height:115%\"><font style=\"font-size: 12px\" face=\"Arial\"><span style=\"font-size: 11pt;line-height: 115%;color: black\" lang=\"RO\">(2) Ministerul cu atribu\u021bii \u00een domeniul<br \/>\nadministra\u021biei publice coordoneaza si controleaza aplicarea <\/span><span style=\"font-size: 11pt;line-height: 115%;color: black\" lang=\"RO\">normelor prevazute de prezentul Cod de<br \/>\nconduita etic\u0103 pentru personalul contractual din cadrul <\/span><span style=\"font-size: 11pt;line-height: 115%;color: black\" lang=\"RO\">autoritatilor si institutiilor publice. <\/span><\/font><\/p>\n<p><font style=\"font-size: 12px\" face=\"Arial\"><\/p>\n<p><\/font><\/p>\n<p class=\"MsoNormal\" style=\"margin-right:.75pt;text-align:justify;line-height:115%\"><font style=\"font-size: 12px\" face=\"Arial\"><span style=\"font-size: 11pt;line-height: 115%;color: black\" lang=\"RO\">(3) Prin activitatea sa, Agentia Nationala a<br \/>\nFunctionarilor Publici nu poate influenta <\/span><span style=\"font-size: 11pt;line-height: 115%;color: black\" lang=\"RO\">derularea procedurii de lucru a comisiei de<br \/>\ndisciplina din cadrul Agentiei Judetene pentru Ocuparea Fortei de Munca ARGES,<br \/>\ndesfasurata in conformitate cu prevederile Legii nr.153\/2021.<\/span><\/font><\/p>\n<p><font style=\"font-size: 12px\" face=\"Arial\"><\/p>\n<p><\/font><\/p>\n<p class=\"MsoNormal\" style=\"margin-right:.75pt;text-align:justify;line-height:115%\"><font style=\"font-size: 12px\" face=\"Arial\"><span style=\"font-size: 11pt;line-height: 115%;color: black\" lang=\"RO\">\u00a0<\/span><\/font><\/p>\n<p><font style=\"font-size: 12px\" face=\"Arial\"><\/p>\n<p><\/font><\/p>\n<p class=\"MsoNormal\" style=\"margin-right:.75pt;text-align:justify;line-height:115%\"><font style=\"font-size: 12px\" face=\"Arial\"><span style=\"font-size: 11pt;line-height: 115%;color: black\" lang=\"RO\"><span>\u00a0<\/span><b>Art.28 Obliga\u0163iile autorit\u0103\u0163ilor \u015fi<br \/>\ninstitu\u0163iilor publice cu privire la asigurarea consilierii etice a<br \/>\nfunc\u0163ionarilor publici \u015fi a inform\u0103rii \u015fi a raport\u0103rii cu privire la normele de<br \/>\nconduit\u0103<\/b><\/span><\/font><\/p>\n<p><font style=\"font-size: 12px\" face=\"Arial\"><\/p>\n<p><\/font><\/p>\n<p class=\"MsoNormal\" style=\"margin-top:.15pt;margin-right:.75pt;margin-bottom:0mm;margin-left:0mm;margin-bottom:.0001pt;text-align:justify;line-height:115%\"><font style=\"font-size: 12px\" face=\"Arial\"><span style=\"font-size: 11pt;line-height: 115%;color: black\" lang=\"RO\">\u00a0<\/span><\/font><\/p>\n<p><font style=\"font-size: 12px\" face=\"Arial\"><\/p>\n<p><\/font><\/p>\n<p class=\"MsoNormal\" style=\"margin-top:.15pt;margin-right:.75pt;margin-bottom:0mm;margin-left:0mm;margin-bottom:.0001pt;text-align:justify;line-height:115%\"><font style=\"font-size: 12px\" face=\"Arial\"><span style=\"font-size: 11pt;line-height: 115%;color: black\" lang=\"RO\">\u00cen scopul aplic\u0103rii eficiente a dispozi\u0163iilor<br \/>\nprezentului cod referitoare la conduita func\u0163ionarilor publici \u00een exercitarea<br \/>\nfunc\u0163iilor de\u0163inute, conduc\u0103torii autorit\u0103\u0163ilor \u015fi institu\u0163iilor publice vor<br \/>\ndesemna un func\u0163ionar public, de regul\u0103 din cadrul compartimentului de resurse<br \/>\numane, pentru consiliere etic\u0103 \u015fi monitorizarea respect\u0103rii normelor de<br \/>\nconduit\u0103.<\/span><\/font><\/p>\n<p><font style=\"font-size: 12px\" face=\"Arial\"><\/p>\n<p><\/font><\/p>\n<p class=\"MsoNormal\" style=\"margin-top:.15pt;margin-right:.75pt;margin-bottom:0mm;margin-left:0mm;margin-bottom:.0001pt;text-align:justify;line-height:115%\"><font style=\"font-size: 12px\" face=\"Arial\"><span style=\"font-size: 11pt;line-height: 115%;color: black\" lang=\"RO\">Desemnarea consilierului de etic\u0103 se face prin<br \/>\nact administrativ al conduc\u0103torului institu\u0163iei publice. Procedura de<br \/>\ndesemnare, atribu\u0163iile \u015fi modalitatea de raportare a institu\u0163iilor \u015fi<br \/>\nautorit\u0103\u0163ilor \u00een scopul asigur\u0103rii implement\u0103rii, monitoriz\u0103rii \u015fi controlului<br \/>\nrespect\u0103rii principiilor \u015fi normelor de conduit\u0103 a func\u0163ionarilor publici se<br \/>\nstabilesc prin hot\u0103r\u00e2re a Guvernului, la propunerea Agen\u0163iei Na\u0163ionale a<br \/>\nFunc\u0163ionarilor Publici.<\/span><\/font><\/p>\n<p><font style=\"font-size: 12px\" face=\"Arial\"><\/p>\n<p><\/font><\/p>\n<p class=\"MsoNormal\" style=\"margin-top:.15pt;margin-right:.75pt;margin-bottom:0mm;margin-left:0mm;margin-bottom:.0001pt;text-align:justify;line-height:115%\"><font style=\"font-size: 12px\" face=\"Arial\"><span style=\"font-size: 11pt;line-height: 115%;color: black\" lang=\"RO\">Consilierea etic\u0103 are caracter confiden\u0163ial \u015fi<br \/>\nse desf\u0103\u015foar\u0103 \u00een baza unei solicit\u0103ri formale adresate consilierului de etic\u0103<br \/>\nsau la ini\u0163iativa sa atunci c\u00e2nd din conduita func\u0163ionarului public rezult\u0103<br \/>\nnevoia de ameliorare a comportamentului acestuia. Consilierul de etic\u0103 are<br \/>\nobliga\u0163ia de a nu comunica informa\u0163ii cu privire la activitatea derulat\u0103 dec\u00e2t<br \/>\n\u00een situa\u0163ia \u00een care aspectele semnalate pot constitui o fapt\u0103 penal\u0103.<\/span><\/font><\/p>\n<p><font style=\"font-size: 12px\" face=\"Arial\"><\/p>\n<p><\/font><\/p>\n<p class=\"MsoNormal\" style=\"margin-top:.15pt;margin-right:.75pt;margin-bottom:0mm;margin-left:0mm;margin-bottom:.0001pt;text-align:justify;line-height:115%\"><font style=\"font-size: 12px\" face=\"Arial\"><span style=\"font-size: 11pt;line-height: 115%;color: black\" lang=\"RO\">Autorit\u0103\u0163ile \u015fi institu\u0163iile publice<br \/>\nimplementeaz\u0103 m\u0103surile considerate necesare pentru respectarea dispozi\u0163iilor<br \/>\nprezentului cod privind principiile \u015fi normele de conduit\u0103 \u015fi sprijin\u0103<br \/>\nactivitatea consilierului de etic\u0103.<\/span><\/font><\/p>\n<p><font style=\"font-size: 12px\" face=\"Arial\"><\/p>\n<p><\/font><\/p>\n<p class=\"MsoNormal\" style=\"margin-top:.15pt;margin-right:.75pt;margin-bottom:0mm;margin-left:0mm;margin-bottom:.0001pt;text-align:justify;line-height:115%\"><font style=\"font-size: 12px\" face=\"Arial\"><span style=\"font-size: 11pt;line-height: 115%;color: black\" lang=\"RO\">\u00cen aplicarea dispozi\u0163iilor prezentului cod<br \/>\nreferitoare la conduita func\u0163ionarilor publici, orice activitate care implic\u0103<br \/>\nprelucrarea datelor cu caracter personal se efectueaz\u0103 cu respectarea<br \/>\nprevederilor legisla\u0163iei pentru protec\u0163ia persoanelor cu privire la prelucrarea<br \/>\ndatelor cu caracter personal \u015fi libera circula\u0163ie a acestor date.<\/span><\/font><\/p>\n<p><font style=\"font-size: 12px\" face=\"Arial\"><\/p>\n<p><\/font><\/p>\n<p class=\"MsoNormal\" style=\"margin-top:.15pt;margin-right:.75pt;margin-bottom:0mm;margin-left:0mm;margin-bottom:.0001pt;text-align:justify;line-height:115%\"><font style=\"font-size: 12px\" face=\"Arial\"><span style=\"font-size: 11pt;line-height: 115%;color: black\" lang=\"RO\">Pentru informarea cet\u0103\u0163enilor, compartimentele<br \/>\nde rela\u0163ii cu publicul au obliga\u0163ia de a asigura publicarea principiilor \u015fi<br \/>\nnormelor de conduit\u0103 pe pagina de internet \u015fi de a le afi\u015fa la sediul<br \/>\nautorit\u0103\u0163ii sau institu\u0163iei publice, \u00eentr-un loc vizibil \u015fi accesibil<br \/>\npublicului.<\/span><\/font><\/p>\n<p><font style=\"font-size: 12px\" face=\"Arial\"><\/p>\n<p><\/font><\/p>\n<p class=\"MsoNormal\" style=\"margin-top:.15pt;margin-right:.75pt;margin-bottom:0mm;margin-left:0mm;margin-bottom:.0001pt;text-align:justify;line-height:115%\"><font style=\"font-size: 12px\" face=\"Arial\"><span style=\"font-size: 11pt;line-height: 115%;color: black\" lang=\"RO\"><span>\u00a0<\/span>Func\u0163ionarii publici nu pot fi sanc\u0163iona\u0163i sau<br \/>\nprejudicia\u0163i \u00een niciun fel pentru c\u0103 s-au adresat consilierului de etic\u0103 cu<br \/>\nsolicitarea de a primi consiliere cu privire la respectarea principiilor \u015fi<br \/>\nnormelor de conduit\u0103.<\/span><\/font><\/p>\n<p><font style=\"font-size: 12px\" face=\"Arial\"><\/p>\n<p><\/font><\/p>\n<p class=\"MsoNormal\" style=\"margin-top:.15pt;margin-right:.75pt;margin-bottom:0mm;margin-left:0mm;margin-bottom:.0001pt;text-align:justify;line-height:115%\"><font style=\"font-size: 12px\" face=\"Arial\"><b><span style=\"font-size: 11pt;line-height: 115%;color: black\" lang=\"RO\">\u00a0<\/span><\/b><\/font><\/p>\n<p><font style=\"font-size: 12px\" face=\"Arial\"><\/p>\n<p><\/font><\/p>\n<p class=\"MsoNormal\" style=\"margin-top:.15pt;margin-right:.75pt;margin-bottom:0mm;margin-left:0mm;margin-bottom:.0001pt;text-align:justify;line-height:115%\"><font style=\"font-size: 12px\" face=\"Arial\"><b><span style=\"font-size: 11pt;line-height: 115%;color: black\" lang=\"RO\">Art.29 \u2003Atribu\u0163iile consilierului de etic\u0103<\/span><\/b><\/font><\/p>\n<p><font style=\"font-size: 12px\" face=\"Arial\"><\/p>\n<p><\/font><\/p>\n<p class=\"MsoNormal\" style=\"margin-top:.15pt;margin-right:.75pt;margin-bottom:0mm;margin-left:0mm;margin-bottom:.0001pt;text-align:justify;line-height:115%\"><font style=\"font-size: 12px\" face=\"Arial\"><span style=\"font-size: 11pt;line-height: 115%;color: black\" lang=\"RO\">\u00cen exercitarea rolului activ de prevenire a<br \/>\n\u00eenc\u0103lc\u0103rii principiilor \u015fi normelor de conduit\u0103, consilierul de etic\u0103<br \/>\n\u00eendepline\u015fte urm\u0103toarele atribu\u0163ii:<\/span><\/font><\/p>\n<p><font style=\"font-size: 12px\" face=\"Arial\"><\/p>\n<p><\/font><\/p>\n<p class=\"MsoNormal\" style=\"margin-top:.15pt;margin-right:.75pt;margin-bottom:0mm;margin-left:0mm;margin-bottom:.0001pt;text-align:justify;line-height:115%\"><font style=\"font-size: 12px\" face=\"Arial\"><span style=\"font-size: 11pt;line-height: 115%;color: black\" lang=\"RO\">\u2003\u2003a) monitorizeaz\u0103 modul de aplicare \u015fi<br \/>\nrespectare a principiilor \u015fi normelor de conduit\u0103 de c\u0103tre func\u0163ionarii publici<br \/>\ndin cadrul AJOFM Arges \u015fi \u00eentocme\u015fte rapoarte \u015fi analize cu privire la acestea;<\/span><\/font><\/p>\n<p><font style=\"font-size: 12px\" face=\"Arial\"><\/p>\n<p><\/font><\/p>\n<p class=\"MsoNormal\" style=\"margin-top:.15pt;margin-right:.75pt;margin-bottom:0mm;margin-left:0mm;margin-bottom:.0001pt;text-align:justify;line-height:115%\"><font style=\"font-size: 12px\" face=\"Arial\"><span style=\"font-size: 11pt;line-height: 115%;color: black\" lang=\"RO\">\u2003\u2003b) desf\u0103\u015foar\u0103 activitatea de consiliere<br \/>\netic\u0103, pe baza solicit\u0103rii scrise a func\u0163ionarilor publici sau la ini\u0163iativa sa<br \/>\natunci c\u00e2nd func\u0163ionarul public nu i se adreseaz\u0103 cu o solicitare, \u00eens\u0103 din<br \/>\nconduita adoptat\u0103 rezult\u0103 nevoia de ameliorare a comportamentului acestuia;<\/span><\/font><\/p>\n<p><font style=\"font-size: 12px\" face=\"Arial\"><\/p>\n<p><\/font><\/p>\n<p class=\"MsoNormal\" style=\"margin-top:.15pt;margin-right:.75pt;margin-bottom:0mm;margin-left:0mm;margin-bottom:.0001pt;text-align:justify;line-height:115%\"><font style=\"font-size: 12px\" face=\"Arial\"><span style=\"font-size: 11pt;line-height: 115%;color: black\" lang=\"RO\">\u2003\u2003c) elaboreaz\u0103 analize privind cauzele,<br \/>\nriscurile \u015fi vulnerabilit\u0103\u0163ile care se manifest\u0103 \u00een activitatea func\u0163ionarilor<br \/>\npublici \u015fi care ar putea determina o \u00eenc\u0103lcare a principiilor \u015fi normelor de<br \/>\nconduit\u0103, pe care le \u00eenainteaz\u0103 conduc\u0103torului institu\u0163iei publice, \u015fi propune<br \/>\nm\u0103suri pentru \u00eenl\u0103turarea cauzelor, diminuarea riscurilor \u015fi a<br \/>\nvulnerabilit\u0103\u0163ilor;<\/span><\/font><\/p>\n<p><font style=\"font-size: 12px\" face=\"Arial\"><\/p>\n<p><\/font><\/p>\n<p class=\"MsoNormal\" style=\"margin-top:.15pt;margin-right:.75pt;margin-bottom:0mm;margin-left:0mm;margin-bottom:.0001pt;text-align:justify;line-height:115%\"><font style=\"font-size: 12px\" face=\"Arial\"><span style=\"font-size: 11pt;line-height: 115%;color: black\" lang=\"RO\">\u2003\u2003d) organizeaz\u0103 sesiuni de informare a<br \/>\nfunc\u0163ionarilor publici cu privire la normele de etic\u0103, modific\u0103ri ale cadrului<br \/>\nnormativ \u00een domeniul eticii \u015fi integrit\u0103\u0163ii sau care instituie obliga\u0163ii pentru<br \/>\ninstitu\u0163iile publice pentru respectarea drepturilor cet\u0103\u0163enilor \u00een rela\u0163ia cu<br \/>\nadministra\u0163ia public\u0103 sau cu institu\u0163ia public\u0103 respectiv\u0103;<\/span><\/font><\/p>\n<p><font style=\"font-size: 12px\" face=\"Arial\"><\/p>\n<p><\/font><\/p>\n<p class=\"MsoNormal\" style=\"margin-top:.15pt;margin-right:.75pt;margin-bottom:0mm;margin-left:0mm;margin-bottom:.0001pt;text-align:justify;line-height:115%\"><font style=\"font-size: 12px\" face=\"Arial\"><span style=\"font-size: 11pt;line-height: 115%;color: black\" lang=\"RO\">\u2003\u2003e) semnaleaz\u0103 practici sau proceduri<br \/>\ninstitu\u0163ionale care ar putea conduce la \u00eenc\u0103lcarea principiilor \u015fi normelor de<br \/>\nconduit\u0103 \u00een activitatea func\u0163ionarilor publici;<\/span><\/font><\/p>\n<p><font style=\"font-size: 12px\" face=\"Arial\"><\/p>\n<p><\/font><\/p>\n<p class=\"MsoNormal\" style=\"margin-top:.15pt;margin-right:.75pt;margin-bottom:0mm;margin-left:0mm;margin-bottom:.0001pt;text-align:justify;line-height:115%\"><font style=\"font-size: 12px\" face=\"Arial\"><span style=\"font-size: 11pt;line-height: 115%;color: black\" lang=\"RO\">\u2003\u2003f) analizeaz\u0103 sesiz\u0103rile \u015fi reclama\u0163iile<br \/>\nformulate de cet\u0103\u0163eni \u015fi de ceilal\u0163i beneficiari ai activit\u0103\u0163ii institu\u0163iei<br \/>\npublice cu privire la comportamentul personalului care asigur\u0103 rela\u0163ia direct\u0103<br \/>\ncu cet\u0103\u0163enii \u015fi formuleaz\u0103 recomand\u0103ri cu caracter general, f\u0103r\u0103 a interveni \u00een<br \/>\nactivitatea comisiilor de disciplin\u0103;<\/span><\/font><\/p>\n<p><font style=\"font-size: 12px\" face=\"Arial\"><\/p>\n<p><\/font><\/p>\n<p class=\"MsoNormal\" style=\"margin-top:.15pt;margin-right:.75pt;margin-bottom:0mm;margin-left:0mm;margin-bottom:.0001pt;text-align:justify;line-height:115%\"><font style=\"font-size: 12px\" face=\"Arial\"><span style=\"font-size: 11pt;line-height: 115%;color: black\" lang=\"RO\">\u2003\u2003g) poate adresa \u00een mod direct \u00eentreb\u0103ri sau<br \/>\naplica chestionare cet\u0103\u0163enilor \u015fi beneficiarilor direc\u0163i ai activit\u0103\u0163ii<br \/>\ninstitu\u0163iei publice cu privire la comportamentul personalului care asigur\u0103<br \/>\nrela\u0163ia cu publicul, precum \u015fi cu privire la opinia acestora despre calitatea<br \/>\nserviciilor oferite de AJOFM Arges.<\/span><\/font><\/p>\n<p><font style=\"font-size: 12px\" face=\"Arial\"><\/p>\n<p><\/font><\/p>\n<p class=\"MsoNormal\" style=\"margin-top:.15pt;margin-right:.75pt;margin-bottom:0mm;margin-left:0mm;margin-bottom:.0001pt;text-align:justify;line-height:115%\"><font style=\"font-size: 12px\" face=\"Arial\"><b><span style=\"font-size: 11pt;line-height: 115%;color: black\" lang=\"RO\">\u00a0<\/span><\/b><\/font><\/p>\n<p><font style=\"font-size: 12px\" face=\"Arial\"><\/p>\n<p><\/font><\/p>\n<p class=\"MsoNormal\" style=\"margin-top:.15pt;margin-right:.75pt;margin-bottom:0mm;margin-left:0mm;margin-bottom:.0001pt;text-align:justify;line-height:115%\"><font style=\"font-size: 12px\" face=\"Arial\"><b><span style=\"font-size: 11pt;line-height: 115%;color: black\" lang=\"RO\">Art. 30\u2003Avertizarea privind fapte de \u00eenc\u0103lcare a legii<\/span><\/b><\/font><\/p>\n<p><font style=\"font-size: 12px\" face=\"Arial\"><\/p>\n<p><\/font><\/p>\n<p class=\"MsoNormal\" style=\"margin-top:.15pt;margin-right:.75pt;margin-bottom:0mm;margin-left:0mm;margin-bottom:.0001pt;text-align:justify;line-height:115%\"><font style=\"font-size: 12px\" face=\"Arial\"><span style=\"font-size: 11pt;line-height: 115%;color: black\" lang=\"RO\">Semnalarea unor fapte de \u00eenc\u0103lcare a legii de<br \/>\nc\u0103tre func\u021bionarii publici \u0219i personalul contractual, prev\u0103zute de lege ca<br \/>\nfiind abateri disciplinare, contraven\u0163ii sau infrac\u0163iuni, constituie avertizare<br \/>\n\u00een interes public \u015fi prive\u015fte:<\/span><\/font><\/p>\n<p><font style=\"font-size: 12px\" face=\"Arial\"><\/p>\n<p><\/font><\/p>\n<p class=\"MsoNormal\" style=\"margin-top:.15pt;margin-right:.75pt;margin-bottom:0mm;margin-left:0mm;margin-bottom:.0001pt;text-align:justify;line-height:115%\"><font style=\"font-size: 12px\" face=\"Arial\"><span style=\"font-size: 11pt;line-height: 115%;color: black\" lang=\"RO\">\u2003\u2003a) infrac\u0163iuni de corup\u0163ie, infrac\u0163iuni<br \/>\nasimilate infrac\u0163iunilor de corup\u0163ie, infrac\u0163iuni \u00een leg\u0103tur\u0103 direct\u0103 cu<br \/>\ninfrac\u0163iunile de corup\u0163ie, infrac\u0163iunile de fals \u015fi infrac\u0163iunile de serviciu<br \/>\nsau \u00een leg\u0103tur\u0103 cu serviciul;<\/span><\/font><\/p>\n<p><font style=\"font-size: 12px\" face=\"Arial\"><\/p>\n<p><\/font><\/p>\n<p class=\"MsoNormal\" style=\"margin-top:.15pt;margin-right:.75pt;margin-bottom:0mm;margin-left:0mm;margin-bottom:.0001pt;text-align:justify;line-height:115%\"><font style=\"font-size: 12px\" face=\"Arial\"><span style=\"font-size: 11pt;line-height: 115%;color: black\" lang=\"RO\">\u2003\u2003b) infrac\u0163iuni \u00eempotriva intereselor<br \/>\nfinanciare ale Comunit\u0103\u0163ilor Europene;<\/span><\/font><\/p>\n<p><font style=\"font-size: 12px\" face=\"Arial\"><\/p>\n<p><\/font><\/p>\n<p class=\"MsoNormal\" style=\"margin-top:.15pt;margin-right:.75pt;margin-bottom:0mm;margin-left:0mm;margin-bottom:.0001pt;text-align:justify;line-height:115%\"><font style=\"font-size: 12px\" face=\"Arial\"><span style=\"font-size: 11pt;line-height: 115%;color: black\" lang=\"RO\">\u2003\u2003c) practici sau tratamente preferen\u0163iale ori<br \/>\ndiscriminatorii \u00een exercitarea atribu\u0163iilor de serviciu;<\/span><\/font><\/p>\n<p><font style=\"font-size: 12px\" face=\"Arial\"><\/p>\n<p><\/font><\/p>\n<p class=\"MsoNormal\" style=\"margin-top:.15pt;margin-right:.75pt;margin-bottom:0mm;margin-left:0mm;margin-bottom:.0001pt;text-align:justify;line-height:115%\"><font style=\"font-size: 12px\" face=\"Arial\"><span style=\"font-size: 11pt;line-height: 115%;color: black\" lang=\"RO\">\u2003\u2003d) \u00eenc\u0103lcarea prevederilor privind<br \/>\nincompatibilit\u0103\u0163ile \u015fi conflictele de interese;<\/span><\/font><\/p>\n<p><font style=\"font-size: 12px\" face=\"Arial\"><\/p>\n<p><\/font><\/p>\n<p class=\"MsoNormal\" style=\"margin-top:.15pt;margin-right:.75pt;margin-bottom:0mm;margin-left:0mm;margin-bottom:.0001pt;text-align:justify;line-height:115%\"><font style=\"font-size: 12px\" face=\"Arial\"><span style=\"font-size: 11pt;line-height: 115%;color: black\" lang=\"RO\">\u2003\u2003e) folosirea abuziv\u0103 a resurselor materiale<br \/>\nsau umane;<\/span><\/font><\/p>\n<p><font style=\"font-size: 12px\" face=\"Arial\"><\/p>\n<p><\/font><\/p>\n<p class=\"MsoNormal\" style=\"margin-top:.15pt;margin-right:.75pt;margin-bottom:0mm;margin-left:0mm;margin-bottom:.0001pt;text-align:justify;line-height:115%\"><font style=\"font-size: 12px\" face=\"Arial\"><span style=\"font-size: 11pt;line-height: 115%;color: black\" lang=\"RO\">\u2003\u2003f) partizanatul politic \u00een exercitarea<br \/>\nprerogativelor postului, cu excep\u0163ia persoanelor alese sau numite politic;<\/span><\/font><\/p>\n<p><font style=\"font-size: 12px\" face=\"Arial\"><\/p>\n<p><\/font><\/p>\n<p class=\"MsoNormal\" style=\"margin-top:.15pt;margin-right:.75pt;margin-bottom:0mm;margin-left:0mm;margin-bottom:.0001pt;text-align:justify;line-height:115%\"><font style=\"font-size: 12px\" face=\"Arial\"><span style=\"font-size: 11pt;line-height: 115%;color: black\" lang=\"RO\">\u2003\u2003g) \u00eenc\u0103lc\u0103ri ale legii \u00een privin\u0163a accesului<br \/>\nla informa\u0163ii \u015fi a transparen\u0163ei decizionale;<\/span><\/font><\/p>\n<p><font style=\"font-size: 12px\" face=\"Arial\"><\/p>\n<p><\/font><\/p>\n<p class=\"MsoNormal\" style=\"margin-top:.15pt;margin-right:.75pt;margin-bottom:0mm;margin-left:0mm;margin-bottom:.0001pt;text-align:justify;line-height:115%\"><font style=\"font-size: 12px\" face=\"Arial\"><span style=\"font-size: 11pt;line-height: 115%;color: black\" lang=\"RO\">\u2003\u2003h) \u00eenc\u0103lcarea prevederilor legale privind<br \/>\nachizi\u0163iile publice \u015fi finan\u0163\u0103rile nerambursabile;<\/span><\/font><\/p>\n<p><font style=\"font-size: 12px\" face=\"Arial\"><\/p>\n<p><\/font><\/p>\n<p class=\"MsoNormal\" style=\"margin-top:.15pt;margin-right:.75pt;margin-bottom:0mm;margin-left:0mm;margin-bottom:.0001pt;text-align:justify;line-height:115%\"><font style=\"font-size: 12px\" face=\"Arial\"><span style=\"font-size: 11pt;line-height: 115%;color: black\" lang=\"RO\">\u2003\u2003i) incompeten\u0163a sau neglijen\u0163a \u00een serviciu;<\/span><\/font><\/p>\n<p><font style=\"font-size: 12px\" face=\"Arial\"><\/p>\n<p><\/font><\/p>\n<p class=\"MsoNormal\" style=\"margin-top:.15pt;margin-right:.75pt;margin-bottom:0mm;margin-left:0mm;margin-bottom:.0001pt;text-align:justify;line-height:115%\"><font style=\"font-size: 12px\" face=\"Arial\"><span style=\"font-size: 11pt;line-height: 115%;color: black\" lang=\"RO\">\u2003\u2003j) evalu\u0103ri neobiective ale personalului \u00een<br \/>\nprocesul de recrutare, selectare, promovare, retrogradare \u015fi eliberare din<br \/>\nfunc\u0163ie;<\/span><\/font><\/p>\n<p><font style=\"font-size: 12px\" face=\"Arial\"><\/p>\n<p><\/font><\/p>\n<p class=\"MsoNormal\" style=\"margin-top:.15pt;margin-right:.75pt;margin-bottom:0mm;margin-left:0mm;margin-bottom:.0001pt;text-align:justify;line-height:115%\"><font style=\"font-size: 12px\" face=\"Arial\"><span style=\"font-size: 11pt;line-height: 115%;color: black\" lang=\"RO\">\u2003\u2003k) \u00eenc\u0103lc\u0103ri ale procedurilor administrative<br \/>\nsau stabilirea unor proceduri interne cu nerespectarea legii;<\/span><\/font><\/p>\n<p><font style=\"font-size: 12px\" face=\"Arial\"><\/p>\n<p><\/font><\/p>\n<p class=\"MsoNormal\" style=\"margin-top:.15pt;margin-right:.75pt;margin-bottom:0mm;margin-left:0mm;margin-bottom:.0001pt;text-align:justify;line-height:115%\"><font style=\"font-size: 12px\" face=\"Arial\"><span style=\"font-size: 11pt;line-height: 115%;color: black\" lang=\"RO\">\u2003\u2003l) emiterea de acte administrative sau de<br \/>\nalt\u0103 natur\u0103 care servesc interese de grup sau clientelare;<\/span><\/font><\/p>\n<p><font style=\"font-size: 12px\" face=\"Arial\"><\/p>\n<p><\/font><\/p>\n<p class=\"MsoNormal\" style=\"margin-top:.15pt;margin-right:.75pt;margin-bottom:0mm;margin-left:0mm;margin-bottom:.0001pt;text-align:justify;line-height:115%\"><font style=\"font-size: 12px\" face=\"Arial\"><span style=\"font-size: 11pt;line-height: 115%;color: black\" lang=\"RO\">\u2003\u2003m) administrarea defectuoas\u0103 sau frauduloas\u0103<br \/>\na patrimoniului public \u015fi privat al institu\u021biei publice;<\/span><\/font><\/p>\n<p><font style=\"font-size: 12px\" face=\"Arial\"><\/p>\n<p><\/font><\/p>\n<p class=\"MsoNormal\" style=\"margin-top:.15pt;margin-right:.75pt;margin-bottom:0mm;margin-left:0mm;margin-bottom:.0001pt;text-align:justify;line-height:115%\"><font style=\"font-size: 12px\" face=\"Arial\"><span style=\"font-size: 11pt;line-height: 115%;color: black\" lang=\"RO\">\u2003\u2003n) \u00eenc\u0103lcarea altor dispozi\u0163ii legale care<br \/>\nimpun respectarea principiului bunei administr\u0103ri \u015fi cel al ocrotirii<br \/>\ninteresului public.<\/span><\/font><\/p>\n<p><font style=\"font-size: 12px\" face=\"Arial\"><\/p>\n<p><\/font><\/p>\n<p class=\"MsoNormal\" style=\"margin-top:5.3pt;margin-right:.75pt;margin-bottom:0mm;margin-left:21.3pt;margin-bottom:.0001pt;text-align:justify;text-indent:-21.3pt;line-height:115%\"><font style=\"font-size: 12px\" face=\"Arial\"><b><span style=\"font-size: 11pt;line-height: 115%\" lang=\"RO\">Art. 30<\/span><\/b><span style=\"font-size: 11pt;line-height: 115%\" lang=\"RO\"><span>\u00a0 <\/span><b>Sesizarea<br \/>\n<\/b><\/span><\/font><\/p>\n<p><font style=\"font-size: 12px\" face=\"Arial\"><\/p>\n<p><\/font><\/p>\n<p class=\"MsoNormal\" style=\"margin-top:3.7pt;margin-right:.75pt;margin-bottom:0mm;margin-left:0mm;margin-bottom:.0001pt;text-align:justify;line-height:115%\"><font style=\"font-size: 12px\" face=\"Arial\"><span style=\"font-size: 11pt;line-height: 115%\" lang=\"RO\"><span>\u00a0<\/span>(1) Agen\u021bia Na\u021bional\u0103 a Func\u021bionarilor Publici<br \/>\n\u0219i Ministerul cu atribu\u021bii \u00een domeniul administra\u021biei publice<\/span><span style=\"font-size: 11pt;line-height: 115%\" lang=\"RO\"> pot fi sesizate de orice persoana cu privire la: <\/span><\/font><\/p>\n<p><font style=\"font-size: 12px\" face=\"Arial\"><\/p>\n<p><\/font><\/p>\n<p class=\"MsoNormal\" style=\"margin-top:3.7pt;margin-right:.75pt;margin-bottom:0mm;margin-left:0mm;margin-bottom:.0001pt;text-align:justify;line-height:115%\"><font style=\"font-size: 12px\" face=\"Arial\"><span style=\"font-size: 11pt;line-height: 115%\" lang=\"RO\">a) incalcarea<br \/>\nprevederilor prezentului cod de conduita de cate func\u021bionarii publici \u0219i<br \/>\npersonalul contractual; <\/span><span style=\"font-size: 11pt;line-height: 115%\" lang=\"RO\"><\/span><\/font><\/p>\n<p><font style=\"font-size: 12px\" face=\"Arial\"><\/p>\n<p><\/font><\/p>\n<p class=\"MsoNormal\" style=\"margin-top:2.05pt;margin-right:.75pt;margin-bottom:0mm;margin-left:0mm;margin-bottom:.0001pt;text-align:justify;line-height:115%\"><font style=\"font-size: 12px\" face=\"Arial\"><span style=\"font-size: 11pt;line-height: 115%\" lang=\"RO\">b) constrangerea sau amenintarea exercitata asupra func\u021bionarului<br \/>\npublic sau asupra personalului contractual pentru a-l <\/span><span style=\"font-size: 11pt;line-height: 115%\" lang=\"RO\">determina sa incalce dispozitiile legale in vigoare ori sa<br \/>\nle aplice necorespunzator. <\/span><\/font><\/p>\n<p><font style=\"font-size: 12px\" face=\"Arial\"><\/p>\n<p><\/font><\/p>\n<p class=\"MsoNormal\" style=\"margin-top:2.05pt;margin-right:.75pt;margin-bottom:0mm;margin-left:0mm;margin-bottom:.0001pt;text-align:justify;line-height:115%\"><font style=\"font-size: 12px\" face=\"Arial\"><span style=\"font-size: 11pt;line-height: 115%\" lang=\"RO\">(2) Sesizarea prevazuta la alin.(1) nu exclude sesizarea comisiei<br \/>\nde disciplin\u0103 competente<\/span><span style=\"font-size: 11pt;line-height: 115%\" lang=\"RO\">,<br \/>\npotrivit legii, din cadrul institu\u021biei. <\/span><span style=\"font-size: 11pt;line-height: 115%\" lang=\"RO\"><\/span><\/font><\/p>\n<p><font style=\"font-size: 12px\" face=\"Arial\"><\/p>\n<p><\/font><\/p>\n<p class=\"MsoNormal\" style=\"margin-top:.05pt;margin-right:.75pt;margin-bottom:0mm;margin-left:0mm;margin-bottom:.0001pt;text-align:justify;line-height:115%\"><font style=\"font-size: 12px\" face=\"Arial\"><span style=\"font-size: 11pt;line-height: 115%\" lang=\"RO\">(3) Func\u021bionarii publici \u0219i angajatii contractuali nu pot<br \/>\nfi sanctionati sau prejudiciati in nici un fel <\/span><span style=\"font-size: 11pt;line-height: 115%\" lang=\"RO\">pentru sesizarea cu buna-credinta a organelor disciplinare<br \/>\ncompetente, in conditiile legii. <\/span><\/font><\/p>\n<p><font style=\"font-size: 12px\" face=\"Arial\"><\/p>\n<p><\/font><\/p>\n<p class=\"MsoNormal\" style=\"margin-top:0mm;margin-right:.75pt;margin-bottom:0mm;margin-left:21.3pt;margin-bottom:.0001pt;text-align:justify;text-indent:-21.3pt;line-height:115%\"><font style=\"font-size: 12px\" face=\"Arial\"><b><span style=\"font-size: 11pt;line-height: 115%\" lang=\"RO\">Art. 31 Coordonarea \u015fi controlul normelor de conduit\u0103 pentru personalul<br \/>\ncontractual<\/span><\/b><\/font><\/p>\n<p><font style=\"font-size: 12px\" face=\"Arial\"><\/p>\n<p><\/font><\/p>\n<p class=\"MsoNormal\" style=\"margin-right:.75pt;text-align:justify;line-height:115%\"><font style=\"font-size: 12px\" face=\"Arial\"><span style=\"font-size: 11pt;line-height: 115%\" lang=\"RO\">(1) Autorit\u0103\u0163ile \u015fi institu\u0163iile publice au obliga\u0163ia de a<br \/>\ncoordona, controla \u015fi monitoriza respectarea normelor de conduit\u0103 de c\u0103tre<br \/>\npersonalul contractual, din aparatul propriu sau din institu\u0163iile aflate \u00een<br \/>\nsubordine, coordonare sau sub autoritate, cu respectarea prevederilor \u00een<br \/>\ndomeniul legisla\u0163iei muncii \u015fi a legisla\u0163iei specifice aplicabile.<\/span><\/font><\/p>\n<p><font style=\"font-size: 12px\" face=\"Arial\"><\/p>\n<p><\/font><\/p>\n<p class=\"MsoNormal\" style=\"margin-right:.75pt;text-align:justify;line-height:115%\"><font style=\"font-size: 12px\" face=\"Arial\"><span style=\"font-size: 11pt;line-height: 115%\" lang=\"RO\">(2) Normele de conduit\u0103 sunt obligatorii pentru personalul<br \/>\ncontractual din <span>\u00a0<\/span>cadrul autorit\u0103\u0163ilor \u015fi<br \/>\ninstitu\u0163iilor publice.<\/span><\/font><\/p>\n<p><font style=\"font-size: 12px\" face=\"Arial\"><\/p>\n<p><\/font><\/p>\n<p class=\"MsoNormal\" style=\"text-align:justify;line-height:115%\"><font style=\"font-size: 12px\" face=\"Arial\"><span style=\"font-size: 11pt;line-height: 115%\" lang=\"RO\">(3) \u00cen scopul \u00eendeplinirii corespunz\u0103toare a activit\u0103\u0163ilor<br \/>\nprev\u0103zute la alin. (1) autorit\u0103\u0163ile \u015fi institu\u0163iile publice:<\/span><\/font><\/p>\n<p><font style=\"font-size: 12px\" face=\"Arial\"><\/p>\n<p><\/font><\/p>\n<p class=\"MsoNormal\" style=\"margin-right:.75pt;text-align:justify;line-height:115%\"><font style=\"font-size: 12px\" face=\"Arial\"><span style=\"font-size: 11pt;line-height: 115%\" lang=\"RO\">a) urm\u0103resc aplicarea \u015fi respectarea \u00een cadrul<br \/>\nautorit\u0103\u0163ilor \u015fi institu\u0163iilor publice a prevederilor prezentului cod<br \/>\nreferitoare la conduita personalului contractual \u00een exercitarea func\u0163iilor<br \/>\nde\u0163inute;<\/span><\/font><\/p>\n<p><font style=\"font-size: 12px\" face=\"Arial\"><\/p>\n<p><\/font><\/p>\n<p class=\"MsoNormal\" style=\"margin-right:.75pt;text-align:justify;line-height:115%\"><font style=\"font-size: 12px\" face=\"Arial\"><span style=\"font-size: 11pt;line-height: 115%\" lang=\"RO\">b) solu\u0163ioneaz\u0103 peti\u0163iile \u015fi sesiz\u0103rile primite privind<br \/>\n\u00eenc\u0103lcarea prevederilor prezentului cod referitoare la conduita personalului<br \/>\ncontractual \u00een exercitarea func\u0163iilor de\u0163inute sau le transmite spre<br \/>\nsolu\u0163ionare organului competent, conform legii;<\/span><\/font><\/p>\n<p><font style=\"font-size: 12px\" face=\"Arial\"><\/p>\n<p><\/font><\/p>\n<p class=\"MsoNormal\" style=\"margin-right:.75pt;text-align:justify;line-height:115%\"><font style=\"font-size: 12px\" face=\"Arial\"><span style=\"font-size: 11pt;line-height: 115%\" lang=\"RO\">c) elaboreaz\u0103 analize \u015fi rapoarte privind respectarea<br \/>\nprevederilor prezentului cod referitoare la conduita personalului contractual<br \/>\n\u00een exercitarea func\u0163iilor de\u0163inute;<\/span><\/font><\/p>\n<p><font style=\"font-size: 12px\" face=\"Arial\"><\/p>\n<p><\/font><\/p>\n<p class=\"MsoNormal\" style=\"margin-right:.75pt;text-align:justify;line-height:115%\"><font style=\"font-size: 12px\" face=\"Arial\"><span style=\"font-size: 11pt;line-height: 115%\" lang=\"RO\">d) asigur\u0103 informarea publicului cu privire la conduita<br \/>\nprofesional\u0103 la care este \u00eendrept\u0103\u0163it s\u0103 se a\u015ftepte din partea personalului<br \/>\ncontractual \u00een exercitarea func\u0163iei;<\/span><\/font><\/p>\n<p><font style=\"font-size: 12px\" face=\"Arial\"><\/p>\n<p><\/font><\/p>\n<p class=\"MsoNormal\" style=\"margin-right:.75pt;text-align:justify;line-height:115%\"><font style=\"font-size: 12px\" face=\"Arial\"><span style=\"font-size: 11pt;line-height: 115%\" lang=\"RO\">e) asigur\u0103 informarea personalului contractual propriu cu<br \/>\nprivire la conduita ce trebuie respectat\u0103;<\/span><\/font><\/p>\n<p><font style=\"font-size: 12px\" face=\"Arial\"><\/p>\n<p><\/font><\/p>\n<p class=\"MsoNormal\" style=\"margin-right:.75pt;text-align:justify;line-height:115%\"><font style=\"font-size: 12px\" face=\"Arial\"><span style=\"font-size: 11pt;line-height: 115%\" lang=\"RO\">f) colaboreaz\u0103 cu organiza\u0163iile neguvernamentale care au<br \/>\nca scop promovarea \u015fi ap\u0103rarea intereselor legitime ale cet\u0103\u0163enilor \u00een rela\u0163ia<br \/>\ncu personalul din administra\u0163ia public\u0103.<\/span><\/font><\/p>\n<p><font style=\"font-size: 12px\" face=\"Arial\"><\/p>\n<p><\/font><\/p>\n<p class=\"MsoNormal\" style=\"margin-right:.75pt;text-align:justify;line-height:115%\"><font style=\"font-size: 12px\" face=\"Arial\"><span style=\"font-size: 11pt;line-height: 115%\" lang=\"RO\">(4) Pentru informarea cet\u0103\u0163enilor, compartimentele de<br \/>\nrela\u0163ii publice din cadrul autorit\u0103\u0163ilor \u015fi institu\u0163iilor publice au obliga\u0163ia<br \/>\nde a asigura publicitatea \u015fi de a afi\u015fa normele privind conduita personalului<br \/>\npropriu la sediul autorit\u0103\u0163ilor sau institu\u0163iilor publice, \u00eentr-un loc vizibil.<\/span><\/font><\/p>\n<p><font style=\"font-size: 12px\" face=\"Arial\"><\/p>\n<p><\/font><\/p>\n<p class=\"MsoNormal\" style=\"margin-top:0mm;margin-right:.75pt;margin-bottom:0mm;margin-left:21.3pt;margin-bottom:.0001pt;text-align:justify;text-indent:-21.3pt;line-height:115%\"><font style=\"font-size: 12px\" face=\"Arial\"><span style=\"font-size: 11pt;line-height: 115%\" lang=\"RO\">\u00a0<\/span><\/font><\/p>\n<p><font style=\"font-size: 12px\" face=\"Arial\"><\/font><font style=\"font-size: 12px\" face=\"Arial\"><b><span style=\"font-size: 11pt;line-height: 115%\" lang=\"RO\">CAPITOLUL V<\/span><\/b><span style=\"font-size: 11pt;line-height: 115%\" lang=\"RO\"><\/span><\/font><font style=\"font-size: 12px\" face=\"Arial\"><\/p>\n<p><\/font><\/p>\n<p class=\"MsoNormal\" style=\"margin-top:10.4pt;margin-right:.75pt;margin-bottom:0mm;margin-left:21.3pt;margin-bottom:.0001pt;text-align:justify;text-indent:-21.3pt;line-height:115%\"><font style=\"font-size: 12px\" face=\"Arial\"><span style=\"font-size: 11pt;line-height: 115%;color: red\" lang=\"RO\"><span><\/span><span><\/span><\/span><b><span style=\"font-size: 11pt;line-height: 115%\" lang=\"RO\">RASPUNDEREA <\/span><\/b><\/font><\/p>\n<p><font style=\"font-size: 12px\" face=\"Arial\"><\/p>\n<p><\/font><\/p>\n<p class=\"MsoNormal\" style=\"margin-top:0mm;margin-right:.75pt;margin-bottom:0mm;margin-left:21.3pt;margin-bottom:.0001pt;text-align:justify;text-indent:-21.3pt;line-height:115%\"><font style=\"font-size: 12px\" face=\"Arial\"><u><span style=\"font-size: 11pt;line-height: 115%;color: red\" lang=\"RO\"><span style=\"text-decoration:none\">\u00a0<\/span><\/span><\/u><\/font><\/p>\n<p><font style=\"font-size: 12px\" face=\"Arial\"><\/p>\n<p><\/font><\/p>\n<p class=\"MsoNormal\" style=\"margin-top:.7pt;margin-right:.75pt;margin-bottom:0mm;margin-left:0mm;margin-bottom:.0001pt;text-align:justify;line-height:115%\"><font style=\"font-size: 12px\" face=\"Arial\"><b><span style=\"font-size: 11pt;line-height: 115%\" lang=\"RO\">Art.32<\/span><\/b><span style=\"font-size: 11pt;line-height: 115%\" lang=\"RO\"> <b>R\u0103spunderea<br \/>\nadministrativ-disciplinar\u0103<\/b><\/span><\/font><\/p>\n<p><font style=\"font-size: 12px\" face=\"Arial\"><\/p>\n<p><\/font><\/p>\n<p class=\"MsoNormal\" style=\"margin-top:.7pt;margin-right:.75pt;margin-bottom:0mm;margin-left:0mm;margin-bottom:.0001pt;text-align:justify;line-height:115%\"><font style=\"font-size: 12px\" face=\"Arial\"><span style=\"font-size: 11pt;line-height: 115%\" lang=\"RO\">(1) \u00cenc\u0103lcarea cu vinov\u0103\u0163ie de c\u0103tre func\u0163ionarii publici<br \/>\na \u00eendatoririlor corespunz\u0103toare func\u0163iei publice pe care o de\u0163in \u015fi a normelor<br \/>\nde conduit\u0103 profesional\u0103 \u015fi civic\u0103 prev\u0103zute de lege constituie abatere<br \/>\ndisciplinar\u0103 \u015fi atrage r\u0103spunderea administrativ-disciplinar\u0103 a acestora.<\/span><\/font><\/p>\n<p><font style=\"font-size: 12px\" face=\"Arial\"><\/p>\n<p><\/font><\/p>\n<p class=\"MsoNormal\" style=\"margin-top:.7pt;margin-right:.75pt;margin-bottom:0mm;margin-left:0mm;margin-bottom:.0001pt;text-align:justify;line-height:115%\"><font style=\"font-size: 12px\" face=\"Arial\"><span style=\"font-size: 11pt;line-height: 115%\" lang=\"RO\">(2) Constituie abateri disciplinare urm\u0103toarele fapte:<\/span><\/font><\/p>\n<p><font style=\"font-size: 12px\" face=\"Arial\"><\/p>\n<p><\/font><\/p>\n<p class=\"MsoNormal\" style=\"margin-top:.7pt;margin-right:.75pt;margin-bottom:0mm;margin-left:0mm;margin-bottom:.0001pt;text-align:justify;line-height:115%\"><font style=\"font-size: 12px\" face=\"Arial\"><span style=\"font-size: 11pt;line-height: 115%\" lang=\"RO\">a) \u00eent\u00e2rzierea sistematic\u0103 \u00een efectuarea lucr\u0103rilor;<\/span><\/font><\/p>\n<p><font style=\"font-size: 12px\" face=\"Arial\"><\/p>\n<p><\/font><\/p>\n<p class=\"MsoNormal\" style=\"margin-top:.7pt;margin-right:.75pt;margin-bottom:0mm;margin-left:0mm;margin-bottom:.0001pt;text-align:justify;line-height:115%\"><font style=\"font-size: 12px\" face=\"Arial\"><span style=\"font-size: 11pt;line-height: 115%\" lang=\"RO\">b) neglijen\u0163a repetat\u0103 \u00een rezolvarea lucr\u0103rilor;<\/span><\/font><\/p>\n<p><font style=\"font-size: 12px\" face=\"Arial\"><\/p>\n<p><\/font><\/p>\n<p class=\"MsoNormal\" style=\"margin-top:.7pt;margin-right:.75pt;margin-bottom:0mm;margin-left:0mm;margin-bottom:.0001pt;text-align:justify;line-height:115%\"><font style=\"font-size: 12px\" face=\"Arial\"><span style=\"font-size: 11pt;line-height: 115%\" lang=\"RO\">c) absen\u0163a nemotivat\u0103 de la serviciu;<\/span><\/font><\/p>\n<p><font style=\"font-size: 12px\" face=\"Arial\"><\/p>\n<p><\/font><\/p>\n<p class=\"MsoNormal\" style=\"margin-top:.7pt;margin-right:.75pt;margin-bottom:0mm;margin-left:0mm;margin-bottom:.0001pt;text-align:justify;line-height:115%\"><font style=\"font-size: 12px\" face=\"Arial\"><span style=\"font-size: 11pt;line-height: 115%\" lang=\"RO\">d) nerespectarea programului de lucru;<\/span><\/font><\/p>\n<p><font style=\"font-size: 12px\" face=\"Arial\"><\/p>\n<p><\/font><\/p>\n<p class=\"MsoNormal\" style=\"margin-top:.7pt;margin-right:.75pt;margin-bottom:0mm;margin-left:0mm;margin-bottom:.0001pt;text-align:justify;line-height:115%\"><font style=\"font-size: 12px\" face=\"Arial\"><span style=\"font-size: 11pt;line-height: 115%\" lang=\"RO\">e) interven\u0163iile sau st\u0103ruin\u0163ele pentru solu\u0163ionarea unor<br \/>\ncereri \u00een afara cadrului legal;<\/span><\/font><\/p>\n<p><font style=\"font-size: 12px\" face=\"Arial\"><\/p>\n<p><\/font><\/p>\n<p class=\"MsoNormal\" style=\"margin-top:.7pt;margin-right:.75pt;margin-bottom:0mm;margin-left:0mm;margin-bottom:.0001pt;text-align:justify;line-height:115%\"><font style=\"font-size: 12px\" face=\"Arial\"><span style=\"font-size: 11pt;line-height: 115%\" lang=\"RO\">f) nerespectarea secretului profesional sau a<br \/>\nconfiden\u0163ialit\u0103\u0163ii lucr\u0103rilor cu acest caracter;<\/span><\/font><\/p>\n<p><font style=\"font-size: 12px\" face=\"Arial\"><\/p>\n<p><\/font><\/p>\n<p class=\"MsoNormal\" style=\"margin-top:.7pt;margin-right:.75pt;margin-bottom:0mm;margin-left:0mm;margin-bottom:.0001pt;text-align:justify;line-height:115%\"><font style=\"font-size: 12px\" face=\"Arial\"><span style=\"font-size: 11pt;line-height: 115%\" lang=\"RO\">g) manifest\u0103ri care aduc atingere prestigiului autorit\u0103\u0163ii<br \/>\nsau institu\u0163iei publice \u00een care func\u0163ionarul public \u00ee\u015fi desf\u0103\u015foar\u0103 activitatea;<\/span><\/font><\/p>\n<p><font style=\"font-size: 12px\" face=\"Arial\"><\/p>\n<p><\/font><\/p>\n<p class=\"MsoNormal\" style=\"margin-top:.7pt;margin-right:.75pt;margin-bottom:0mm;margin-left:0mm;margin-bottom:.0001pt;text-align:justify;line-height:115%\"><font style=\"font-size: 12px\" face=\"Arial\"><span style=\"font-size: 11pt;line-height: 115%\" lang=\"RO\">h) desf\u0103\u015furarea \u00een timpul programului de lucru a unor<br \/>\nactivit\u0103\u0163i cu caracter politic;<\/span><\/font><\/p>\n<p><font style=\"font-size: 12px\" face=\"Arial\"><\/p>\n<p><\/font><\/p>\n<p class=\"MsoNormal\" style=\"margin-top:.7pt;margin-right:.75pt;margin-bottom:0mm;margin-left:0mm;margin-bottom:.0001pt;text-align:justify;line-height:115%\"><font style=\"font-size: 12px\" face=\"Arial\"><span style=\"font-size: 11pt;line-height: 115%\" lang=\"RO\">i) refuzul nemotivat de a \u00eendeplini atribu\u0163iile de serviciu;<\/span><\/font><\/p>\n<p><font style=\"font-size: 12px\" face=\"Arial\"><\/p>\n<p><\/font><\/p>\n<p class=\"MsoNormal\" style=\"margin-top:.7pt;margin-right:.75pt;margin-bottom:0mm;margin-left:0mm;margin-bottom:.0001pt;text-align:justify;line-height:115%\"><font style=\"font-size: 12px\" face=\"Arial\"><span style=\"font-size: 11pt;line-height: 115%\" lang=\"RO\">j) refuzul nemotivat de a se supune controlului de<br \/>\nmedicina muncii \u015fi expertizelor medicale ca urmare a recomand\u0103rilor formulate<br \/>\nde medicul de medicina muncii, conform prevederilor legale;<\/span><\/font><\/p>\n<p><font style=\"font-size: 12px\" face=\"Arial\"><\/p>\n<p><\/font><\/p>\n<p class=\"MsoNormal\" style=\"margin-top:.7pt;margin-right:.75pt;margin-bottom:0mm;margin-left:0mm;margin-bottom:.0001pt;text-align:justify;line-height:115%\"><font style=\"font-size: 12px\" face=\"Arial\"><span style=\"font-size: 11pt;line-height: 115%\" lang=\"RO\">k) \u00eenc\u0103lcarea prevederilor referitoare la \u00eendatoriri \u015fi<br \/>\ninterdic\u0163ii stabilite prin lege pentru func\u0163ionarii publici, altele dec\u00e2t cele<br \/>\nreferitoare la conflicte de interese \u015fi incompatibilit\u0103\u0163i;<\/span><\/font><\/p>\n<p><font style=\"font-size: 12px\" face=\"Arial\"><\/p>\n<p><\/font><\/p>\n<p class=\"MsoNormal\" style=\"margin-top:.7pt;margin-right:.75pt;margin-bottom:0mm;margin-left:0mm;margin-bottom:.0001pt;text-align:justify;line-height:115%\"><font style=\"font-size: 12px\" face=\"Arial\"><span style=\"font-size: 11pt;line-height: 115%\" lang=\"RO\">l) \u00eenc\u0103lcarea prevederilor referitoare la<br \/>\nincompatibilit\u0103\u0163i dac\u0103 func\u0163ionarul public nu ac\u0163ioneaz\u0103 pentru \u00eencetarea<br \/>\nacestora \u00eentr-un termen de 15 zile calendaristice de la data intervenirii<br \/>\ncazului de incompatibilitate;<\/span><\/font><\/p>\n<p><font style=\"font-size: 12px\" face=\"Arial\"><\/p>\n<p><\/font><\/p>\n<p class=\"MsoNormal\" style=\"margin-top:.7pt;margin-right:.75pt;margin-bottom:0mm;margin-left:0mm;margin-bottom:.0001pt;text-align:justify;line-height:115%\"><font style=\"font-size: 12px\" face=\"Arial\"><span style=\"font-size: 11pt;line-height: 115%\" lang=\"RO\">m) \u00eenc\u0103lcarea prevederilor referitoare la conflicte de<br \/>\ninterese;<\/span><\/font><\/p>\n<p><font style=\"font-size: 12px\" face=\"Arial\"><\/p>\n<p><\/font><\/p>\n<p class=\"MsoNormal\" style=\"margin-top:.7pt;margin-right:.75pt;margin-bottom:0mm;margin-left:0mm;margin-bottom:.0001pt;text-align:justify;line-height:115%\"><font style=\"font-size: 12px\" face=\"Arial\"><span style=\"font-size: 11pt;line-height: 115%\" lang=\"RO\">n) alte fapte prev\u0103zute ca abateri disciplinare \u00een actele<br \/>\nnormative din domeniul func\u0163iei publice \u015fi func\u0163ionarilor publici sau<br \/>\naplicabile acestora.<\/span><\/font><\/p>\n<p><font style=\"font-size: 12px\" face=\"Arial\"><\/p>\n<p><\/font><\/p>\n<p class=\"MsoNormal\" style=\"text-align:justify;line-height:150%\"><font style=\"font-size: 12px\" face=\"Arial\"><span style=\"font-size: 11pt;line-height: 150%\" lang=\"RO\">(3) Sanc\u0163iunile disciplinare sunt:<\/span><\/font><\/p>\n<p><font style=\"font-size: 12px\" face=\"Arial\"><\/p>\n<p><\/font><\/p>\n<p class=\"MsoNormal\" style=\"margin-left:14.4pt;text-align:justify;text-indent:-14.4pt;line-height:150%\"><font style=\"font-size: 12px\" face=\"Arial\"><span style=\"font-size: 11pt;line-height: 150%\" lang=\"RO\">a) mustrarea<br \/>\nscris\u0103;<\/span><\/font><\/p>\n<p><font style=\"font-size: 12px\" face=\"Arial\"><\/p>\n<p><\/font><\/p>\n<p class=\"MsoNormal\" style=\"text-align:justify;line-height:150%\"><font style=\"font-size: 12px\" face=\"Arial\"><span style=\"font-size: 11pt;line-height: 150%\" lang=\"RO\">b) diminuarea drepturilor salariale cu 5-20% pe o perioad\u0103<br \/>\nde p\u00e2n\u0103 la 3 luni;<\/span><\/font><\/p>\n<p><font style=\"font-size: 12px\" face=\"Arial\"><\/p>\n<p><\/font><\/p>\n<p class=\"MsoNormal\" style=\"margin-left:14.4pt;text-align:justify;text-indent:-14.4pt;line-height:150%\"><font style=\"font-size: 12px\" face=\"Arial\"><span style=\"font-size: 11pt;line-height: 150%\" lang=\"RO\">c) diminuarea<br \/>\ndrepturilor salariale cu 10-15% pe o perioad\u0103 de p\u00e2n\u0103 la un an de zile;<\/span><\/font><\/p>\n<p><font style=\"font-size: 12px\" face=\"Arial\"><\/p>\n<p><\/font><\/p>\n<p class=\"MsoNormal\" style=\"margin-left:14.4pt;text-align:justify;text-indent:-14.4pt;line-height:150%\"><font style=\"font-size: 12px\" face=\"Arial\"><span style=\"font-size: 11pt;line-height: 150%\" lang=\"RO\">d) suspendarea<br \/>\ndreptului de promovare pe o perioad\u0103 de la unu la 3 ani;<\/span><\/font><\/p>\n<p><font style=\"font-size: 12px\" face=\"Arial\"><\/p>\n<p><\/font><\/p>\n<p class=\"MsoNormal\" style=\"text-align:justify;line-height:150%\"><font style=\"font-size: 12px\" face=\"Arial\"><span style=\"font-size: 11pt;line-height: 150%\" lang=\"RO\">e) retrogradarea \u00eentr-o func\u0163ie public\u0103 de nivel inferior,<br \/>\npe o perioad\u0103 de p\u00e2n\u0103 la un an, cu diminuarea corespunz\u0103toare a salariului;<\/span><\/font><\/p>\n<p><font style=\"font-size: 12px\" face=\"Arial\"><\/p>\n<p><\/font><\/p>\n<p class=\"MsoNormal\" style=\"margin-left:14.4pt;text-align:justify;text-indent:-14.4pt;line-height:150%\"><font style=\"font-size: 12px\" face=\"Arial\"><span style=\"font-size: 11pt;line-height: 150%\" lang=\"RO\">f) destituirea din<br \/>\nfunc\u0163ia public\u0103.<\/span><\/font><\/p>\n<p><font style=\"font-size: 12px\" face=\"Arial\"><\/p>\n<p><\/font><\/p>\n<p class=\"MsoNormal\" style=\"text-align:justify;line-height:150%\"><font style=\"font-size: 12px\" face=\"Arial\"><span style=\"font-size: 11pt;line-height: 150%\" lang=\"RO\">(4) Ca urmare a s\u0103v\u00e2r\u015firii abaterilor disciplinare<br \/>\nprev\u0103zute la alin. (2), se aplic\u0103 urm\u0103toarele sanc\u0163iuni disciplinare:<\/span><\/font><\/p>\n<p><font style=\"font-size: 12px\" face=\"Arial\"><\/p>\n<p><\/font><\/p>\n<p class=\"MsoNormal\" style=\"text-align:justify;line-height:150%\"><font style=\"font-size: 12px\" face=\"Arial\"><span style=\"font-size: 11pt;line-height: 150%\" lang=\"RO\">a) pentru abaterile disciplinare prev\u0103zute la alin. (2)<br \/>\nlit. a), b) \u015fi d), se aplic\u0103 una dintre sanc\u0163iunile disciplinare prev\u0103zute la<br \/>\nalin. (3) lit. a) sau b);<\/span><\/font><\/p>\n<p><font style=\"font-size: 12px\" face=\"Arial\"><\/p>\n<p><\/font><\/p>\n<p class=\"MsoNormal\" style=\"text-align:justify;line-height:150%\"><font style=\"font-size: 12px\" face=\"Arial\"><span style=\"font-size: 11pt;line-height: 150%\" lang=\"RO\">b) pentru abaterile disciplinare prev\u0103zute la alin. (2)<br \/>\nlit. c) se aplic\u0103 una dintre sanc\u0163iunile disciplinare prev\u0103zute la alin. (3)<br \/>\nlit. b)-f);<\/span><\/font><\/p>\n<p><font style=\"font-size: 12px\" face=\"Arial\"><\/p>\n<p><\/font><\/p>\n<p class=\"MsoNormal\" style=\"text-align:justify;line-height:150%\"><font style=\"font-size: 12px\" face=\"Arial\"><span style=\"font-size: 11pt;line-height: 150%\" lang=\"RO\">c) pentru abaterile disciplinare prev\u0103zute la alin. (2)<br \/>\nlit. e)-h), se aplic\u0103 una dintre sanc\u0163iunile disciplinare prev\u0103zute la alin.<br \/>\n(3) lit. c)-f);<\/span><\/font><\/p>\n<p><font style=\"font-size: 12px\" face=\"Arial\"><\/p>\n<p><\/font><\/p>\n<p class=\"MsoNormal\" style=\"text-align:justify;line-height:150%\"><font style=\"font-size: 12px\" face=\"Arial\"><span style=\"font-size: 11pt;line-height: 150%\" lang=\"RO\">d) pentru abaterile disciplinare prev\u0103zute la alin. (2)<br \/>\nlit. i)-k) \u015fi m), se aplic\u0103 una dintre sanc\u0163iunile disciplinare prev\u0103zute la<br \/>\nalin. (3);<\/span><\/font><\/p>\n<p><font style=\"font-size: 12px\" face=\"Arial\"><\/p>\n<p><\/font><\/p>\n<p class=\"MsoNormal\" style=\"text-align:justify;line-height:150%\"><font style=\"font-size: 12px\" face=\"Arial\"><span style=\"font-size: 11pt;line-height: 150%\" lang=\"RO\">e) pentru abaterile disciplinare prev\u0103zute la alin. (2)<br \/>\nlit. l), se aplic\u0103 sanc\u0163iunea disciplinar\u0103 prev\u0103zut\u0103 la alin. (3) lit. f), \u00een<br \/>\ncondi\u0163iile prev\u0103zute la art. 520;<\/span><\/font><\/p>\n<p><font style=\"font-size: 12px\" face=\"Arial\"><\/p>\n<p><\/font><\/p>\n<p class=\"MsoNormal\" style=\"text-align:justify;line-height:150%\"><font style=\"font-size: 12px\" face=\"Arial\"><span style=\"font-size: 11pt;line-height: 150%\" lang=\"RO\">f) pentru abaterile disciplinare prev\u0103zute la alin. (2)<br \/>\nlit. n), se aplic\u0103 una dintre sanc\u0163iunile disciplinare prev\u0103zute la alin. (3).<\/span><span style=\"font-size: 11pt;line-height: 150%\" lang=\"RO\"><span>\u00a0\u00a0\u00a0\u00a0\u00a0\u00a0\u00a0\u00a0\u00a0\u00a0\u00a0\u00a0\u00a0\u00a0\u00a0\u00a0\u00a0\u00a0\u00a0\u00a0\u00a0\u00a0\u00a0\u00a0\u00a0<br \/>\n<\/span><\/span><span style=\"font-size: 11pt;line-height: 150%\" lang=\"RO\"><\/span><\/font><\/p>\n<p><font style=\"font-size: 12px\" face=\"Arial\"><\/p>\n<p><\/font><\/p>\n<p class=\"MsoNormal\" style=\"margin-right:.75pt;text-align:justify;line-height:150%\"><font style=\"font-size: 12px\" face=\"Arial\"><span style=\"font-size: 11pt;line-height: 150%;color: red\" lang=\"RO\"><span>\u00a0 <\/span><\/span><span style=\"font-size: 11pt;line-height: 150%\" lang=\"RO\">(5) Conform O.G. nr.137\/2020 privind prevenirea \u0219i<br \/>\nsanc\u021bionarea tuturor formelor de discriminare, rep., cu mofic\u0103rile \u0219i<br \/>\ncomplet\u0103rile ulterioare, constituie h\u0103r\u0163uire \u015fi se sanc\u0163ioneaz\u0103 contraven\u0163ional<br \/>\norice comportament pe criteriu de ras\u0103, na\u0163ionalitate, etnie, limb\u0103, religie,<br \/>\ncategorie social\u0103, convingeri, gen, orientare sexual\u0103, apartenen\u0163\u0103 la o<br \/>\ncategorie defavorizat\u0103, v\u00e2rst\u0103, handicap, statut de refugiat ori azilant sau<br \/>\norice alt criteriu care duce la crearea unui cadru intimidant, ostil, degradant<br \/>\nori ofensiv.<\/span><\/font><\/p>\n<p><font style=\"font-size: 12px\" face=\"Arial\"><\/p>\n<p><\/font><\/p>\n<p class=\"MsoNormal\" style=\"margin-right:.75pt;text-align:justify;line-height:115%\"><font style=\"font-size: 12px\" face=\"Arial\"><span style=\"font-size: 11pt;line-height: 115%\" lang=\"RO\">(5^1) Constituie h\u0103r\u0163uire moral\u0103 la locul de munc\u0103 \u015fi se<br \/>\nsanc\u0163ioneaz\u0103 disciplinar, contraven\u0163ional sau penal, dup\u0103 caz, orice<br \/>\ncomportament exercitat cu privire la un angajat de c\u0103tre un alt angajat care<br \/>\neste superiorul s\u0103u ierarhic, de c\u0103tre un subaltern \u015fi\/sau de c\u0103tre un angajat<br \/>\ncomparabil din punct de vedere ierarhic, \u00een leg\u0103tur\u0103 cu raporturile de munc\u0103,<br \/>\ncare s\u0103 aib\u0103 drept scop sau efect o deteriorare a condi\u0163iilor de munc\u0103 prin<br \/>\nlezarea drepturilor sau demnit\u0103\u0163ii angajatului, prin afectarea s\u0103n\u0103t\u0103\u0163ii sale<br \/>\nfizice sau mentale ori prin compromiterea viitorului profesional al acestuia,<br \/>\ncomportament manifestat \u00een oricare dintre urm\u0103toarele forme:<\/span><\/font><\/p>\n<p><font style=\"font-size: 12px\" face=\"Arial\"><\/p>\n<p><\/font><\/p>\n<p class=\"MsoNormal\" style=\"margin-top:4.35pt;margin-right:.75pt;margin-bottom:0mm;margin-left:0mm;margin-bottom:.0001pt;text-align:justify;line-height:115%\"><font style=\"font-size: 12px\" face=\"Arial\"><span style=\"font-size: 11pt;line-height: 115%\" lang=\"RO\">a) conduit\u0103 ostil\u0103 sau nedorit\u0103;<\/span><\/font><\/p>\n<p><font style=\"font-size: 12px\" face=\"Arial\"><\/p>\n<p><\/font><\/p>\n<p class=\"MsoNormal\" style=\"margin-top:4.35pt;margin-right:.75pt;margin-bottom:0mm;margin-left:0mm;margin-bottom:.0001pt;text-align:justify;line-height:115%\"><font style=\"font-size: 12px\" face=\"Arial\"><span style=\"font-size: 11pt;line-height: 115%\" lang=\"RO\">b) comentarii verbale;<\/span><\/font><\/p>\n<p><font style=\"font-size: 12px\" face=\"Arial\"><\/p>\n<p><\/font><\/p>\n<p class=\"MsoNormal\" style=\"margin-top:4.35pt;margin-right:.75pt;margin-bottom:0mm;margin-left:0mm;margin-bottom:.0001pt;text-align:justify;line-height:115%\"><font style=\"font-size: 12px\" face=\"Arial\"><span style=\"font-size: 11pt;line-height: 115%\" lang=\"RO\">c) ac\u0163iuni sau gesturi.<\/span><\/font><\/p>\n<p><font style=\"font-size: 12px\" face=\"Arial\"><\/p>\n<p><\/font><\/p>\n<p class=\"MsoNormal\" style=\"margin-top:4.35pt;margin-right:.75pt;margin-bottom:0mm;margin-left:0mm;margin-bottom:.0001pt;text-align:justify;line-height:115%\"><font style=\"font-size: 12px\" face=\"Arial\"><span style=\"font-size: 11pt;line-height: 115%\" lang=\"RO\">(5^2) Constituie h\u0103r\u0163uire moral\u0103 la locul de munc\u0103 orice<br \/>\ncomportament care, prin caracterul s\u0103u sistematic, poate aduce atingere<br \/>\ndemnit\u0103\u0163ii, integrit\u0103\u0163ii fizice ori mentale a unui angajat sau grup de<br \/>\nangaja\u0163i, pun\u00e2nd \u00een pericol munca lor sau degrad\u00e2nd climatul de lucru. \u00cen<br \/>\n\u00een\u0163elesul prezentei legi, stresul \u015fi epuizarea fizic\u0103 intr\u0103 sub inciden\u0163a<br \/>\nh\u0103r\u0163uirii morale la locul de munc\u0103.<\/span><\/font><\/p>\n<p><font style=\"font-size: 12px\" face=\"Arial\"><\/p>\n<p><\/font><\/p>\n<p class=\"MsoNormal\" style=\"margin-top:4.35pt;margin-right:.75pt;margin-bottom:0mm;margin-left:0mm;margin-bottom:.0001pt;text-align:justify;line-height:115%\"><font style=\"font-size: 12px\" face=\"Arial\"><span style=\"font-size: 11pt;line-height: 115%\" lang=\"RO\">(5^3) Fiecare angajat are dreptul la un loc de munc\u0103<br \/>\nlipsit de acte de h\u0103r\u0163uire moral\u0103. Niciun angajat nu va fi sanc\u0163ionat,<br \/>\nconcediat sau discriminat, direct sau indirect, inclusiv cu privire la<br \/>\nsalarizare, formare profesional\u0103, promovare sau prelungirea raporturilor de<br \/>\nmunc\u0103, din cauz\u0103 c\u0103 a fost supus sau c\u0103 a refuzat s\u0103 fie supus h\u0103r\u0163uirii morale<br \/>\nla locul de munc\u0103.<\/span><\/font><\/p>\n<p><font style=\"font-size: 12px\" face=\"Arial\"><\/p>\n<p><\/font><\/p>\n<p class=\"MsoNormal\" style=\"margin-top:4.35pt;margin-right:.75pt;margin-bottom:0mm;margin-left:21.3pt;margin-bottom:.0001pt;text-align:center;text-indent:-21.3pt;line-height:115%\" align=\"center\"><font style=\"font-size: 12px\" face=\"Arial\"><b><span style=\"font-size: 11pt;line-height: 115%\" lang=\"RO\">\u00a0<\/span><\/b><\/font><\/p>\n<p><font style=\"font-size: 12px\" face=\"Arial\"><\/p>\n<p><\/font><\/p>\n<p class=\"MsoNormal\" style=\"margin-top:4.35pt;margin-right:.75pt;margin-bottom:0mm;margin-left:21.3pt;margin-bottom:.0001pt;text-align:center;text-indent:-21.3pt;line-height:115%\" align=\"center\"><font style=\"font-size: 12px\" face=\"Arial\"><b><span style=\"font-size: 11pt;line-height: 115%\" lang=\"RO\">CAPITOLUL VI<\/span><\/b><b><span style=\"font-size: 11pt;line-height: 115%\" lang=\"RO\"><span>\u00a0\u00a0\u00a0\u00a0\u00a0\u00a0\u00a0\u00a0\u00a0\u00a0\u00a0\u00a0\u00a0\u00a0\u00a0\u00a0\u00a0\u00a0\u00a0\u00a0\u00a0\u00a0\u00a0\u00a0\u00a0\u00a0\u00a0\u00a0\u00a0\u00a0\u00a0\u00a0\u00a0\u00a0\u00a0\u00a0\u00a0 <\/span><u><span style=\"color:red\"><\/span><\/u><\/span><\/b><\/font><\/p>\n<p><font style=\"font-size: 12px\" face=\"Arial\"><\/p>\n<p><\/font><\/p>\n<p class=\"MsoNormal\" style=\"margin-top:4.35pt;margin-right:.75pt;margin-bottom:0mm;margin-left:21.3pt;margin-bottom:.0001pt;text-align:center;text-indent:-21.3pt;line-height:115%\" align=\"center\"><font style=\"font-size: 12px\" face=\"Arial\"><b><span style=\"font-size: 11pt;line-height: 115%\" lang=\"RO\"><span>\u00a0 <\/span>DISPOZITII FINALE<\/span><\/b><\/font><\/p>\n<p><font style=\"font-size: 12px\" face=\"Arial\"><\/p>\n<p><\/font><\/p>\n<p class=\"MsoNormal\" style=\"margin-top:0mm;margin-right:.75pt;margin-bottom:0mm;margin-left:21.3pt;margin-bottom:.0001pt;text-align:justify;text-indent:-21.3pt;line-height:115%\"><font style=\"font-size: 12px\" face=\"Arial\"><u><span style=\"font-size: 11pt;line-height: 115%;color: red\" lang=\"RO\"><span style=\"text-decoration:none\">\u00a0<\/span><\/span><\/u><\/font><\/p>\n<p><font style=\"font-size: 12px\" face=\"Arial\"><\/p>\n<p><\/font><\/p>\n<p class=\"MsoNormal\" style=\"margin-top:2.35pt;margin-right:.75pt;margin-bottom:0mm;margin-left:0mm;margin-bottom:.0001pt;text-align:justify;line-height:115%\"><font style=\"font-size: 12px\" face=\"Arial\"><span style=\"font-size: 11pt;line-height: 115%\" lang=\"RO\"><span>\u00a0<\/span><b>Art.33 <\/b><span style=\"color:red\"><span>\u00a0<\/span><\/span><b>Comisia<br \/>\nde disciplin\u0103<\/b><\/span><\/font><\/p>\n<p><font style=\"font-size: 12px\" face=\"Arial\"><\/p>\n<p><\/font><\/p>\n<p class=\"MsoNormal\" style=\"margin-top:2.35pt;margin-right:.75pt;margin-bottom:0mm;margin-left:0mm;margin-bottom:.0001pt;text-align:justify;line-height:115%\"><font style=\"font-size: 12px\" face=\"Arial\"><span style=\"font-size: 11pt;line-height: 115%\" lang=\"RO\">(1) \u00cen cadrul institu\u0163iilor publice se constituie comisii<br \/>\nde disciplin\u0103. Comisiile de disciplin\u0103 sunt structuri deliberative, f\u0103r\u0103<br \/>\npersonalitate juridic\u0103, independente \u00een exercitarea atribu\u0163iilor ce le revin,<br \/>\nav\u00e2nd urm\u0103toarea competen\u0163\u0103:<\/span><\/font><\/p>\n<p><font style=\"font-size: 12px\" face=\"Arial\"><\/p>\n<p><\/font><\/p>\n<p class=\"MsoNormal\" style=\"margin-top:2.35pt;margin-right:.75pt;margin-bottom:0mm;margin-left:0mm;margin-bottom:.0001pt;text-align:justify;line-height:115%\"><font style=\"font-size: 12px\" face=\"Arial\"><span style=\"font-size: 11pt;line-height: 115%\" lang=\"RO\">a) analizarea faptelor sesizate ca abateri disciplinare<br \/>\nprev\u0103zute la art. 32 alin. (2), cu excep\u0163ia abaterii disciplinare referitoare<br \/>\nla incompatibilit\u0103\u0163i prev\u0103zut\u0103 la art. 32 alin. (2) lit. l);<\/span><\/font><\/p>\n<p><font style=\"font-size: 12px\" face=\"Arial\"><\/p>\n<p><\/font><\/p>\n<p class=\"MsoNormal\" style=\"margin-top:2.35pt;margin-right:.75pt;margin-bottom:0mm;margin-left:0mm;margin-bottom:.0001pt;text-align:justify;line-height:115%\"><font style=\"font-size: 12px\" face=\"Arial\"><span style=\"font-size: 11pt;line-height: 115%\" lang=\"RO\">b) propunerea sanc\u0163iunii disciplinare aplicabile<br \/>\nfunc\u0163ionarilor publici;<\/span><\/font><\/p>\n<p><font style=\"font-size: 12px\" face=\"Arial\"><\/p>\n<p><\/font><\/p>\n<p class=\"MsoNormal\" style=\"margin-top:2.35pt;margin-right:.75pt;margin-bottom:0mm;margin-left:0mm;margin-bottom:.0001pt;text-align:justify;line-height:115%\"><font style=\"font-size: 12px\" face=\"Arial\"><span style=\"font-size: 11pt;line-height: 115%\" lang=\"RO\">c) sesizarea autorit\u0103\u0163ii responsabile de asigurarea<br \/>\nintegrit\u0103\u0163ii \u00een exercitarea demnit\u0103\u0163ilor \u015fi func\u0163iilor publice \u015fi prevenirea<br \/>\ncorup\u0163iei institu\u0163ionale pentru abaterea disciplinar\u0103 referitoare la<br \/>\nincompatibilit\u0103\u0163i prev\u0103zut\u0103 la art. 32 alin. (2) lit. l), \u00een vederea<br \/>\nverific\u0103rii \u015fi solu\u0163ion\u0103rii<span style=\"color:red\">.<\/span><\/span><\/font><\/p>\n<p><font style=\"font-size: 12px\" face=\"Arial\"><\/p>\n<p><\/font><\/p>\n<p class=\"MsoNormal\" style=\"margin-top:2.35pt;margin-right:.75pt;margin-bottom:0mm;margin-left:0mm;margin-bottom:.0001pt;text-align:justify;line-height:115%\"><font style=\"font-size: 12px\" face=\"Arial\"><span style=\"font-size: 11pt;line-height: 115%\" lang=\"RO\">(2) \u00cen cazul \u00een care sunt indicii c\u0103 fapta s\u0103v\u00e2r\u015fit\u0103 de<br \/>\nfunc\u0163ionarul public poate angaja r\u0103spunderea civil\u0103, penal\u0103 sau administrativ\u0103<br \/>\ncontraven\u0163ional\u0103 ori patrimonial\u0103, comisia de disciplin\u0103 are obliga\u0163ia de a lua<br \/>\nm\u0103surile legale ce se impun \u00een vederea sesiz\u0103rii organelor abilitate.<span style=\"color:red\"><\/span><\/span><\/font><\/p>\n<p><font style=\"font-size: 12px\" face=\"Arial\"><\/p>\n<p><\/font><\/p>\n<p class=\"MsoNormal\" style=\"margin-top:0mm;margin-right:.75pt;margin-bottom:0mm;margin-left:21.3pt;margin-bottom:.0001pt;text-align:justify;text-indent:-21.3pt;line-height:115%\"><font style=\"font-size: 12px\" face=\"Arial\"><span style=\"font-size: 11pt;line-height: 115%;color: red\" lang=\"RO\">\u00a0<\/span><\/font><\/p>\n<p><font style=\"font-size: 12px\" face=\"Arial\"><\/p>\n<p><\/font><\/p>\n<p class=\"MsoNormal\" style=\"margin-top:7.4pt;margin-right:.75pt;margin-bottom:0mm;margin-left:21.3pt;margin-bottom:.0001pt;text-align:justify;text-indent:-21.3pt;line-height:115%\"><font style=\"font-size: 12px\" face=\"Arial\"><b><span style=\"font-size: 11pt;line-height: 115%\" lang=\"RO\">Art. 34<\/span><\/b><b><span style=\"font-size: 11pt;line-height: 115%\" lang=\"RO\"><span>\u00a0 <\/span>Asigurarea<br \/>\npublicitatii <\/span><\/b><\/font><\/p>\n<p><font style=\"font-size: 12px\" face=\"Arial\"><\/p>\n<p><\/font><\/p>\n<p class=\"MsoNormal\" style=\"margin-top:4.7pt;margin-right:.75pt;margin-bottom:0mm;margin-left:0mm;margin-bottom:.0001pt;text-align:justify;line-height:115%\"><font style=\"font-size: 12px\" face=\"Arial\"><span style=\"font-size: 11pt;line-height: 115%\" lang=\"RO\">Prezentul Cod de conduit\u0103 etic\u0103 va fi adus la cuno\u0219tin\u021b\u0103<br \/>\ntuturor angaja\u021bilor <\/span><span style=\"font-size: 11pt;line-height: 115%\" lang=\"RO\">Agen\u021biei<br \/>\nJude\u021bene pentru Ocuparea For\u021bei de Munc\u0103 Arges<\/span><span style=\"font-size: 11pt;line-height: 115%\" lang=\"RO\">, iar angaja\u021bii sunt responsabili de respectarea acestuia.<\/span><\/font><\/p>\n<p><font style=\"font-size: 12px\" face=\"Arial\"><\/p>\n<p><\/font><\/p>\n<p class=\"MsoNormal\" style=\"margin-top:4.7pt;margin-right:.75pt;margin-bottom:0mm;margin-left:0mm;margin-bottom:.0001pt;text-align:justify;line-height:115%\"><font style=\"font-size: 12px\" face=\"Arial\"><span style=\"font-size: 11pt;line-height: 115%\" lang=\"RO\">P<\/span><span style=\"font-size: 11pt;line-height: 115%\" lang=\"RO\">entru<br \/>\ninformarea cet\u0103\u021benilor, Codul de conduit\u0103 etic\u0103 va fi postat pe site- ul AJOFM Arges.<\/span><span style=\"font-size: 11pt;line-height: 115%\" lang=\"RO\"><\/span><\/font><\/p>\n<p><font style=\"font-size: 12px\" face=\"Arial\"><\/p>\n<p><\/font><\/p>\n<p class=\"MsoNormal\" style=\"margin-top:0mm;margin-right:.75pt;margin-bottom:0mm;margin-left:21.3pt;margin-bottom:.0001pt;text-align:justify;text-indent:-21.3pt;line-height:115%\"><font style=\"font-size: 12px\" face=\"Arial\"><span style=\"font-size: 11pt;line-height: 115%;color: red\" lang=\"RO\">\u00a0<\/span><\/font><\/p>\n<p><font style=\"font-size: 12px\" face=\"Arial\"><\/p>\n<p><\/font><\/p>\n<p class=\"MsoNormal\" style=\"text-align:justify\"><font style=\"font-size: 12px\" face=\"Arial\"><span style=\"font-size: 11pt;color: red\" lang=\"RO\">\u00a0<\/span><\/font><\/p>\n<p><font style=\"font-size: 12px\" face=\"Arial\"><\/p>\n<p><\/font><\/p>\n","protected":false},"excerpt":{"rendered":"<p>Codul de etica si conduita profesionala actualizat<\/p><\/p>\n","protected":false},"author":0,"featured_media":0,"comment_status":"closed","ping_status":"closed","sticky":false,"template":"","format":"standard","meta":{"footnotes":""},"categories":[8],"tags":[],"class_list":["post-10","post","type-post","status-publish","format-standard","hentry","category-cod-etic-deontologic-de-conduita"],"_links":{"self":[{"href":"https:\/\/www.anofm.ro\/arges\/wp-json\/wp\/v2\/posts\/10","targetHints":{"allow":["GET"]}}],"collection":[{"href":"https:\/\/www.anofm.ro\/arges\/wp-json\/wp\/v2\/posts"}],"about":[{"href":"https:\/\/www.anofm.ro\/arges\/wp-json\/wp\/v2\/types\/post"}],"replies":[{"embeddable":true,"href":"https:\/\/www.anofm.ro\/arges\/wp-json\/wp\/v2\/comments?post=10"}],"version-history":[{"count":0,"href":"https:\/\/www.anofm.ro\/arges\/wp-json\/wp\/v2\/posts\/10\/revisions"}],"wp:attachment":[{"href":"https:\/\/www.anofm.ro\/arges\/wp-json\/wp\/v2\/media?parent=10"}],"wp:term":[{"taxonomy":"category","embeddable":true,"href":"https:\/\/www.anofm.ro\/arges\/wp-json\/wp\/v2\/categories?post=10"},{"taxonomy":"post_tag","embeddable":true,"href":"https:\/\/www.anofm.ro\/arges\/wp-json\/wp\/v2\/tags?post=10"}],"curies":[{"name":"wp","href":"https:\/\/api.w.org\/{rel}","templated":true}]}}