{"id":5559,"date":"2025-09-23T09:36:06","date_gmt":"2025-09-23T06:36:06","guid":{"rendered":"https:\/\/www.anofm.ro\/arad\/?p=5559"},"modified":"2025-09-24T13:30:23","modified_gmt":"2025-09-24T10:30:23","slug":"bursa-locurilor-de-munca-chisineu-cris-26-09-2025","status":"publish","type":"post","link":"https:\/\/www.anofm.ro\/arad\/bursa-locurilor-de-munca-chisineu-cris-26-09-2025\/","title":{"rendered":"BURSA LOCURILOR DE MUNC\u0102 CHI\u0218INEU-CRI\u0218 26.09.2025"},"content":{"rendered":"\n<p>AGEN\u0162IA JUDE\u0162EAN\u0102 PENTRU OCUPAREA FOR\u0162EI DE MUNC\u0102 ARAD&nbsp; organizeaz\u0103 <em>\u201c <strong>Bursa locurilor de<\/strong> <strong>munc\u0103\u201d,<\/strong>&nbsp; <\/em>la Casa de Cultur\u0103 CHI\u0218INEU-CRI\u0218, str. Bicazului, nr.8<em>, \u00een data de <strong>26.09.2025 <\/strong>cu \u00eencepere de la ora 9&nbsp;:00.<\/em><\/p>\n\n\n\n<p><\/p>\n\n\n\n<p><em>Aceast eveniment se \u00eenscrie \u00een ansamblul de m\u0103suri prin care dorim s\u0103&nbsp; cre\u015ftem \u015fansele de ocupare&nbsp; pe pia\u0163a muncii a \u0219omerilor si a&nbsp; persoanelor aflate \u00een c\u0103utarea unui loc de munc\u0103.<\/em><\/p>\n\n\n\n<p><\/p>\n\n\n\n<p><em>Pe lang\u0103 medierea direct\u0103 \u00een cadrul bursei \u00eentre cererea \u015fi oferta de locuri de munc\u0103, dintre \u0219omeri, persoane aflate \u00een c\u0103utarea unui loc de munc\u0103 \u015fi angajatori, ac\u0163iunea urm\u0103re\u015fte&nbsp; informarea privind egalitatea de \u015fanse pe pia\u0163a muncii ,&nbsp; prezentarea cursurilor la care pot participa, dar \u015fi a celorlalte servicii de stimulare a ocup\u0103rii de care pot beneficia gratuit prin intermediul Serviciului Public de Ocupare.<\/em><\/p>\n","protected":false},"excerpt":{"rendered":"<p>AGEN\u0162IA JUDE\u0162EAN\u0102 PENTRU OCUPAREA FOR\u0162EI DE MUNC\u0102 ARAD&nbsp; organizeaz\u0103 \u201c Bursa locurilor de munc\u0103\u201d,&nbsp; la Casa de Cultur\u0103 CHI\u0218INEU-CRI\u0218, str. Bicazului, nr.8, \u00een data de 26.09.2025 cu \u00eencepere de la<\/p>\n","protected":false},"author":323,"featured_media":5560,"comment_status":"closed","ping_status":"closed","sticky":false,"template":"","format":"standard","meta":{"footnotes":""},"categories":[6,9,32,31],"tags":[],"class_list":["post-5559","post","type-post","status-publish","format-standard","has-post-thumbnail","hentry","category-burse-ale-locurilor-de-munca","category-comunicate-de-presa","category-ultimele-noutati","category-ultimele-noutati-slider"],"_links":{"self":[{"href":"https:\/\/www.anofm.ro\/arad\/wp-json\/wp\/v2\/posts\/5559","targetHints":{"allow":["GET"]}}],"collection":[{"href":"https:\/\/www.anofm.ro\/arad\/wp-json\/wp\/v2\/posts"}],"about":[{"href":"https:\/\/www.anofm.ro\/arad\/wp-json\/wp\/v2\/types\/post"}],"author":[{"embeddable":true,"href":"https:\/\/www.anofm.ro\/arad\/wp-json\/wp\/v2\/users\/323"}],"replies":[{"embeddable":true,"href":"https:\/\/www.anofm.ro\/arad\/wp-json\/wp\/v2\/comments?post=5559"}],"version-history":[{"count":1,"href":"https:\/\/www.anofm.ro\/arad\/wp-json\/wp\/v2\/posts\/5559\/revisions"}],"predecessor-version":[{"id":5561,"href":"https:\/\/www.anofm.ro\/arad\/wp-json\/wp\/v2\/posts\/5559\/revisions\/5561"}],"wp:featuredmedia":[{"embeddable":true,"href":"https:\/\/www.anofm.ro\/arad\/wp-json\/wp\/v2\/media\/5560"}],"wp:attachment":[{"href":"https:\/\/www.anofm.ro\/arad\/wp-json\/wp\/v2\/media?parent=5559"}],"wp:term":[{"taxonomy":"category","embeddable":true,"href":"https:\/\/www.anofm.ro\/arad\/wp-json\/wp\/v2\/categories?post=5559"},{"taxonomy":"post_tag","embeddable":true,"href":"https:\/\/www.anofm.ro\/arad\/wp-json\/wp\/v2\/tags?post=5559"}],"curies":[{"name":"wp","href":"https:\/\/api.w.org\/{rel}","templated":true}]}}