{"id":5471,"date":"2025-08-19T08:19:43","date_gmt":"2025-08-19T05:19:43","guid":{"rendered":"https:\/\/www.anofm.ro\/arad\/?p=5471"},"modified":"2025-08-19T08:19:43","modified_gmt":"2025-08-19T05:19:43","slug":"brosura-proiect-formactiv-formare-si-munca-activa","status":"publish","type":"post","link":"https:\/\/www.anofm.ro\/arad\/brosura-proiect-formactiv-formare-si-munca-activa\/","title":{"rendered":"Bro\u0219ur\u0103 proiect FORMACTIV- Formare \u0219i munc\u0103 activ\u0103"},"content":{"rendered":"\n<p><\/p>\n\n\n\n<p><\/p>\n\n\n\n<p>Angajatorii care \u00eencadreaz\u0103 persoane \u00eenregistrate la AJOFM Arad sunt sprijini\u021bi financiar prin proiectul FORMACTIV- Formare \u0219i munc\u0103 activ\u0103<\/p>\n\n\n\n<div class=\"file-list-wrap\"><p class=\"h4\">Documente desc\u0103rcabile<\/p><ul class=\"file-list\">\n<li><a href=\"https:\/\/www.anofm.ro\/arad\/wp-content\/uploads\/sites\/4\/2025\/08\/brosura.pdf\" download>brosura.pdf<\/a><\/li>\n<\/ul><\/div>\n","protected":false},"excerpt":{"rendered":"<p>Angajatorii care \u00eencadreaz\u0103 persoane \u00eenregistrate la AJOFM Arad sunt sprijini\u021bi financiar prin proiectul FORMACTIV- Formare \u0219i munc\u0103 activ\u0103<\/p>\n","protected":false},"author":323,"featured_media":0,"comment_status":"closed","ping_status":"closed","sticky":false,"template":"","format":"standard","meta":{"footnotes":""},"categories":[20],"tags":[],"class_list":["post-5471","post","type-post","status-publish","format-standard","hentry","category-proiecte"],"_links":{"self":[{"href":"https:\/\/www.anofm.ro\/arad\/wp-json\/wp\/v2\/posts\/5471","targetHints":{"allow":["GET"]}}],"collection":[{"href":"https:\/\/www.anofm.ro\/arad\/wp-json\/wp\/v2\/posts"}],"about":[{"href":"https:\/\/www.anofm.ro\/arad\/wp-json\/wp\/v2\/types\/post"}],"author":[{"embeddable":true,"href":"https:\/\/www.anofm.ro\/arad\/wp-json\/wp\/v2\/users\/323"}],"replies":[{"embeddable":true,"href":"https:\/\/www.anofm.ro\/arad\/wp-json\/wp\/v2\/comments?post=5471"}],"version-history":[{"count":1,"href":"https:\/\/www.anofm.ro\/arad\/wp-json\/wp\/v2\/posts\/5471\/revisions"}],"predecessor-version":[{"id":5473,"href":"https:\/\/www.anofm.ro\/arad\/wp-json\/wp\/v2\/posts\/5471\/revisions\/5473"}],"wp:attachment":[{"href":"https:\/\/www.anofm.ro\/arad\/wp-json\/wp\/v2\/media?parent=5471"}],"wp:term":[{"taxonomy":"category","embeddable":true,"href":"https:\/\/www.anofm.ro\/arad\/wp-json\/wp\/v2\/categories?post=5471"},{"taxonomy":"post_tag","embeddable":true,"href":"https:\/\/www.anofm.ro\/arad\/wp-json\/wp\/v2\/tags?post=5471"}],"curies":[{"name":"wp","href":"https:\/\/api.w.org\/{rel}","templated":true}]}}