{"id":5051,"date":"2025-05-09T12:57:06","date_gmt":"2025-05-09T09:57:06","guid":{"rendered":"https:\/\/www.anofm.ro\/arad\/?p=5051"},"modified":"2025-05-27T11:51:09","modified_gmt":"2025-05-27T08:51:09","slug":"bursa-generala-a-locurilor-de-munca-23-05-2025","status":"publish","type":"post","link":"https:\/\/www.anofm.ro\/arad\/bursa-generala-a-locurilor-de-munca-23-05-2025\/","title":{"rendered":"BURSA GENERAL\u0102 A LOCURILOR DE MUNC\u0102 23.05.2025"},"content":{"rendered":"\n<p>AJOFM ARAD organizeaz\u0103 <strong>Bursa general\u0103 a locurilor de munc\u0103,<\/strong> \u00een data de <strong>23<\/strong><strong>.05.2025<\/strong>, \u00eencep\u00e2nd cu <strong>orele 9&nbsp;:00<\/strong>&nbsp; la sediul AJOFM ARAD.&nbsp;<\/p>\n\n\n\n<p>Bursa general\u0103 a locurilor de munc\u0103 va avea loc la nivel na\u021bional la aceea\u0219i dat\u0103 \u015fi se adreseaz\u0103 tuturor persoanelor aflate \u00een c\u0103utarea unui loc de munc\u0103 sau celor care doresc s\u0103 se reorienteze profesional.<\/p>\n\n\n\n<p>Av\u00e2nd \u00een vedere faptul c\u0103 luna Mai este&nbsp; luna promov\u0103rii Economiei sociale, \u00een cadrul bursei vor fi oferite informa\u021bii legate de acest sector.<\/p>\n\n\n\n<p>Date de contact pentru angajatorii interesa\u021bi de participarea la eveniment : Ajofm Arad, str. C\u0103lug\u0103reni nr. 1 A, tel : 0257\/211230, e-mail: ajofm.ar@anofm.gov.ro<\/p>\n\n\n\n<div class=\"file-list-wrap\"><p class=\"h4\">Documente desc\u0103rcabile<\/p><ul class=\"file-list\">\n<li><a href=\"https:\/\/www.anofm.ro\/arad\/wp-content\/uploads\/sites\/4\/2025\/05\/COMUNICAT-BURSA-GENERALA-23.05.2025.pdf\" download>COMUNICAT-BURSA-GENERALA-23.05.2025.pdf<\/a><\/li>\n<\/ul><\/div>\n","protected":false},"excerpt":{"rendered":"<p>AJOFM ARAD organizeaz\u0103 Bursa general\u0103 a locurilor de munc\u0103, \u00een data de 23.05.2025, \u00eencep\u00e2nd cu orele 9&nbsp;:00&nbsp; la sediul AJOFM ARAD.&nbsp; Bursa general\u0103 a locurilor de munc\u0103 va avea loc<\/p>\n","protected":false},"author":323,"featured_media":5049,"comment_status":"closed","ping_status":"closed","sticky":false,"template":"","format":"standard","meta":{"footnotes":""},"categories":[6,9],"tags":[],"class_list":["post-5051","post","type-post","status-publish","format-standard","has-post-thumbnail","hentry","category-burse-ale-locurilor-de-munca","category-comunicate-de-presa"],"_links":{"self":[{"href":"https:\/\/www.anofm.ro\/arad\/wp-json\/wp\/v2\/posts\/5051","targetHints":{"allow":["GET"]}}],"collection":[{"href":"https:\/\/www.anofm.ro\/arad\/wp-json\/wp\/v2\/posts"}],"about":[{"href":"https:\/\/www.anofm.ro\/arad\/wp-json\/wp\/v2\/types\/post"}],"author":[{"embeddable":true,"href":"https:\/\/www.anofm.ro\/arad\/wp-json\/wp\/v2\/users\/323"}],"replies":[{"embeddable":true,"href":"https:\/\/www.anofm.ro\/arad\/wp-json\/wp\/v2\/comments?post=5051"}],"version-history":[{"count":1,"href":"https:\/\/www.anofm.ro\/arad\/wp-json\/wp\/v2\/posts\/5051\/revisions"}],"predecessor-version":[{"id":5053,"href":"https:\/\/www.anofm.ro\/arad\/wp-json\/wp\/v2\/posts\/5051\/revisions\/5053"}],"wp:featuredmedia":[{"embeddable":true,"href":"https:\/\/www.anofm.ro\/arad\/wp-json\/wp\/v2\/media\/5049"}],"wp:attachment":[{"href":"https:\/\/www.anofm.ro\/arad\/wp-json\/wp\/v2\/media?parent=5051"}],"wp:term":[{"taxonomy":"category","embeddable":true,"href":"https:\/\/www.anofm.ro\/arad\/wp-json\/wp\/v2\/categories?post=5051"},{"taxonomy":"post_tag","embeddable":true,"href":"https:\/\/www.anofm.ro\/arad\/wp-json\/wp\/v2\/tags?post=5051"}],"curies":[{"name":"wp","href":"https:\/\/api.w.org\/{rel}","templated":true}]}}