{"id":3758,"date":"2023-10-09T00:00:00","date_gmt":"2023-10-08T21:00:00","guid":{"rendered":"https:\/\/www.anofm.ro\/arad\/bursa-muncii-pentru-absolventi-27-10-2023\/"},"modified":"2024-10-24T08:31:23","modified_gmt":"2024-10-24T05:31:23","slug":"bursa-muncii-pentru-absolventi-27-10-2023","status":"publish","type":"post","link":"https:\/\/www.anofm.ro\/arad\/bursa-muncii-pentru-absolventi-27-10-2023\/","title":{"rendered":"Bursa muncii pentru absolven\u021bi 27.10.2023"},"content":{"rendered":"\n<p class=\"MsoBodyTextIndent has-medium-font-size\"><span lang=\"FR\"><span style=\"font-size: 14px;font-family: Trebuchet MS\">AJOFM ARAD organizeaz\u0103 <b>Bursa locurilor de munc\u0103 destinat\u0103 absolven\u021bilor<br>de \u00eenv\u0103\u021b\u0103m\u00e2nt<\/b> \u00een data de <b>27.10.2023<\/b>, \u00eencep\u00e2nd cu <b>orele 9:00,<\/b>&nbsp; la sediul AJOFM ARAD.&nbsp; <\/span><\/span><\/p>\n\n\n\n<p class=\"MsoNormal has-medium-font-size\"><span lang=\"EN-US\" style=\"line-height: 115%\"><span style=\"font-size: 14px;font-family: Trebuchet MS\">&nbsp;<\/span><\/span><\/p>\n\n\n\n<p class=\"MsoNormal has-medium-font-size\"><span style=\"font-size: 14px;font-family: Trebuchet MS\"><span lang=\"EN-US\">Bursa locurilor de munc\u0103 pentru absolven\u021bi va avea loc <\/span><span lang=\"RO\">la nivel na\u021bional<\/span> <span lang=\"EN-US\">la aceea\u0219i dat\u0103 <\/span><span lang=\"RO\">\u015fi se adreseaz\u0103 \u00a0\u00een<br>principal <\/span><span class=\"x193iq5w\"><span lang=\"EN-US\">absolven\u021bilor de \u00eenv\u0103\u021b\u0103m\u00e2nt , av\u00e2nd\u00a0 drept scop <\/span><\/span>facilitarea accesului acestora la posturile<br>disponibile \u0219i interac\u021biunea direct\u0103 cu agen\u021bii economici.<\/span><\/p>\n\n\n\n<p class=\"MsoBodyTextIndent has-medium-font-size\"><span style=\"font-size: 14px;font-family: Trebuchet MS\">&nbsp;<\/span><\/p>\n\n\n\n<p class=\"MsoNormal has-medium-font-size\"><span style=\"font-size: 14px;font-family: Trebuchet MS\">La eveniment pot participa \u0219i celelalte categorii de persoane care nu au loc de munc\u0103 sau care doresc schimbarea acestuia.<\/span><\/p>\n","protected":false},"excerpt":{"rendered":"<p>Bursa muncii pentru absolven\u021bi 27.10.2023<\/p>\n","protected":false},"author":0,"featured_media":0,"comment_status":"closed","ping_status":"closed","sticky":false,"template":"","format":"standard","meta":{"footnotes":""},"categories":[6],"tags":[],"class_list":["post-3758","post","type-post","status-publish","format-standard","hentry","category-burse-ale-locurilor-de-munca"],"_links":{"self":[{"href":"https:\/\/www.anofm.ro\/arad\/wp-json\/wp\/v2\/posts\/3758","targetHints":{"allow":["GET"]}}],"collection":[{"href":"https:\/\/www.anofm.ro\/arad\/wp-json\/wp\/v2\/posts"}],"about":[{"href":"https:\/\/www.anofm.ro\/arad\/wp-json\/wp\/v2\/types\/post"}],"replies":[{"embeddable":true,"href":"https:\/\/www.anofm.ro\/arad\/wp-json\/wp\/v2\/comments?post=3758"}],"version-history":[{"count":1,"href":"https:\/\/www.anofm.ro\/arad\/wp-json\/wp\/v2\/posts\/3758\/revisions"}],"predecessor-version":[{"id":4354,"href":"https:\/\/www.anofm.ro\/arad\/wp-json\/wp\/v2\/posts\/3758\/revisions\/4354"}],"wp:attachment":[{"href":"https:\/\/www.anofm.ro\/arad\/wp-json\/wp\/v2\/media?parent=3758"}],"wp:term":[{"taxonomy":"category","embeddable":true,"href":"https:\/\/www.anofm.ro\/arad\/wp-json\/wp\/v2\/categories?post=3758"},{"taxonomy":"post_tag","embeddable":true,"href":"https:\/\/www.anofm.ro\/arad\/wp-json\/wp\/v2\/tags?post=3758"}],"curies":[{"name":"wp","href":"https:\/\/api.w.org\/{rel}","templated":true}]}}