{"id":3757,"date":"2023-04-24T00:00:00","date_gmt":"2023-04-23T21:00:00","guid":{"rendered":"https:\/\/www.anofm.ro\/arad\/bursa-generala-a-locurilor-de-munca-12-05-2023-2\/"},"modified":"2024-10-24T10:26:06","modified_gmt":"2024-10-24T07:26:06","slug":"bursa-generala-a-locurilor-de-munca-12-05-2023-2","status":"publish","type":"post","link":"https:\/\/www.anofm.ro\/arad\/bursa-generala-a-locurilor-de-munca-12-05-2023-2\/","title":{"rendered":"Bursa general\u0103 a locurilor de munc\u0103 12.05.2023"},"content":{"rendered":"\n<p class=\"MsoBodyTextIndent\"><span lang=\"FR\" style=\"font-size: 14.0pt\">AJOFM ARAD organizeaz\u0103, <b>Bursa general\u0103 a locurilor de munc\u0103,<\/b> \u00een data de <b>12<\/b><b>.05.2023<\/b>, \u00eencep\u00e2nd cu <b>orele 9&nbsp;:00<\/b>&nbsp; la sediul AJOFM ARAD.&nbsp; <\/span><\/p>\n\n\n\n<p class=\"MsoNormal\"><span lang=\"EN-US\" style=\"font-size: 14.0pt;line-height: 115%\">&nbsp;<\/span><\/p>\n\n\n\n<p class=\"MsoBodyTextIndent\"><span lang=\"FR\" style=\"font-size: 14.0pt\">Bursa general\u0103 a locurilor de munc\u0103 va avea loc <\/span><span lang=\"RO\" style=\"font-size: 14.0pt\">la nivel na\u021bional<\/span> <span lang=\"FR\" style=\"font-size: 14.0pt\">la aceea\u0219i dat\u0103 <\/span><span lang=\"RO\" style=\"font-size: 14.0pt\">\u015fi se adreseaz\u0103 tuturor persoanelor aflate \u00een c\u0103utarea unui loc de munc\u0103 sau celor care doresc s\u0103 se reorienteze profesional.<\/span><\/p>\n\n\n\n<p class=\"MsoNormal\"><span style=\"font-size: 14.0pt\">&nbsp;<\/span><\/p>\n\n\n\n<p class=\"MsoNormal\"><span lang=\"RO\" style=\"font-size: 14.0pt;line-height: 115%\">Obiectivul principal al evenimentului \u00eel reprezint\u0103 cre\u0219terea gradului de ocupare, prin<br>corelarea cererii cu oferta de locuri de munc\u0103, exist\u00e2nd posibilitatea interac\u021biunii directe dintre angajator \u0219i solicitant.c\u0163iunii directe dintre angajator \u015fi solicitant.<\/span><\/p>\n\n\n\n<p class=\"MsoNormal\"><span lang=\"RO\" style=\"font-size: 14.0pt;line-height: 115%\"><br>Angajatorii care dispun de posturi vacante \u0219i sunt interesa\u021bi s\u0103 participe la<br>Bursa General\u0103 a Locurilor de Munc\u0103 pot depune situa\u0163ia privind locurile de<br>munc\u0103 vacante ce vor fi oferite \u00een cadrul bursei, la agen\u0163iile pentru ocuparea<br>for\u0163ei de munc\u0103 sau le pot trasmite pe adresele de e-mail ale institu\u0163iilor<\/span><\/p>\n\n\n\n<p class=\"MsoNormal\"><span lang=\"RO\" style=\"font-size: 14.0pt\">&nbsp;<\/span><\/p>\n","protected":false},"excerpt":{"rendered":"<p>Bursa general\u0103 a locurilor de munc\u0103 12.05.2023<\/p>\n","protected":false},"author":0,"featured_media":0,"comment_status":"closed","ping_status":"closed","sticky":false,"template":"","format":"standard","meta":{"footnotes":""},"categories":[6],"tags":[],"class_list":["post-3757","post","type-post","status-publish","format-standard","hentry","category-burse-ale-locurilor-de-munca"],"_links":{"self":[{"href":"https:\/\/www.anofm.ro\/arad\/wp-json\/wp\/v2\/posts\/3757","targetHints":{"allow":["GET"]}}],"collection":[{"href":"https:\/\/www.anofm.ro\/arad\/wp-json\/wp\/v2\/posts"}],"about":[{"href":"https:\/\/www.anofm.ro\/arad\/wp-json\/wp\/v2\/types\/post"}],"replies":[{"embeddable":true,"href":"https:\/\/www.anofm.ro\/arad\/wp-json\/wp\/v2\/comments?post=3757"}],"version-history":[{"count":1,"href":"https:\/\/www.anofm.ro\/arad\/wp-json\/wp\/v2\/posts\/3757\/revisions"}],"predecessor-version":[{"id":4350,"href":"https:\/\/www.anofm.ro\/arad\/wp-json\/wp\/v2\/posts\/3757\/revisions\/4350"}],"wp:attachment":[{"href":"https:\/\/www.anofm.ro\/arad\/wp-json\/wp\/v2\/media?parent=3757"}],"wp:term":[{"taxonomy":"category","embeddable":true,"href":"https:\/\/www.anofm.ro\/arad\/wp-json\/wp\/v2\/categories?post=3757"},{"taxonomy":"post_tag","embeddable":true,"href":"https:\/\/www.anofm.ro\/arad\/wp-json\/wp\/v2\/tags?post=3757"}],"curies":[{"name":"wp","href":"https:\/\/api.w.org\/{rel}","templated":true}]}}