{"id":3754,"date":"2022-05-09T00:00:00","date_gmt":"2022-05-08T21:00:00","guid":{"rendered":"https:\/\/www.anofm.ro\/arad\/bursa-generala-a-locurilor-de-munca-20-05-2022\/"},"modified":"2024-10-24T08:28:57","modified_gmt":"2024-10-24T05:28:57","slug":"bursa-generala-a-locurilor-de-munca-20-05-2022","status":"publish","type":"post","link":"https:\/\/www.anofm.ro\/arad\/bursa-generala-a-locurilor-de-munca-20-05-2022\/","title":{"rendered":"Bursa general\u0103 a locurilor de munc\u0103 20.05.2022"},"content":{"rendered":"\n<p class=\"MsoBodyTextIndent\"><span lang=\"FR\">AJOFM ARAD organizeaz\u0103 <b>Bursa general\u0103 a locurilor de munc\u0103<\/b> \u00een data de<b> 20.05.2022<\/b>, <\/span><span lang=\"RO\">la sediul AJOFM Arad<b>, str. C\u0103lug\u0103reni nr. 1 A<\/b>, cu \u00eencepere de la <b>orele 09\u00a0:00<\/b><\/span><span lang=\"FR\">.<br><\/span><\/p>\n\n\n\n<p class=\"MsoBodyTextIndent\"><span lang=\"FR\">&nbsp;<\/span><\/p>\n\n\n\n<p class=\"MsoBodyTextIndent\"><span lang=\"FR\">Bursa general\u0103 a locurilor de munc\u0103 va avea loc \u00een <\/span><span lang=\"RO\">aceea\u0219i zi la nivel na\u021bional, \u00een fiecare <\/span>agen\u0163ie teritorial\u0103 pentru ocuparea for\u0163ei de munc\u0103 <span lang=\"RO\">\u015fi se adreseaz\u0103 tuturor persoanelor aflate \u00een c\u0103utarea unui loc de munc\u0103 sau celor care doresc s\u0103 se reorienteze profesional.<\/span><\/p>\n\n\n\n<p><\/p>\n","protected":false},"excerpt":{"rendered":"<p>Bursa general\u0103 a locurilor de munc\u0103 20.05.2022<\/p>\n","protected":false},"author":0,"featured_media":0,"comment_status":"closed","ping_status":"closed","sticky":false,"template":"","format":"standard","meta":{"footnotes":""},"categories":[6],"tags":[],"class_list":["post-3754","post","type-post","status-publish","format-standard","hentry","category-burse-ale-locurilor-de-munca"],"_links":{"self":[{"href":"https:\/\/www.anofm.ro\/arad\/wp-json\/wp\/v2\/posts\/3754","targetHints":{"allow":["GET"]}}],"collection":[{"href":"https:\/\/www.anofm.ro\/arad\/wp-json\/wp\/v2\/posts"}],"about":[{"href":"https:\/\/www.anofm.ro\/arad\/wp-json\/wp\/v2\/types\/post"}],"replies":[{"embeddable":true,"href":"https:\/\/www.anofm.ro\/arad\/wp-json\/wp\/v2\/comments?post=3754"}],"version-history":[{"count":2,"href":"https:\/\/www.anofm.ro\/arad\/wp-json\/wp\/v2\/posts\/3754\/revisions"}],"predecessor-version":[{"id":4352,"href":"https:\/\/www.anofm.ro\/arad\/wp-json\/wp\/v2\/posts\/3754\/revisions\/4352"}],"wp:attachment":[{"href":"https:\/\/www.anofm.ro\/arad\/wp-json\/wp\/v2\/media?parent=3754"}],"wp:term":[{"taxonomy":"category","embeddable":true,"href":"https:\/\/www.anofm.ro\/arad\/wp-json\/wp\/v2\/categories?post=3754"},{"taxonomy":"post_tag","embeddable":true,"href":"https:\/\/www.anofm.ro\/arad\/wp-json\/wp\/v2\/tags?post=3754"}],"curies":[{"name":"wp","href":"https:\/\/api.w.org\/{rel}","templated":true}]}}